{"id":2770,"date":"2024-10-04T10:32:09","date_gmt":"2024-10-04T14:32:09","guid":{"rendered":"https:\/\/agromt.news\/?p=2770"},"modified":"2024-10-04T10:32:09","modified_gmt":"2024-10-04T14:32:09","slug":"soja-projecao-mundial-deve-chegar-a-4245-milhoes-de-toneladas-em-2024-25","status":"publish","type":"post","link":"https:\/\/agromt.news\/?p=2770","title":{"rendered":"Soja: proje\u00e7\u00e3o mundial deve chegar a 424,5 milh\u00f5es de toneladas em 2024\/25"},"content":{"rendered":"<p> <br \/>\n<br \/><img decoding=\"async\" src=\"https:\/\/agromt.news\/wp-content\/uploads\/2024\/09\/MT-inicia-plantio-da-safra-202425-de-soja-diz-Imea.jpeg\" \/><\/p>\n<div>\n<p>Informa\u00e7\u00f5es da consultoria<a href=\"https:\/\/safras.com.br\/\"> Safras &amp; Mercado<\/a> indicam que a produ\u00e7\u00e3o mundial da <a href=\"https:\/\/www.canalrural.com.br\/agricultura\/soja\/\">soja <\/a>para a safra 2024\/25 deve alcan\u00e7ar 424,5 milh\u00f5es de toneladas, marcando um aumento em rela\u00e7\u00e3o aos 394,7 milh\u00f5es do ano anterior. <\/p>\n<p class=\"has-text-align-center\"><em>Confira na palma da m\u00e3o informa\u00e7\u00f5es quentes sobre agricultura, pecu\u00e1ria, economia e previs\u00e3o do tempo:<\/em><a href=\"https:\/\/www.whatsapp.com\/channel\/0029Va9VnZxGk1FplZjiW43k\"><em>\u00a0<\/em><strong>siga o Canal Rural no WhatsApp<\/strong><\/a>!<\/p>\n<\/div>\n<div>\n<p>A estimativa \u00e9 parte do relat\u00f3rio de outubro do Sistema de Informa\u00e7\u00e3o do Mercado Agr\u00edcola (AMIS), um \u00f3rg\u00e3o do G-20 que fornece dados sobre a oferta e demanda das principais commodities globais. Em setembro, a previs\u00e3o era de 423,5 milh\u00f5es de toneladas.<\/p>\n<p>A revis\u00e3o para cima \u00e9 atribu\u00edda \u00e0 eleva\u00e7\u00e3o na proje\u00e7\u00e3o de safra da Argentina. O Departamento de Agricultura dos Estados Unidos (USDA) estima uma produ\u00e7\u00e3o global de 429,2 milh\u00f5es de toneladas, enquanto o Conselho Internacional de Gr\u00e3os aponta para uma safra de 419,5 milh\u00f5es de toneladas.<\/p>\n<\/div>\n<p><br \/>\n<br \/><a href=\"https:\/\/www.canalrural.com.br\/agricultura\/projeto-soja-brasil\/soja-projecao-mundial-deve-chegar-a-4245-milhoes-t-em-2024-25\/\">Source link <\/a><\/p>\n","protected":false},"excerpt":{"rendered":"<p>Informa\u00e7\u00f5es da consultoria Safras &amp; Mercado indicam que a produ\u00e7\u00e3o mundial da soja para a safra 2024\/25 deve alcan\u00e7ar 424,5<\/p>\n","protected":false},"author":1,"featured_media":2249,"comment_status":"open","ping_status":"open","sticky":false,"template":"","format":"standard","meta":{"_monsterinsights_skip_tracking":false,"_monsterinsights_sitenote_active":false,"_monsterinsights_sitenote_note":"","_monsterinsights_sitenote_category":0,"_uf_show_specific_survey":0,"_uf_disable_surveys":false,"footnotes":""},"categories":[1],"tags":[],"class_list":["post-2770","post","type-post","status-publish","format-standard","has-post-thumbnail","hentry","category-news"],"_links":{"self":[{"href":"https:\/\/agromt.news\/index.php?rest_route=\/wp\/v2\/posts\/2770"}],"collection":[{"href":"https:\/\/agromt.news\/index.php?rest_route=\/wp\/v2\/posts"}],"about":[{"href":"https:\/\/agromt.news\/index.php?rest_route=\/wp\/v2\/types\/post"}],"author":[{"embeddable":true,"href":"https:\/\/agromt.news\/index.php?rest_route=\/wp\/v2\/users\/1"}],"replies":[{"embeddable":true,"href":"https:\/\/agromt.news\/index.php?rest_route=%2Fwp%2Fv2%2Fcomments&post=2770"}],"version-history":[{"count":0,"href":"https:\/\/agromt.news\/index.php?rest_route=\/wp\/v2\/posts\/2770\/revisions"}],"wp:featuredmedia":[{"embeddable":true,"href":"https:\/\/agromt.news\/index.php?rest_route=\/wp\/v2\/media\/2249"}],"wp:attachment":[{"href":"https:\/\/agromt.news\/index.php?rest_route=%2Fwp%2Fv2%2Fmedia&parent=2770"}],"wp:term":[{"taxonomy":"category","embeddable":true,"href":"https:\/\/agromt.news\/index.php?rest_route=%2Fwp%2Fv2%2Fcategories&post=2770"},{"taxonomy":"post_tag","embeddable":true,"href":"https:\/\/agromt.news\/index.php?rest_route=%2Fwp%2Fv2%2Ftags&post=2770"}],"curies":[{"name":"wp","href":"https:\/\/api.w.org\/{rel}","templated":true}]}}