{"id":27693,"date":"2026-03-15T10:52:05","date_gmt":"2026-03-15T14:52:05","guid":{"rendered":"https:\/\/agromt.news\/?p=27693"},"modified":"2026-03-15T10:52:05","modified_gmt":"2026-03-15T14:52:05","slug":"prazo-para-beneficio-fiscal-do-cacau-importado-e-reduzido","status":"publish","type":"post","link":"https:\/\/agromt.news\/?p=27693","title":{"rendered":"Prazo para benef\u00edcio fiscal do cacau importado \u00e9 reduzido"},"content":{"rendered":"<p> <br \/>\n<\/p>\n<div>\n<div class=\"row\">\n<div class=\"col-lg col-infos mt-0 mt-lg-0\">\n<div class=\"section-sub-title\">\n<p itemprop=\"description\">&#13;<br \/>\n                                Prazo para aproveitar benef\u00edcio fiscal sobre cacau importado cai para seis meses&#13;\n                            <\/p>\n<\/p><\/div>\n<div class=\"container\">\n<div class=\"row\">\n<div class=\"col-lg p-0 text-lg-end\">\n<div>\n<div id=\"mdEnviarPagina\" class=\"modal fade\" role=\"dialog\">\n<div class=\"modal-dialog\">\n<div class=\"modal-content\">\n<div class=\"modal-body\">\n<p><strong>Estimado usu\u00e1rio.<\/strong><br \/>Preencha o formul\u00e1rio abaixo para remeter a p\u00e1gina.<\/p>\n<\/p><\/div>\n<\/p><\/div>\n<\/p><\/div>\n<\/div><\/div>\n<\/p><\/div>\n<\/p><\/div>\n<\/p><\/div>\n<\/p><\/div>\n<\/p><\/div>\n<div class=\"row justify-content-md-center mt-3\">\n<div class=\"col-lg-auto col-image block-news-main-image\">\n<p>                                <img decoding=\"async\" src=\"https:\/\/www.agrolink.com.br\/upload\/imagens-resizes\/921505cced1b4d57be800df0b76ab724_858x483.jpg\" class=\"lazyload img-fluid\"\/><br \/>\n                                                <span class=\"publicity-photo d-block mt-1\">Foto: Pixabay<\/span><\/p><\/div>\n<\/p><\/div>\n<div class=\"section-description section-description-noticias mt-3\">\n<p style=\"text-align:justify\">Empresas que exportam produtos fabricados com cacau estrangeiro ter\u00e3o apenas seis meses para usufruir de vantagens no pagamento de impostos na importa\u00e7\u00e3o da fruta. O prazo anterior era de at\u00e9 dois anos. A determina\u00e7\u00e3o consta na Medida Provis\u00f3ria 1341\/26. A norma, que j\u00e1 est\u00e1 em vigor, foi publicada na quinta-feira (12) no Di\u00e1rio Oficial da Uni\u00e3o (DOU).&#13;\n<\/p>\n<p style=\"text-align:justify\">A Casa Civil da Presid\u00eancia da Rep\u00fablica argumenta que os produtores de cacau brasileiros ser\u00e3o beneficiados com um poss\u00edvel aumento de venda a essas empresas.<\/p>\n<p style=\"text-align:justify\"><strong>Benef\u00edcios fiscais<\/strong><\/p>\n<p style=\"text-align:justify\">A medida abrange apenas cacau inteiro e partido (bruto ou torrado). Ficam de fora, por exemplo, manteiga de cacau, cacau em p\u00f3 e chocolate.<\/p>\n<p style=\"text-align:justify\">O benef\u00edcio fiscal d\u00e1 aos impactados isen\u00e7\u00e3o, restitui\u00e7\u00e3o ou suspens\u00e3o da cobran\u00e7a de Imposto de Importa\u00e7\u00e3o, Imposto sobre Produtos Industrializados (<span class=\"termoGlossario\" contenteditable=\"false\" data-original-title=\"Imposto sobre Produtos Industrializados (IPI): Imposto cobrado pelo governo federal que incide sobre os produtos fabricados no Pa\u00eds ou importados. A al\u00edquota varia conforme o produto.\" data-placement=\"top\" data-toggle=\"tooltip\" id=\"4186\" title=\"\">IPI<\/span>), <span class=\"termoGlossario\" contenteditable=\"false\" data-original-title=\"O Programa de Integra\u00e7\u00e3o Social (PIS) e o Programa de Forma\u00e7\u00e3o do Patrim\u00f4nio do Servidor P\u00fablico (Pasep) formam um \u00fanico fundo mantido pelas pessoas jur\u00eddicas, com exce\u00e7\u00e3o das micro e pequenas empresas optantes pelo regime tribut\u00e1rio Simples Nacional. As al\u00edquotas das contribui\u00e7\u00f5es variam de 0,65% a 1,65% sobre o total das receitas. Esses recursos s\u00e3o destinados aos trabalhadores em forma de rendimentos ou abonos salariais.\" data-placement=\"top\" data-toggle=\"tooltip\" id=\"4110\" title=\"\">PIS<\/span> e <span class=\"termoGlossario\" contenteditable=\"false\" data-original-title=\"Tributo que incide sobre a receita das pessoas jur\u00eddicas de direito privado, exceto as empresas submetidas ao Simples Nacional. Os recursos arrecadados s\u00e3o exclusivos da Uni\u00e3o e destinam-se ao financiamento da sa\u00fade, previd\u00eancia e assist\u00eancia social.\" data-placement=\"top\" data-toggle=\"tooltip\" id=\"4104\" title=\"\">Cofins<\/span>.<\/p>\n<p style=\"text-align:justify\">O Congresso Nacional deve analisar a medida provis\u00f3ria no m\u00e1ximo em 120 dias. Se aprovada, a norma se converte em lei, o que tornar\u00e1 a regra definitiva.<\/p>\n<\/p><\/div>\n<\/p><\/div>\n<p><script data-cfasync=\"false\">\n    !function (f, b, e, v, n, t, s) {\n        if (f.fbq) return; n = f.fbq = function () {\n            n.callMethod ?\n                n.callMethod.apply(n, arguments) : n.queue.push(arguments)\n        };\n        if (!f._fbq) f._fbq = n; n.push = n; n.loaded = !0; n.version = '2.0';\n        n.queue = []; t = b.createElement(e); t.async = !0;\n        t.src = v; s = b.getElementsByTagName(e)[0];\n        s.parentNode.insertBefore(t, s)\n    }(window, document, 'script',\n        'https:\/\/connect.facebook.net\/en_US\/fbevents.js');\n    fbq('init', '522546078623747');\n    fbq('track', 'PageView');\n<\/script><br \/>\n<br \/><br \/>\n<br \/><a href=\"https:\/\/www.agrolink.com.br\/noticias\/medida-provisoria-reduz-prazo-para-acesso-a-beneficio-fiscal-por-importadores-de-cacau_512039.html\">Source link <\/a><\/p>\n","protected":false},"excerpt":{"rendered":"<p>&#13; Prazo para aproveitar benef\u00edcio fiscal sobre cacau importado cai para seis meses&#13; Estimado usu\u00e1rio.Preencha o formul\u00e1rio abaixo para remeter<\/p>\n","protected":false},"author":1,"featured_media":27694,"comment_status":"open","ping_status":"open","sticky":false,"template":"","format":"standard","meta":{"_monsterinsights_skip_tracking":false,"_monsterinsights_sitenote_active":false,"_monsterinsights_sitenote_note":"","_monsterinsights_sitenote_category":0,"_uf_show_specific_survey":0,"_uf_disable_surveys":false,"footnotes":""},"categories":[8,1,14],"tags":[],"class_list":["post-27693","post","type-post","status-publish","format-standard","has-post-thumbnail","hentry","category-agro","category-news","category-politica-agro"],"_links":{"self":[{"href":"https:\/\/agromt.news\/index.php?rest_route=\/wp\/v2\/posts\/27693"}],"collection":[{"href":"https:\/\/agromt.news\/index.php?rest_route=\/wp\/v2\/posts"}],"about":[{"href":"https:\/\/agromt.news\/index.php?rest_route=\/wp\/v2\/types\/post"}],"author":[{"embeddable":true,"href":"https:\/\/agromt.news\/index.php?rest_route=\/wp\/v2\/users\/1"}],"replies":[{"embeddable":true,"href":"https:\/\/agromt.news\/index.php?rest_route=%2Fwp%2Fv2%2Fcomments&post=27693"}],"version-history":[{"count":0,"href":"https:\/\/agromt.news\/index.php?rest_route=\/wp\/v2\/posts\/27693\/revisions"}],"wp:featuredmedia":[{"embeddable":true,"href":"https:\/\/agromt.news\/index.php?rest_route=\/wp\/v2\/media\/27694"}],"wp:attachment":[{"href":"https:\/\/agromt.news\/index.php?rest_route=%2Fwp%2Fv2%2Fmedia&parent=27693"}],"wp:term":[{"taxonomy":"category","embeddable":true,"href":"https:\/\/agromt.news\/index.php?rest_route=%2Fwp%2Fv2%2Fcategories&post=27693"},{"taxonomy":"post_tag","embeddable":true,"href":"https:\/\/agromt.news\/index.php?rest_route=%2Fwp%2Fv2%2Ftags&post=27693"}],"curies":[{"name":"wp","href":"https:\/\/api.w.org\/{rel}","templated":true}]}}