{"id":27691,"date":"2026-03-15T10:11:01","date_gmt":"2026-03-15T14:11:01","guid":{"rendered":"https:\/\/agromt.news\/?p=27691"},"modified":"2026-03-15T10:11:01","modified_gmt":"2026-03-15T14:11:01","slug":"estudo-indica-que-cerrado-pode-armazenar-ate-6-vezes-mais-carbono-que-a-amazonia","status":"publish","type":"post","link":"https:\/\/agromt.news\/?p=27691","title":{"rendered":"Estudo indica que Cerrado pode armazenar at\u00e9 6 vezes mais carbono que a Amaz\u00f4nia"},"content":{"rendered":"<p> <br \/>\n<\/p>\n<div>\n<figure><img decoding=\"async\" src=\"https:\/\/agromt.news\/wp-content\/uploads\/2026\/03\/Estudo-indica-que-Cerrado-pode-armazenar-ate-6-vezes-mais.jpg\" alt=\"carbono no cerrado\" \/><figcaption>Foto: Rafael Oliveira\/Unicamp<\/figcaption><\/figure>\n<\/div>\n<p>A Amaz\u00f4nia e outras florestas tropicais s\u00e3o conhecidas por serem reservat\u00f3rios naturais de carbono do planeta e, portanto, aliadas fundamentais no combate \u00e0s mudan\u00e7as clim\u00e1ticas.<\/p>\n<p><strong><a href=\"https:\/\/nph.onlinelibrary.wiley.com\/doi\/10.1111\/nph.71027\">Um estudo<\/a><\/strong> publicado nesta quinta-feira (12) na revista cient\u00edfica <em>New Phytologist<\/em> mostra que \u00e1reas \u00famidas do Cerrado podem armazenar cerca de 1.200 toneladas m\u00e9tricas de carbono por hectare, at\u00e9 seis vezes mais do que a densidade m\u00e9dia na Amaz\u00f4nia.<\/p>\n<p>O trabalho foi liderado pela pesquisadora Larissa Verona, em parceria com cientistas da Universidade Estadual de Campinas (Unicamp), da Universidade Federal de Minas Gerais (UFMG), do Cary Institute of Ecosystem Studies <strong><a href=\"https:\/\/www.canalrural.com.br\/tag\/estados-unidos\/\">(Estados Unidos)<\/a><\/strong>, do Instituto Max Planck (Alemanha) e do Jardim Bot\u00e2nico do Rio de Janeiro.<\/p>\n<p>\u00c9 a primeira avalia\u00e7\u00e3o detalhada dos estoques de carbono presentes nos solos dessas \u00e1reas do Cerrado, conhecidas como veredas e campos \u00famidos.<\/p>\n<p>Pesquisadores coletaram amostras de solo de at\u00e9 quatro metros de profundidade. Estudos anteriores conseguiram analisar apenas camadas superficiais, de 20 cent\u00edmetros a um metro de profundidade, o que produziu resultados que subestimaram o carbono total em at\u00e9 95%.<\/p>\n<h2 class=\"wp-block-heading\" id=\"h-acumulo-de-carbono\">Ac\u00famulo de carbono<\/h2>\n<p>A an\u00e1lise tamb\u00e9m mostrou que parte desse carbono \u00e9 extremamente antigo. Testes de data\u00e7\u00e3o por radiocarbono indicam que o material org\u00e2nico presente nesses solos tem idade m\u00e9dia de cerca de 11 mil anos, com registros que ultrapassam 20 mil anos.<\/p>\n<p>\u201cEsse carbono levou muito tempo para se acumular. Se ele for perdido, n\u00e3o podemos reconstru\u00ed-lo rapidamente, como ocorre com uma floresta que pode ser replantada\u201d, afirma Larissa Verona.<\/p>\n<ul class=\"wp-block-list\">\n<li><em>Veja em primeira m\u00e3o tudo sobre agricultura, pecu\u00e1ria, economia e previs\u00e3o do tempo:<\/em><a href=\"https:\/\/news.google.com\/publications\/CAAqBwgKMPKZlQswq_mqAw?hl=pt-BR&amp;gl=BR&amp;ceid=BR%3Apt-419\" target=\"_blank\" rel=\"noreferrer noopener\">\u00a0<em>siga o Canal Rural no Google News!<\/em><\/a><\/li>\n<\/ul>\n<p>O Cerrado \u00e9 o segundo maior bioma da Am\u00e9rica do Sul, ocupando cerca de 26% do territ\u00f3rio brasileiro. Al\u00e9m de ser considerado a savana mais biodiversa do mundo, abriga as nascentes de aproximadamente dois ter\u00e7os das grandes bacias hidrogr\u00e1ficas do pa\u00eds, incluindo sistemas que alimentam o rio Amazonas.<\/p>\n<p>\u201cAs condi\u00e7\u00f5es \u00famidas dos campos e veredas criam falta de oxig\u00eanio, o que desacelera a decomposi\u00e7\u00e3o de plantas e outros res\u00edduos. Como resultado, a mat\u00e9ria org\u00e2nica se acumula ao longo do tempo e permite que esses ambientes armazenem grandes quantidades de carbono\u201d, conta a pesquisadora Amy Zanne, coautora do estudo.<\/p>\n<h2 class=\"wp-block-heading\" id=\"h-riscos-climaticos\">Riscos clim\u00e1ticos<\/h2>\n<p>Segundo os pesquisadores, a import\u00e2ncia do Cerrado para o clima global ainda \u00e9 subestimado. \u201cO enorme estoque de carbono do Cerrado n\u00e3o costuma ser inclu\u00eddo nos c\u00e1lculos clim\u00e1ticos porque, at\u00e9 recentemente, n\u00e3o sab\u00edamos que ele estava ali\u201d, afirma Zanne.<\/p>\n<p>A expans\u00e3o da agricultura, a drenagem de \u00e1reas \u00famidas e a retirada de \u00e1gua para irriga\u00e7\u00e3o est\u00e3o entre as principais amea\u00e7as. Quando o solo seca, o material org\u00e2nico se decomp\u00f5e rapidamente e se transforma em di\u00f3xido de carbono e metano, gases respons\u00e1veis pelo aquecimento global.<\/p>\n<p>\u201cSe come\u00e7armos a drenar essas turfeiras e liberar esse carbono acumulado, lan\u00e7aremos bombas de carbono na atmosfera. \u00c9 uma quantidade de carbono org\u00e2nico at\u00e9 ent\u00e3o desconhecida, em uma grande extens\u00e3o e em um bioma improv\u00e1vel\u201d, alerta o professor da Unicamp, Rafael Oliveira.<\/p>\n<p>Al\u00e9m disso, medi\u00e7\u00f5es feitas pela equipe indicam que cerca de <strong>70%<\/strong> das emiss\u00f5es anuais de gases de efeito estufa desses ambientes ocorrem durante a esta\u00e7\u00e3o seca, per\u00edodo em que o solo perde umidade e a decomposi\u00e7\u00e3o se acelera.<\/p>\n<p>Com temperaturas mais altas e per\u00edodos secos mais longos, a tend\u00eancia \u00e9 que uma parcela maior do carbono armazenado no solo seja liberada nos pr\u00f3ximos anos.<\/p>\n<h2 class=\"wp-block-heading\" id=\"h-cerrado-sob-pressao\">Cerrado sob press\u00e3o<\/h2>\n<figure class=\"wp-block-image size-large\"><img fetchpriority=\"high\" decoding=\"async\" width=\"1024\" height=\"611\" src=\"https:\/\/agromt.news\/wp-content\/uploads\/2026\/03\/1773583861_359_Estudo-indica-que-Cerrado-pode-armazenar-ate-6-vezes-mais.jpg\" alt=\"desmatamento cerrado\" class=\"wp-image-4086570\" \/><figcaption class=\"wp-element-caption\">Foto: Marcelo Camargo\/ Ag\u00eancia Brasil<\/figcaption><\/figure>\n<p>O bioma j\u00e1 enfrenta press\u00f5es crescentes de mudan\u00e7as no uso do solo. Grandes \u00e1reas do Cerrado v\u00eam sendo convertidas para produ\u00e7\u00e3o agr\u00edcola e pecu\u00e1ria, frequentemente com drenagem de \u00e1reas \u00famidas.<\/p>\n<p>Os autores defendem a amplia\u00e7\u00e3o da prote\u00e7\u00e3o das \u00e1reas \u00famidas e maior reconhecimento de seu papel clim\u00e1tico. Embora a legisla\u00e7\u00e3o brasileira j\u00e1 preveja prote\u00e7\u00e3o para esses ambientes, pesquisadores estimam que at\u00e9 metade dessas \u00e1reas j\u00e1 sofreu algum tipo de degrada\u00e7\u00e3o.<\/p>\n<p>\u201cChamamos o Cerrado de bioma de sacrif\u00edcio, porque o Brasil quer proteger a Amaz\u00f4nia, mas tamb\u00e9m quer manter a agricultura. Ent\u00e3o, o agroneg\u00f3cio acaba convertendo o Cerrado para a produ\u00e7\u00e3o de commodities\u201d, diz Larissa Verona.<\/p>\n<p>\u201cO Cerrado tamb\u00e9m \u00e9 fundamental por seus grandes estoques de carbono de longo prazo, e precisamos lutar para proteg\u00ea-lo\u201d.<\/p>\n<p>O post <a href=\"https:\/\/www.canalrural.com.br\/sustentabilidade\/estudo-indica-que-cerrado-pode-armazenar-ate-6-vezes-mais-carbono-que-a-amazonia\/\">Estudo indica que Cerrado pode armazenar at\u00e9 6 vezes mais carbono que a Amaz\u00f4nia<\/a> apareceu primeiro em <a href=\"https:\/\/www.canalrural.com.br\">Canal Rural<\/a>.<\/p>\n<p><br \/>\n<br \/><a href=\"https:\/\/www.canalrural.com.br\/sustentabilidade\/estudo-indica-que-cerrado-pode-armazenar-ate-6-vezes-mais-carbono-que-a-amazonia\/\">Source link <\/a><\/p>\n","protected":false},"excerpt":{"rendered":"<p>Foto: Rafael Oliveira\/Unicamp A Amaz\u00f4nia e outras florestas tropicais s\u00e3o conhecidas por serem reservat\u00f3rios naturais de carbono do planeta e,<\/p>\n","protected":false},"author":1,"featured_media":27692,"comment_status":"open","ping_status":"open","sticky":false,"template":"","format":"standard","meta":{"_monsterinsights_skip_tracking":false,"_monsterinsights_sitenote_active":false,"_monsterinsights_sitenote_note":"","_monsterinsights_sitenote_category":0,"_uf_show_specific_survey":0,"_uf_disable_surveys":false,"footnotes":""},"categories":[1],"tags":[],"class_list":["post-27691","post","type-post","status-publish","format-standard","has-post-thumbnail","hentry","category-news"],"_links":{"self":[{"href":"https:\/\/agromt.news\/index.php?rest_route=\/wp\/v2\/posts\/27691"}],"collection":[{"href":"https:\/\/agromt.news\/index.php?rest_route=\/wp\/v2\/posts"}],"about":[{"href":"https:\/\/agromt.news\/index.php?rest_route=\/wp\/v2\/types\/post"}],"author":[{"embeddable":true,"href":"https:\/\/agromt.news\/index.php?rest_route=\/wp\/v2\/users\/1"}],"replies":[{"embeddable":true,"href":"https:\/\/agromt.news\/index.php?rest_route=%2Fwp%2Fv2%2Fcomments&post=27691"}],"version-history":[{"count":0,"href":"https:\/\/agromt.news\/index.php?rest_route=\/wp\/v2\/posts\/27691\/revisions"}],"wp:featuredmedia":[{"embeddable":true,"href":"https:\/\/agromt.news\/index.php?rest_route=\/wp\/v2\/media\/27692"}],"wp:attachment":[{"href":"https:\/\/agromt.news\/index.php?rest_route=%2Fwp%2Fv2%2Fmedia&parent=27691"}],"wp:term":[{"taxonomy":"category","embeddable":true,"href":"https:\/\/agromt.news\/index.php?rest_route=%2Fwp%2Fv2%2Fcategories&post=27691"},{"taxonomy":"post_tag","embeddable":true,"href":"https:\/\/agromt.news\/index.php?rest_route=%2Fwp%2Fv2%2Ftags&post=27691"}],"curies":[{"name":"wp","href":"https:\/\/api.w.org\/{rel}","templated":true}]}}