{"id":27690,"date":"2026-03-15T08:55:58","date_gmt":"2026-03-15T12:55:58","guid":{"rendered":"https:\/\/agromt.news\/?p=27690"},"modified":"2026-03-15T08:55:58","modified_gmt":"2026-03-15T12:55:58","slug":"onda-de-calor-avanca-e-pode-levar-temperaturas-a-40c","status":"publish","type":"post","link":"https:\/\/agromt.news\/?p=27690","title":{"rendered":"Onda de calor avan\u00e7a e pode levar temperaturas a 40\u00b0C"},"content":{"rendered":"<p> <br \/>\n<\/p>\n<div>\n<p style=\"text-align:justify\">Uma massa de ar quente deve provocar eleva\u00e7\u00e3o acentuada das temperaturas no centro-sul do Brasil nos pr\u00f3ximos dias. Segundo informa\u00e7\u00f5es do Meteored Brasil, ap\u00f3s o primeiro epis\u00f3dio de frio do outono meteorol\u00f3gico, o calor deve retornar com intensidade a partir de s\u00e1bado (14), com uma sequ\u00eancia de pelo menos quatro dias de temperaturas elevadas, principalmente na Regi\u00e3o Sul e no Mato Grosso do Sul.&#13;\n<\/p>\n<p style=\"text-align:justify\">De acordo com a an\u00e1lise meteorol\u00f3gica, o \u00edndice de previs\u00e3o extrema do modelo ECMWF indica uma sequ\u00eancia de dias com temperaturas m\u00e1ximas classificadas como incomuns ou extremas entre as regi\u00f5es Sul e Centro-Oeste. O indicador \u00e9 baseado na climatologia do pr\u00f3prio modelo e aponta \u00e1reas onde as temperaturas previstas ficam muito acima do padr\u00e3o observado normalmente.<\/p>\n<p style=\"text-align:justify\">Segundo o Meteored Brasil, valores entre 0,5 e 0,8 no \u00edndice indicam temperaturas incomuns, enquanto n\u00edveis entre 0,8 e 1 representam condi\u00e7\u00f5es extremas. Esses valores, segundo a an\u00e1lise, \u201cs\u00f3 ocorrem em 1 a cada 100 previs\u00f5es\u201d.<\/p>\n<p style=\"text-align:justify\">Os modelos indicam que o aumento das temperaturas deve come\u00e7ar no s\u00e1bado (14), inicialmente concentrado no oeste de Santa Catarina e Paran\u00e1. A partir de domingo (15), a \u00e1rea de calor deve se ampliar, abrangendo toda a metade oeste desses estados e tamb\u00e9m a metade norte do Rio Grande do Sul.<\/p>\n<p style=\"text-align:justify\">Na segunda-feira (16), a previs\u00e3o indica que a \u00e1rea com temperaturas elevadas deve atingir praticamente toda a Regi\u00e3o Sul do pa\u00eds. Segundo o Meteored Brasil, a partir de ter\u00e7a-feira (17) a \u00e1rea de maior intensidade do calor tende a diminuir, concentrando-se novamente entre o norte do Rio Grande do Sul e o oeste de Santa Catarina e Paran\u00e1.&#13;\n<\/p>\n<p style=\"text-align:justify\">Al\u00e9m da Regi\u00e3o Sul, o avan\u00e7o do ar quente tamb\u00e9m deve afetar o Mato Grosso do Sul e partes do S\u00e3o Paulo. Nas \u00e1reas mais quentes do territ\u00f3rio paulista, principalmente na faixa oeste do estado, as m\u00e1ximas devem ficar pr\u00f3ximas de 35\u00b0C.<\/p>\n<p style=\"text-align:justify\">Nos estados do Mato Grosso do Sul, Paran\u00e1, Santa Catarina e Rio Grande do Sul, as temperaturas podem alcan\u00e7ar 40\u00b0C ao longo dos pr\u00f3ximos dias. Segundo proje\u00e7\u00f5es do modelo GFS, no s\u00e1bado (14) as maiores m\u00e1ximas devem ocorrer na fronteira oeste de Mato Grosso do Sul, com valores pr\u00f3ximos de 39\u00b0C.<\/p>\n<p style=\"text-align:justify\">No domingo (15), o calor deve se intensificar, com possibilidade de m\u00e1ximas de 40\u00b0C no oeste e no noroeste do Rio Grande do Sul. Em outras \u00e1reas do estado, al\u00e9m da faixa leste de Santa Catarina e Paran\u00e1 e da metade oeste do Mato Grosso do Sul, as temperaturas podem atingir cerca de 38\u00b0C.<\/p>\n<p style=\"text-align:justify\">Na segunda-feira (16), as proje\u00e7\u00f5es indicam que temperaturas pr\u00f3ximas ou superiores a 40\u00b0C devem se espalhar principalmente pelo territ\u00f3rio ga\u00facho, com maior impacto nas regi\u00f5es Central, Campanha, Oeste e metade norte do Rio Grande do Sul. No oeste do Paran\u00e1 e no sudoeste do Mato Grosso do Sul, as m\u00e1ximas devem ficar em torno de 38\u00b0C.&#13;\n<\/p>\n<p style=\"text-align:justify\">Na ter\u00e7a-feira (17), o padr\u00e3o deve continuar semelhante, com temperaturas pr\u00f3ximas de 40\u00b0C em uma faixa central do Rio Grande do Sul. J\u00e1 na metade oeste dos estados da Regi\u00e3o Sul e tamb\u00e9m no Mato Grosso do Sul, os term\u00f4metros devem marcar entre 36\u00b0C e 38\u00b0C.<\/p>\n<p style=\"text-align:justify\">Segundo o Meteored Brasil, o calor deve persistir ao menos at\u00e9 quinta-feira (19), quando a tend\u00eancia \u00e9 de redu\u00e7\u00e3o gradual das temperaturas. Durante o per\u00edodo, a umidade relativa do ar tamb\u00e9m deve apresentar queda, o que exige cuidados com exposi\u00e7\u00e3o ao sol, hidrata\u00e7\u00e3o e aten\u00e7\u00e3o redobrada com crian\u00e7as, idosos e pessoas mais vulner\u00e1veis.<\/p>\n<\/p><\/div>\n<p><script data-cfasync=\"false\">\n    !function (f, b, e, v, n, t, s) {\n        if (f.fbq) return; n = f.fbq = function () {\n            n.callMethod ?\n                n.callMethod.apply(n, arguments) : n.queue.push(arguments)\n        };\n        if (!f._fbq) f._fbq = n; n.push = n; n.loaded = !0; n.version = '2.0';\n        n.queue = []; t = b.createElement(e); t.async = !0;\n        t.src = v; s = b.getElementsByTagName(e)[0];\n        s.parentNode.insertBefore(t, s)\n    }(window, document, 'script',\n        'https:\/\/connect.facebook.net\/en_US\/fbevents.js');\n    fbq('init', '522546078623747');\n    fbq('track', 'PageView');\n<\/script><br \/>\n<br \/><br \/>\n<br \/><a href=\"https:\/\/www.agrolink.com.br\/noticias\/confirmado--ar-quente-se-espalha-por-parte-do-centro-sul-do-brasil-nos-proximos-dias_512041.html\">Source link <\/a><\/p>\n","protected":false},"excerpt":{"rendered":"<p>Uma massa de ar quente deve provocar eleva\u00e7\u00e3o acentuada das temperaturas no centro-sul do Brasil nos pr\u00f3ximos dias. Segundo informa\u00e7\u00f5es<\/p>\n","protected":false},"author":1,"featured_media":1130,"comment_status":"open","ping_status":"open","sticky":false,"template":"","format":"standard","meta":{"_monsterinsights_skip_tracking":false,"_monsterinsights_sitenote_active":false,"_monsterinsights_sitenote_note":"","_monsterinsights_sitenote_category":0,"_uf_show_specific_survey":0,"_uf_disable_surveys":false,"footnotes":""},"categories":[8,1,14],"tags":[],"class_list":["post-27690","post","type-post","status-publish","format-standard","has-post-thumbnail","hentry","category-agro","category-news","category-politica-agro"],"_links":{"self":[{"href":"https:\/\/agromt.news\/index.php?rest_route=\/wp\/v2\/posts\/27690"}],"collection":[{"href":"https:\/\/agromt.news\/index.php?rest_route=\/wp\/v2\/posts"}],"about":[{"href":"https:\/\/agromt.news\/index.php?rest_route=\/wp\/v2\/types\/post"}],"author":[{"embeddable":true,"href":"https:\/\/agromt.news\/index.php?rest_route=\/wp\/v2\/users\/1"}],"replies":[{"embeddable":true,"href":"https:\/\/agromt.news\/index.php?rest_route=%2Fwp%2Fv2%2Fcomments&post=27690"}],"version-history":[{"count":0,"href":"https:\/\/agromt.news\/index.php?rest_route=\/wp\/v2\/posts\/27690\/revisions"}],"wp:featuredmedia":[{"embeddable":true,"href":"https:\/\/agromt.news\/index.php?rest_route=\/wp\/v2\/media\/1130"}],"wp:attachment":[{"href":"https:\/\/agromt.news\/index.php?rest_route=%2Fwp%2Fv2%2Fmedia&parent=27690"}],"wp:term":[{"taxonomy":"category","embeddable":true,"href":"https:\/\/agromt.news\/index.php?rest_route=%2Fwp%2Fv2%2Fcategories&post=27690"},{"taxonomy":"post_tag","embeddable":true,"href":"https:\/\/agromt.news\/index.php?rest_route=%2Fwp%2Fv2%2Ftags&post=27690"}],"curies":[{"name":"wp","href":"https:\/\/api.w.org\/{rel}","templated":true}]}}