{"id":27686,"date":"2026-03-15T05:03:59","date_gmt":"2026-03-15T09:03:59","guid":{"rendered":"https:\/\/agromt.news\/?p=27686"},"modified":"2026-03-15T05:03:59","modified_gmt":"2026-03-15T09:03:59","slug":"alta-do-petroleo-eleva-oleo-e-puxa-soja","status":"publish","type":"post","link":"https:\/\/agromt.news\/?p=27686","title":{"rendered":"Alta do petr\u00f3leo eleva \u00f3leo e puxa soja"},"content":{"rendered":"<p> <br \/>\n<\/p>\n<div>\n<p style=\"text-align:justify\">As cota\u00e7\u00f5es da <a href=\"https:\/\/www.agrolink.com.br\/culturas\/soja?utm_source=agrolink-detalhe-noticia&amp;utm_medium=detalhe-noticia&amp;utm_campaign=links-internos\" target=\"_blank\" rel=\"noopener\">soja<\/a> registraram alta na Chicago Board of Trade durante a semana de 6 a 12 de mar\u00e7o, impulsionadas principalmente pela valoriza\u00e7\u00e3o do \u00f3leo de soja no mercado internacional. A an\u00e1lise consta em relat\u00f3rio semanal da Central Internacional de An\u00e1lises Econ\u00f4micas e de Estudos de Mercado Agropecu\u00e1rio (Ceema), divulgado na quinta-feira (12).&#13;\n<\/p>\n<p style=\"text-align:justify\">Segundo o levantamento, o movimento de alta est\u00e1 relacionado ao cen\u00e1rio geopol\u00edtico no Oriente M\u00e9dio, que tem pressionado os pre\u00e7os do petr\u00f3leo e influenciado diretamente o mercado de \u00f3leos vegetais. De acordo com a Central Internacional de An\u00e1lises Econ\u00f4micas e de Estudos de Mercado Agropecu\u00e1rio (Ceema), \u201co aumento do gr\u00e3o se d\u00e1, especialmente, pela forte alta do \u00f3leo de soja, puxada pelo petr\u00f3leo\u201d.<\/p>\n<p style=\"text-align:justify\">A valoriza\u00e7\u00e3o do subproduto foi expressiva ao longo do per\u00edodo. Conforme o relat\u00f3rio, \u201ca libra-peso do subproduto da soja atingindo a 67,34 centavos de d\u00f3lar no dia 12\/03\u201d. O avan\u00e7o do \u00f3leo refletiu tamb\u00e9m no pre\u00e7o do farelo, que chegou a US$ 319,90 por tonelada curta na mesma data.<\/p>\n<p style=\"text-align:justify\">Com esse movimento, o pre\u00e7o do gr\u00e3o ultrapassou o patamar de US$ 12,00 por bushel ao longo da semana. O fechamento da quinta-feira (12) foi registrado em US$ 12,13 por bushel, ante US$ 11,63 uma semana antes. Segundo a an\u00e1lise da Central Internacional de An\u00e1lises Econ\u00f4micas e de Estudos de Mercado Agropecu\u00e1rio (Ceema), a \u00faltima vez que o primeiro contrato da soja em Chicago havia superado esse n\u00edvel ocorreu em 6 de junho de 2024.&#13;\n<\/p>\n<p style=\"text-align:justify\">O relat\u00f3rio tamb\u00e9m menciona a divulga\u00e7\u00e3o do balan\u00e7o de oferta e demanda pelo Departamento de Agricultura dos Estados Unidos (USDA), em 10 de mar\u00e7o. Segundo o documento, n\u00e3o houve altera\u00e7\u00f5es relevantes nas estimativas para a oleaginosa.<\/p>\n<p style=\"text-align:justify\">A produ\u00e7\u00e3o dos Estados Unidos foi mantida em 116 milh\u00f5es de toneladas, enquanto a proje\u00e7\u00e3o de colheita no Brasil permanece em 180 milh\u00f5es de toneladas. Houve apenas ajuste na estimativa de produ\u00e7\u00e3o da Argentina, que passou a 48 milh\u00f5es de toneladas.<\/p>\n<p style=\"text-align:justify\">No cen\u00e1rio global, a produ\u00e7\u00e3o total para 2025\/26 foi reduzida em um milh\u00e3o de toneladas, alcan\u00e7ando 427,2 milh\u00f5es de toneladas. Os estoques finais mundiais foram mantidos em 125 milh\u00f5es de toneladas e as importa\u00e7\u00f5es da China seguem estimadas em 112 milh\u00f5es de toneladas.<\/p>\n<p style=\"text-align:justify\">A an\u00e1lise tamb\u00e9m destaca o desempenho da safra no Paraguai. Segundo estimativas da StoneX, o pa\u00eds deve registrar uma supersafra, com produ\u00e7\u00e3o projetada em 11,8 milh\u00f5es de toneladas no atual ano comercial.<\/p>\n<p style=\"text-align:justify\">No mercado chin\u00eas, as importa\u00e7\u00f5es de soja apresentaram recuo nos dois primeiros meses do ano. De acordo com o relat\u00f3rio, \u201crefletindo a maioria dos embarques dos EUA que ainda n\u00e3o chegaram, por colheitas mais lentas do Brasil e pela demora no desembara\u00e7o aduaneiro\u201d.<\/p>\n<p style=\"text-align:justify\">A queda no primeiro bimestre foi de 7,8% em rela\u00e7\u00e3o ao mesmo per\u00edodo do ano anterior, totalizando 12,6 milh\u00f5es de toneladas. A expectativa, segundo dados citados da Reuters, \u00e9 de recupera\u00e7\u00e3o a partir de mar\u00e7o, com a previs\u00e3o de chegada de 6,4 milh\u00f5es de toneladas da oleaginosa aos portos chineses, ante 3,5 milh\u00f5es no mesmo m\u00eas do ano passado.&#13;\n<\/p>\n<\/p><\/div>\n<p><script data-cfasync=\"false\">\n    !function (f, b, e, v, n, t, s) {\n        if (f.fbq) return; n = f.fbq = function () {\n            n.callMethod ?\n                n.callMethod.apply(n, arguments) : n.queue.push(arguments)\n        };\n        if (!f._fbq) f._fbq = n; n.push = n; n.loaded = !0; n.version = '2.0';\n        n.queue = []; t = b.createElement(e); t.async = !0;\n        t.src = v; s = b.getElementsByTagName(e)[0];\n        s.parentNode.insertBefore(t, s)\n    }(window, document, 'script',\n        'https:\/\/connect.facebook.net\/en_US\/fbevents.js');\n    fbq('init', '522546078623747');\n    fbq('track', 'PageView');\n<\/script><br \/>\n<br \/><br \/>\n<br \/><a href=\"https:\/\/www.agrolink.com.br\/noticias\/alta-do-petroleo-eleva-oleo-e-puxa-soja_512043.html\">Source link <\/a><\/p>\n","protected":false},"excerpt":{"rendered":"<p>As cota\u00e7\u00f5es da soja registraram alta na Chicago Board of Trade durante a semana de 6 a 12 de mar\u00e7o,<\/p>\n","protected":false},"author":1,"featured_media":4295,"comment_status":"open","ping_status":"open","sticky":false,"template":"","format":"standard","meta":{"_monsterinsights_skip_tracking":false,"_monsterinsights_sitenote_active":false,"_monsterinsights_sitenote_note":"","_monsterinsights_sitenote_category":0,"_uf_show_specific_survey":0,"_uf_disable_surveys":false,"footnotes":""},"categories":[8,1,14],"tags":[],"class_list":["post-27686","post","type-post","status-publish","format-standard","has-post-thumbnail","hentry","category-agro","category-news","category-politica-agro"],"_links":{"self":[{"href":"https:\/\/agromt.news\/index.php?rest_route=\/wp\/v2\/posts\/27686"}],"collection":[{"href":"https:\/\/agromt.news\/index.php?rest_route=\/wp\/v2\/posts"}],"about":[{"href":"https:\/\/agromt.news\/index.php?rest_route=\/wp\/v2\/types\/post"}],"author":[{"embeddable":true,"href":"https:\/\/agromt.news\/index.php?rest_route=\/wp\/v2\/users\/1"}],"replies":[{"embeddable":true,"href":"https:\/\/agromt.news\/index.php?rest_route=%2Fwp%2Fv2%2Fcomments&post=27686"}],"version-history":[{"count":0,"href":"https:\/\/agromt.news\/index.php?rest_route=\/wp\/v2\/posts\/27686\/revisions"}],"wp:featuredmedia":[{"embeddable":true,"href":"https:\/\/agromt.news\/index.php?rest_route=\/wp\/v2\/media\/4295"}],"wp:attachment":[{"href":"https:\/\/agromt.news\/index.php?rest_route=%2Fwp%2Fv2%2Fmedia&parent=27686"}],"wp:term":[{"taxonomy":"category","embeddable":true,"href":"https:\/\/agromt.news\/index.php?rest_route=%2Fwp%2Fv2%2Fcategories&post=27686"},{"taxonomy":"post_tag","embeddable":true,"href":"https:\/\/agromt.news\/index.php?rest_route=%2Fwp%2Fv2%2Ftags&post=27686"}],"curies":[{"name":"wp","href":"https:\/\/api.w.org\/{rel}","templated":true}]}}