{"id":27684,"date":"2026-03-15T01:12:01","date_gmt":"2026-03-15T05:12:01","guid":{"rendered":"https:\/\/agromt.news\/?p=27684"},"modified":"2026-03-15T01:12:01","modified_gmt":"2026-03-15T05:12:01","slug":"ciclone-intensifica-chuvas-e-riscos-no-fim-de-semana","status":"publish","type":"post","link":"https:\/\/agromt.news\/?p=27684","title":{"rendered":"Ciclone intensifica chuvas e riscos no fim de semana"},"content":{"rendered":"<p> <br \/>\n<\/p>\n<div>\n<p style=\"text-align:justify\">A atua\u00e7\u00e3o de um ciclone pr\u00f3ximo \u00e0 costa do Brasil deve manter um corredor de umidade ativo sobre o pa\u00eds neste fim de semana, aumentando o risco de chuvas fortes em diferentes regi\u00f5es. As informa\u00e7\u00f5es foram divulgadas pelo Meteored, que aponta potencial para precipita\u00e7\u00f5es volumosas em \u00e1reas do Sudeste, Centro-Oeste e Norte.&#13;\n<\/p>\n<p style=\"text-align:justify\">Segundo a an\u00e1lise meteorol\u00f3gica, o sistema de baixa press\u00e3o pr\u00f3ximo ao litoral do Sudeste contribui para organizar a faixa de umidade que atua sobre o pa\u00eds h\u00e1 v\u00e1rios dias. De acordo com o Meteored, \u201ca presen\u00e7a de um ciclone pr\u00f3ximo \u00e0 costa Sudeste do Brasil ajuda a organizar um corredor de umidade sobre o pa\u00eds onde deixa o tempo fechado e aumenta as chances de chuvas fortes\u201d.<\/p>\n<p style=\"text-align:justify\">As imagens de sat\u00e9lite indicam que essa faixa de umidade se estende desde a Regi\u00e3o Norte at\u00e9 \u00e1reas do Sudeste, onde h\u00e1 grande presen\u00e7a de vapor d\u2019\u00e1gua e converg\u00eancia de ventos nos n\u00edveis mais baixos da atmosfera. Esse processo favorece a forma\u00e7\u00e3o de nuvens carregadas e aumenta a probabilidade de precipita\u00e7\u00f5es intensas.&#13;\n<\/p>\n<p style=\"text-align:justify\">De acordo com a previs\u00e3o, os maiores volumes de chuva podem atingir \u00e1reas de Minas Gerais, Esp\u00edrito Santo, Rio de Janeiro, Mato Grosso, Goi\u00e1s, Amazonas e Rond\u00f4nia.<\/p>\n<p style=\"text-align:justify\">Durante a manh\u00e3, pancadas de chuva devem ocorrer de forma irregular no interior de Minas Gerais, Goi\u00e1s e Mato Grosso. J\u00e1 no Norte do pa\u00eds, especialmente no oeste do Amazonas, a previs\u00e3o indica precipita\u00e7\u00f5es moderadas a fortes.<\/p>\n<p style=\"text-align:justify\">\u00c0 tarde, as instabilidades tendem a se espalhar por estados do Sudeste, pelo Centro-Oeste \u2014 com exce\u00e7\u00e3o do Mato Grosso do Sul \u2014 e por parte da Regi\u00e3o Norte, incluindo Rond\u00f4nia e Amazonas.<\/p>\n<p style=\"text-align:justify\">O modelo de confian\u00e7a do Meteored indica que as chuvas mais intensas devem ocorrer no leste de Minas Gerais, no norte do Rio de Janeiro e na divisa com o Esp\u00edrito Santo. Tamb\u00e9m h\u00e1 risco de precipita\u00e7\u00f5es intensas no noroeste e no sul do Mato Grosso.<\/p>\n<p style=\"text-align:justify\">No domingo (15), o ciclone deve se afastar gradualmente em dire\u00e7\u00e3o ao Oceano Atl\u00e2ntico. Mesmo com esse deslocamento, o corredor de umidade continuar\u00e1 ativo, com leve mudan\u00e7a de posi\u00e7\u00e3o e maior influ\u00eancia sobre a regi\u00e3o central de Minas Gerais, o Vale do A\u00e7o, o norte do Rio de Janeiro e o Esp\u00edrito Santo.<\/p>\n<p style=\"text-align:justify\">No Centro-Oeste, as chuvas voltam a atingir o Mato Grosso do Sul, principalmente nas \u00e1reas pr\u00f3ximas \u00e0 divisa com Mato Grosso e Goi\u00e1s. Nos demais estados da regi\u00e3o, a previs\u00e3o indica precipita\u00e7\u00f5es de intensidade moderada, com possibilidade de pancadas localizadas mais intensas, especialmente no norte de Mato Grosso.&#13;\n<\/p>\n<p style=\"text-align:justify\">Entre os maiores volumes previstos est\u00e3o cerca de 60 mil\u00edmetros em Alegre, no Esp\u00edrito Santo, aproximadamente 52 mil\u00edmetros em Belo Horizonte, em Minas Gerais, cerca de 88 mil\u00edmetros em Barra dos Gar\u00e7as, no Mato Grosso, e cerca de 40 mil\u00edmetros em Cuiab\u00e1, tamb\u00e9m em Mato Grosso.<\/p>\n<p style=\"text-align:justify\">Segundo o Meteored, o cen\u00e1rio meteorol\u00f3gico deve manter o tempo inst\u00e1vel ao longo do fim de semana, com acumulados que podem se aproximar de 90 mil\u00edmetros em \u00e1reas pontuais de Mato Grosso, Goi\u00e1s e Minas Gerais.<\/p>\n<\/p><\/div>\n<p><script data-cfasync=\"false\">\n    !function (f, b, e, v, n, t, s) {\n        if (f.fbq) return; n = f.fbq = function () {\n            n.callMethod ?\n                n.callMethod.apply(n, arguments) : n.queue.push(arguments)\n        };\n        if (!f._fbq) f._fbq = n; n.push = n; n.loaded = !0; n.version = '2.0';\n        n.queue = []; t = b.createElement(e); t.async = !0;\n        t.src = v; s = b.getElementsByTagName(e)[0];\n        s.parentNode.insertBefore(t, s)\n    }(window, document, 'script',\n        'https:\/\/connect.facebook.net\/en_US\/fbevents.js');\n    fbq('init', '522546078623747');\n    fbq('track', 'PageView');\n<\/script><br \/>\n<br \/><br \/>\n<br \/><a href=\"https:\/\/www.agrolink.com.br\/noticias\/ciclone-organiza-canal-de-umidade-sobre-o-brasil-neste-fim-de-semana--veja-como-fica-o-tempo_512044.html\">Source link <\/a><\/p>\n","protected":false},"excerpt":{"rendered":"<p>A atua\u00e7\u00e3o de um ciclone pr\u00f3ximo \u00e0 costa do Brasil deve manter um corredor de umidade ativo sobre o pa\u00eds<\/p>\n","protected":false},"author":1,"featured_media":2701,"comment_status":"open","ping_status":"open","sticky":false,"template":"","format":"standard","meta":{"_monsterinsights_skip_tracking":false,"_monsterinsights_sitenote_active":false,"_monsterinsights_sitenote_note":"","_monsterinsights_sitenote_category":0,"_uf_show_specific_survey":0,"_uf_disable_surveys":false,"footnotes":""},"categories":[8,1,14],"tags":[],"class_list":["post-27684","post","type-post","status-publish","format-standard","has-post-thumbnail","hentry","category-agro","category-news","category-politica-agro"],"_links":{"self":[{"href":"https:\/\/agromt.news\/index.php?rest_route=\/wp\/v2\/posts\/27684"}],"collection":[{"href":"https:\/\/agromt.news\/index.php?rest_route=\/wp\/v2\/posts"}],"about":[{"href":"https:\/\/agromt.news\/index.php?rest_route=\/wp\/v2\/types\/post"}],"author":[{"embeddable":true,"href":"https:\/\/agromt.news\/index.php?rest_route=\/wp\/v2\/users\/1"}],"replies":[{"embeddable":true,"href":"https:\/\/agromt.news\/index.php?rest_route=%2Fwp%2Fv2%2Fcomments&post=27684"}],"version-history":[{"count":0,"href":"https:\/\/agromt.news\/index.php?rest_route=\/wp\/v2\/posts\/27684\/revisions"}],"wp:featuredmedia":[{"embeddable":true,"href":"https:\/\/agromt.news\/index.php?rest_route=\/wp\/v2\/media\/2701"}],"wp:attachment":[{"href":"https:\/\/agromt.news\/index.php?rest_route=%2Fwp%2Fv2%2Fmedia&parent=27684"}],"wp:term":[{"taxonomy":"category","embeddable":true,"href":"https:\/\/agromt.news\/index.php?rest_route=%2Fwp%2Fv2%2Fcategories&post=27684"},{"taxonomy":"post_tag","embeddable":true,"href":"https:\/\/agromt.news\/index.php?rest_route=%2Fwp%2Fv2%2Ftags&post=27684"}],"curies":[{"name":"wp","href":"https:\/\/api.w.org\/{rel}","templated":true}]}}