{"id":27683,"date":"2026-03-14T23:16:03","date_gmt":"2026-03-15T03:16:03","guid":{"rendered":"https:\/\/agromt.news\/?p=27683"},"modified":"2026-03-14T23:16:03","modified_gmt":"2026-03-15T03:16:03","slug":"preco-do-trigo-sobe-e-volta-a-recuar-em-chicago","status":"publish","type":"post","link":"https:\/\/agromt.news\/?p=27683","title":{"rendered":"Pre\u00e7o do trigo sobe e volta a recuar em Chicago"},"content":{"rendered":"<p> <br \/>\n<\/p>\n<div>\n<p style=\"text-align:justify\">A cota\u00e7\u00e3o internacional do trigo registrou alta no in\u00edcio de mar\u00e7o e alcan\u00e7ou o maior n\u00edvel desde outubro de 2024, segundo an\u00e1lise da Central Internacional de An\u00e1lises Econ\u00f4micas e de Estudos de Mercado Agropecu\u00e1rio (Ceema). O levantamento considera o per\u00edodo de 6 a 12 de mar\u00e7o e foi divulgado na quinta-feira (12).&#13;\n<\/p>\n<p style=\"text-align:justify\">De acordo com a entidade, o contrato para o primeiro m\u00eas cotado atingiu US$ 6,11 por bushel em 6 de mar\u00e7o, o maior valor observado desde o in\u00edcio de outubro de 2024. Posteriormente, o mercado apresentou recuo e encerrou a quinta-feira (12) em US$ 5,92 por bushel.<\/p>\n<p style=\"text-align:justify\">O relat\u00f3rio de oferta e demanda divulgado pelo Departamento de Agricultura dos Estados Unidos (USDA) manteve os dados referentes \u00e0 \u00faltima safra norte-americana. Segundo o documento, a colheita nos Estados Unidos foi confirmada em 54 milh\u00f5es de toneladas, com estoques finais estimados em 25,3 milh\u00f5es de toneladas.&#13;\n<\/p>\n<p style=\"text-align:justify\">O mesmo relat\u00f3rio elevou ligeiramente a proje\u00e7\u00e3o de produ\u00e7\u00e3o mundial de trigo para 842,1 milh\u00f5es de toneladas e indicou estoques finais globais de 277 milh\u00f5es de toneladas para o ano comercial 2025\/26. Para a Brasil, a estimativa de produ\u00e7\u00e3o foi mantida em 8 milh\u00f5es de toneladas, enquanto a da Argentina permaneceu em 27,8 milh\u00f5es de toneladas. As importa\u00e7\u00f5es brasileiras do cereal foram revisadas para 7,1 milh\u00f5es de toneladas.<\/p>\n<p style=\"text-align:justify\">Segundo a an\u00e1lise da Ceema, fatores geopol\u00edticos tamb\u00e9m influenciam o mercado internacional do trigo. A guerra no Oriente M\u00e9dio impacta o com\u00e9rcio global, j\u00e1 que a regi\u00e3o \u00e9 grande consumidora do cereal e funciona como corredor de transporte entre a Europa e a \u00c1sia. Ainda assim, a influ\u00eancia do conflito \u00e9 considerada menor do que a gerada pela guerra entre R\u00fassia e Ucr\u00e2nia, dois dos principais produtores mundiais de trigo.&#13;\n<\/p>\n<p style=\"text-align:justify\">A entidade lembra que, no in\u00edcio do conflito entre R\u00fassia e Ucr\u00e2nia, no final de fevereiro de 2022, o pre\u00e7o do bushel de trigo ultrapassou US$ 12. Atualmente, o valor do cereal gira em torno de US$ 6 no mercado internacional.<\/p>\n<\/p><\/div>\n<p><script data-cfasync=\"false\">\n    !function (f, b, e, v, n, t, s) {\n        if (f.fbq) return; n = f.fbq = function () {\n            n.callMethod ?\n                n.callMethod.apply(n, arguments) : n.queue.push(arguments)\n        };\n        if (!f._fbq) f._fbq = n; n.push = n; n.loaded = !0; n.version = '2.0';\n        n.queue = []; t = b.createElement(e); t.async = !0;\n        t.src = v; s = b.getElementsByTagName(e)[0];\n        s.parentNode.insertBefore(t, s)\n    }(window, document, 'script',\n        'https:\/\/connect.facebook.net\/en_US\/fbevents.js');\n    fbq('init', '522546078623747');\n    fbq('track', 'PageView');\n<\/script><br \/>\n<br \/><br \/>\n<br \/><a href=\"https:\/\/www.agrolink.com.br\/noticias\/preco-do-trigo-sobe-e-volta-a-recuar-em-chicago_512046.html\">Source link <\/a><\/p>\n","protected":false},"excerpt":{"rendered":"<p>A cota\u00e7\u00e3o internacional do trigo registrou alta no in\u00edcio de mar\u00e7o e alcan\u00e7ou o maior n\u00edvel desde outubro de 2024,<\/p>\n","protected":false},"author":1,"featured_media":3068,"comment_status":"open","ping_status":"open","sticky":false,"template":"","format":"standard","meta":{"_monsterinsights_skip_tracking":false,"_monsterinsights_sitenote_active":false,"_monsterinsights_sitenote_note":"","_monsterinsights_sitenote_category":0,"_uf_show_specific_survey":0,"_uf_disable_surveys":false,"footnotes":""},"categories":[8,1,14],"tags":[],"class_list":["post-27683","post","type-post","status-publish","format-standard","has-post-thumbnail","hentry","category-agro","category-news","category-politica-agro"],"_links":{"self":[{"href":"https:\/\/agromt.news\/index.php?rest_route=\/wp\/v2\/posts\/27683"}],"collection":[{"href":"https:\/\/agromt.news\/index.php?rest_route=\/wp\/v2\/posts"}],"about":[{"href":"https:\/\/agromt.news\/index.php?rest_route=\/wp\/v2\/types\/post"}],"author":[{"embeddable":true,"href":"https:\/\/agromt.news\/index.php?rest_route=\/wp\/v2\/users\/1"}],"replies":[{"embeddable":true,"href":"https:\/\/agromt.news\/index.php?rest_route=%2Fwp%2Fv2%2Fcomments&post=27683"}],"version-history":[{"count":0,"href":"https:\/\/agromt.news\/index.php?rest_route=\/wp\/v2\/posts\/27683\/revisions"}],"wp:featuredmedia":[{"embeddable":true,"href":"https:\/\/agromt.news\/index.php?rest_route=\/wp\/v2\/media\/3068"}],"wp:attachment":[{"href":"https:\/\/agromt.news\/index.php?rest_route=%2Fwp%2Fv2%2Fmedia&parent=27683"}],"wp:term":[{"taxonomy":"category","embeddable":true,"href":"https:\/\/agromt.news\/index.php?rest_route=%2Fwp%2Fv2%2Fcategories&post=27683"},{"taxonomy":"post_tag","embeddable":true,"href":"https:\/\/agromt.news\/index.php?rest_route=%2Fwp%2Fv2%2Ftags&post=27683"}],"curies":[{"name":"wp","href":"https:\/\/api.w.org\/{rel}","templated":true}]}}