{"id":27682,"date":"2026-03-14T21:20:00","date_gmt":"2026-03-15T01:20:00","guid":{"rendered":"https:\/\/agromt.news\/?p=27682"},"modified":"2026-03-14T21:20:00","modified_gmt":"2026-03-15T01:20:00","slug":"cotacoes-do-boi-variam-entre-estados-do-pais","status":"publish","type":"post","link":"https:\/\/agromt.news\/?p=27682","title":{"rendered":"Cota\u00e7\u00f5es do boi variam entre estados do pa\u00eds"},"content":{"rendered":"<p> <br \/>\n<\/p>\n<div>\n<p style=\"text-align:justify\">O mercado do boi gordo iniciou a sexta-feira (13) com estabilidade nas cota\u00e7\u00f5es em S\u00e3o Paulo, segundo an\u00e1lise do informativo \u201cTem Boi na Linha\u201d, divulgado pela Scot Consultoria.<\/p>\n<p style=\"text-align:justify\">De acordo com o levantamento, \u201co mercado abriu est\u00e1vel para todas as categorias\u201d. A consultoria apontou que a oferta de boiadas havia diminu\u00eddo no dia anterior e que algumas ind\u00fastrias elevaram as ofertas com o objetivo de completar as escalas de abate para a pr\u00f3xima semana. Ainda conforme o relat\u00f3rio, \u201cas escalas de abate atendiam, em m\u00e9dia, oito dias\u201d.&#13;\n<\/p>\n<p style=\"text-align:justify\">Na regi\u00e3o Sul da Bahia, o aumento na oferta de animais pressionou os pre\u00e7os. Segundo a an\u00e1lise, \u201ca oferta de boiadas havia aumentado, o que pressionou a cota\u00e7\u00e3o de todas as categorias, que ca\u00edram R$2,00\/@ na compara\u00e7\u00e3o feita dia a dia\u201d. Nesse mercado, as escalas de abate tamb\u00e9m atendiam, em m\u00e9dia, oito dias.&#13;\n<\/p>\n<p style=\"text-align:justify\">J\u00e1 na regi\u00e3o Oeste da Bahia, o cen\u00e1rio foi diferente. A consultoria informou que, \u201cna mesma compara\u00e7\u00e3o, a cota\u00e7\u00e3o de todas as categorias n\u00e3o havia mudado\u201d. As escalas de abate nessa pra\u00e7a atendiam, em m\u00e9dia, 12 dias.<\/p>\n<p style=\"text-align:justify\">Em Roraima, o levantamento indicou recuo no pre\u00e7o do boi gordo. \u201cNa compara\u00e7\u00e3o feita dia a dia, a cota\u00e7\u00e3o do boi gordo havia recuado R$3,00\/@, demais categorias ficaram est\u00e1veis\u201d, apontou o informativo.<\/p>\n<p style=\"text-align:justify\">No oeste do Maranh\u00e3o, a segunda semana de mar\u00e7o foi marcada por queda nas cota\u00e7\u00f5es. Segundo a an\u00e1lise, \u201ca cota\u00e7\u00e3o do boi gordo e a da vaca caiu R$2,00\/@, e a da novilha caiu R$3,00\/@\u201d. Apesar disso, na compara\u00e7\u00e3o di\u00e1ria, o mercado iniciou a sexta-feira com pre\u00e7os est\u00e1veis, sustentados pela postura dos vendedores. Nessa regi\u00e3o, as escalas de abate atendiam, em m\u00e9dia, seis dias.&#13;\n<\/p>\n<\/p><\/div>\n<p><script data-cfasync=\"false\">\n    !function (f, b, e, v, n, t, s) {\n        if (f.fbq) return; n = f.fbq = function () {\n            n.callMethod ?\n                n.callMethod.apply(n, arguments) : n.queue.push(arguments)\n        };\n        if (!f._fbq) f._fbq = n; n.push = n; n.loaded = !0; n.version = '2.0';\n        n.queue = []; t = b.createElement(e); t.async = !0;\n        t.src = v; s = b.getElementsByTagName(e)[0];\n        s.parentNode.insertBefore(t, s)\n    }(window, document, 'script',\n        'https:\/\/connect.facebook.net\/en_US\/fbevents.js');\n    fbq('init', '522546078623747');\n    fbq('track', 'PageView');\n<\/script><br \/>\n<br \/><br \/>\n<br \/><a href=\"https:\/\/www.agrolink.com.br\/noticias\/cotacoes-do-boi-variam-entre-estados-do-pais_512047.html\">Source link <\/a><\/p>\n","protected":false},"excerpt":{"rendered":"<p>O mercado do boi gordo iniciou a sexta-feira (13) com estabilidade nas cota\u00e7\u00f5es em S\u00e3o Paulo, segundo an\u00e1lise do informativo<\/p>\n","protected":false},"author":1,"featured_media":5028,"comment_status":"open","ping_status":"open","sticky":false,"template":"","format":"standard","meta":{"_monsterinsights_skip_tracking":false,"_monsterinsights_sitenote_active":false,"_monsterinsights_sitenote_note":"","_monsterinsights_sitenote_category":0,"_uf_show_specific_survey":0,"_uf_disable_surveys":false,"footnotes":""},"categories":[8,1,14],"tags":[],"class_list":["post-27682","post","type-post","status-publish","format-standard","has-post-thumbnail","hentry","category-agro","category-news","category-politica-agro"],"_links":{"self":[{"href":"https:\/\/agromt.news\/index.php?rest_route=\/wp\/v2\/posts\/27682"}],"collection":[{"href":"https:\/\/agromt.news\/index.php?rest_route=\/wp\/v2\/posts"}],"about":[{"href":"https:\/\/agromt.news\/index.php?rest_route=\/wp\/v2\/types\/post"}],"author":[{"embeddable":true,"href":"https:\/\/agromt.news\/index.php?rest_route=\/wp\/v2\/users\/1"}],"replies":[{"embeddable":true,"href":"https:\/\/agromt.news\/index.php?rest_route=%2Fwp%2Fv2%2Fcomments&post=27682"}],"version-history":[{"count":0,"href":"https:\/\/agromt.news\/index.php?rest_route=\/wp\/v2\/posts\/27682\/revisions"}],"wp:featuredmedia":[{"embeddable":true,"href":"https:\/\/agromt.news\/index.php?rest_route=\/wp\/v2\/media\/5028"}],"wp:attachment":[{"href":"https:\/\/agromt.news\/index.php?rest_route=%2Fwp%2Fv2%2Fmedia&parent=27682"}],"wp:term":[{"taxonomy":"category","embeddable":true,"href":"https:\/\/agromt.news\/index.php?rest_route=%2Fwp%2Fv2%2Fcategories&post=27682"},{"taxonomy":"post_tag","embeddable":true,"href":"https:\/\/agromt.news\/index.php?rest_route=%2Fwp%2Fv2%2Ftags&post=27682"}],"curies":[{"name":"wp","href":"https:\/\/api.w.org\/{rel}","templated":true}]}}