{"id":27681,"date":"2026-03-14T19:24:00","date_gmt":"2026-03-14T23:24:00","guid":{"rendered":"https:\/\/agromt.news\/?p=27681"},"modified":"2026-03-14T19:24:00","modified_gmt":"2026-03-14T23:24:00","slug":"custos-caem-para-suinos-e-se-mantem-para-frango-em-fevereiro","status":"publish","type":"post","link":"https:\/\/agromt.news\/?p=27681","title":{"rendered":"Custos caem para su\u00ednos e se mant\u00eam para frango em fevereiro"},"content":{"rendered":"<p> <br \/>\n<\/p>\n<div>\n<p style=\"text-align:justify\">Os custos de produ\u00e7\u00e3o de su\u00ednos e de frangos de corte tiveram comportamentos diferentes em fevereiro conforme os levantamentos mensais da Embrapa Su\u00ednos e Aves divulgados por meio da Central de Intelig\u00eancia de Aves e Su\u00ednos (CIAS).<\/p>\n<p style=\"text-align:justify\">Em Santa Catarina, o custo de produ\u00e7\u00e3o do quilo do su\u00edno vivo passou de R$ 6,45 em janeiro para R$ 6,36, queda de 1,39%, com o ICPSu\u00edno recuando para 364,12 pontos. No ano, o \u00edndice acumula uma diminui\u00e7\u00e3o de 1,77%. No acumulado dos \u00faltimos 12 meses, a varia\u00e7\u00e3o \u00e9 de -0,04%. A ra\u00e7\u00e3o, respons\u00e1vel por 71,92% do custo total de produ\u00e7\u00e3o em fevereiro, baixou 1,08% no m\u00eas e acumula -1,42% no ano.&#13;\n<\/p>\n<p style=\"text-align:justify\">No Paran\u00e1, o custo de produ\u00e7\u00e3o do quilo do frango de corte em fevereiro se manteve praticamente est\u00e1vel em rela\u00e7\u00e3o a janeiro, subindo R$ 0,01, chegando aos R$ 4,72, alta de 0,16%. No ano, o \u00edndice acumula alta de1,40%. J\u00e1 no acumulado dos \u00faltimos 12 meses, a varia\u00e7\u00e3o \u00e9 negativa: -3,15%. Os custos com aquisi\u00e7\u00e3o de pintos de 1 dia de vida (18,92% do total), ca\u00edram 0,04% em fevereiro, mas t\u00eam um aumento acumulado de 18,56% nos \u00faltimos 12 meses.<\/p>\n<p style=\"text-align:justify\">Santa Catarina e Paran\u00e1 s\u00e3o estados de refer\u00eancia nos c\u00e1lculos dos \u00cdndices de Custo de Produ\u00e7\u00e3o (ICPs) da CIAS, devido \u00e0 sua relev\u00e2ncia como maiores produtores nacionais de su\u00ednos e frangos de corte, respectivamente. A CIAS tamb\u00e9m disponibiliza estimativas de custos para os estados de Goi\u00e1s, Minas Gerais, Mato Grosso e Rio Grande do Sul, fornecendo subs\u00eddios importantes para a gest\u00e3o t\u00e9cnica e econ\u00f4mica dos sistemas produtivos de su\u00ednos e aves de corte.&#13;\n<\/p>\n<p style=\"text-align:justify\">Como apoio aos produtores, a Embrapa disponibiliza ferramentas gratuitas de gest\u00e3o, como o aplicativo Custo F\u00e1cil, para dispositivos Android e com download pela Play Store, que gera relat\u00f3rios personalizados e diferencia despesas com m\u00e3o de obra familiar, al\u00e9m de uma planilha de custos voltada \u00e0 gest\u00e3o de granjas integradas de su\u00ednos e frangos de corte, dispon\u00edvel no site da CIAS.<\/p>\n<\/p><\/div>\n<p><script data-cfasync=\"false\">\n    !function (f, b, e, v, n, t, s) {\n        if (f.fbq) return; n = f.fbq = function () {\n            n.callMethod ?\n                n.callMethod.apply(n, arguments) : n.queue.push(arguments)\n        };\n        if (!f._fbq) f._fbq = n; n.push = n; n.loaded = !0; n.version = '2.0';\n        n.queue = []; t = b.createElement(e); t.async = !0;\n        t.src = v; s = b.getElementsByTagName(e)[0];\n        s.parentNode.insertBefore(t, s)\n    }(window, document, 'script',\n        'https:\/\/connect.facebook.net\/en_US\/fbevents.js');\n    fbq('init', '522546078623747');\n    fbq('track', 'PageView');\n<\/script><br \/>\n<br \/><br \/>\n<br \/><a href=\"https:\/\/www.agrolink.com.br\/noticias\/custos-de-producao-de-suinos-caem-e-frango-de-corte-se-mantem-estavel-em-fevereiro_512049.html\">Source link <\/a><\/p>\n","protected":false},"excerpt":{"rendered":"<p>Os custos de produ\u00e7\u00e3o de su\u00ednos e de frangos de corte tiveram comportamentos diferentes em fevereiro conforme os levantamentos mensais<\/p>\n","protected":false},"author":1,"featured_media":20279,"comment_status":"open","ping_status":"open","sticky":false,"template":"","format":"standard","meta":{"_monsterinsights_skip_tracking":false,"_monsterinsights_sitenote_active":false,"_monsterinsights_sitenote_note":"","_monsterinsights_sitenote_category":0,"_uf_show_specific_survey":0,"_uf_disable_surveys":false,"footnotes":""},"categories":[8,1,14],"tags":[],"class_list":["post-27681","post","type-post","status-publish","format-standard","has-post-thumbnail","hentry","category-agro","category-news","category-politica-agro"],"_links":{"self":[{"href":"https:\/\/agromt.news\/index.php?rest_route=\/wp\/v2\/posts\/27681"}],"collection":[{"href":"https:\/\/agromt.news\/index.php?rest_route=\/wp\/v2\/posts"}],"about":[{"href":"https:\/\/agromt.news\/index.php?rest_route=\/wp\/v2\/types\/post"}],"author":[{"embeddable":true,"href":"https:\/\/agromt.news\/index.php?rest_route=\/wp\/v2\/users\/1"}],"replies":[{"embeddable":true,"href":"https:\/\/agromt.news\/index.php?rest_route=%2Fwp%2Fv2%2Fcomments&post=27681"}],"version-history":[{"count":0,"href":"https:\/\/agromt.news\/index.php?rest_route=\/wp\/v2\/posts\/27681\/revisions"}],"wp:featuredmedia":[{"embeddable":true,"href":"https:\/\/agromt.news\/index.php?rest_route=\/wp\/v2\/media\/20279"}],"wp:attachment":[{"href":"https:\/\/agromt.news\/index.php?rest_route=%2Fwp%2Fv2%2Fmedia&parent=27681"}],"wp:term":[{"taxonomy":"category","embeddable":true,"href":"https:\/\/agromt.news\/index.php?rest_route=%2Fwp%2Fv2%2Fcategories&post=27681"},{"taxonomy":"post_tag","embeddable":true,"href":"https:\/\/agromt.news\/index.php?rest_route=%2Fwp%2Fv2%2Ftags&post=27681"}],"curies":[{"name":"wp","href":"https:\/\/api.w.org\/{rel}","templated":true}]}}