{"id":2768,"date":"2024-10-04T10:17:47","date_gmt":"2024-10-04T14:17:47","guid":{"rendered":"https:\/\/agromt.news\/?p=2768"},"modified":"2024-10-04T10:17:47","modified_gmt":"2024-10-04T14:17:47","slug":"abcz-lamenta-a-morte-do-pecuarista-adir-do-carmo-leonel","status":"publish","type":"post","link":"https:\/\/agromt.news\/?p=2768","title":{"rendered":"ABCZ lamenta a morte do pecuarista Adir do Carmo Leonel"},"content":{"rendered":"<p> <br \/>\n<br \/><img decoding=\"async\" src=\"https:\/\/agromt.news\/wp-content\/uploads\/2024\/10\/ABCZ-lamenta-a-morte-do-pecuarista-Adir-do-Carmo-Leonel.jpg\" \/><\/p>\n<div>\n<p>Em nota, a Associa\u00e7\u00e3o Brasileira dos Criadores de Zebu (<strong><a href=\"https:\/\/www.canalrural.com.br\/tag\/abcz\/\">ABCZ<\/a><\/strong>) lamenta a morte do pecuarista <strong>Adir do Carmo Leonel<\/strong>, um dos seus mais antigos associados e uma das maiores refer\u00eancias na pecu\u00e1ria nacional. Adir faleceu aos 85 anos, deixando um importante legado para o setor.<\/p>\n<p>Associado \u00e0 ABCZ desde 1970 e apaixonado pela ra\u00e7a nelore, Adir foi um defensor da pureza racial aliada \u00e0 produtividade. Filho e neto de pecuaristas, ele se especializou na cria\u00e7\u00e3o extensiva de gado, realizando todo o ciclo da pecu\u00e1ria: cria, recria e engorda. Foi tamb\u00e9m um dos pioneiros na ado\u00e7\u00e3o de t\u00e9cnicas inovadoras, como insemina\u00e7\u00e3o artificial e transfer\u00eancia de embri\u00f5es, fortalecendo a produ\u00e7\u00e3o nacional.<\/p>\n<p><em>Confira na palma da m\u00e3o informa\u00e7\u00f5es quentes sobre agricultura, pecu\u00e1ria, economia e previs\u00e3o do tempo:<\/em><a href=\"https:\/\/www.whatsapp.com\/channel\/0029Va9VnZxGk1FplZjiW43k\"><em> <\/em><strong>siga o Canal Rural no WhatsApp<\/strong><\/a>!<\/p>\n<\/div>\n<div>\n<p>Ao longo de sua carreira, Adir marcou presen\u00e7a como jurado das ra\u00e7as zebu\u00ednas na ABCZ. Ele foi respons\u00e1vel por conceder campeonatos a animais que se tornaram \u00edcones da ra\u00e7a Nelore, como Chummak, Gangayah do Brumado, Inca, Vassuveda e Ludy de Gar\u00e7a, entre outros.<\/p>\n<p>O vel\u00f3rio ser\u00e1 realizado a partir das 11h30 no Memorial Parque dos Girass\u00f3is, em Ribeir\u00e3o Preto, S\u00e3o Paulo, e o sepultamento est\u00e1 previsto para as 17h.<\/p>\n<p>A ABCZ presta sua solidariedade e expressa os mais profundos sentimentos \u00e0 fam\u00edlia e amigos de Adir do Carmo Leonel.<\/p>\n<\/div>\n<p><br \/>\n<br \/><a href=\"https:\/\/www.canalrural.com.br\/pecuaria\/boi\/abcz-lamenta-a-morte-do-pecuarista-adir-do-carmo-leonel\/\">Source link <\/a><\/p>\n","protected":false},"excerpt":{"rendered":"<p>Em nota, a Associa\u00e7\u00e3o Brasileira dos Criadores de Zebu (ABCZ) lamenta a morte do pecuarista Adir do Carmo Leonel, um<\/p>\n","protected":false},"author":1,"featured_media":2769,"comment_status":"open","ping_status":"open","sticky":false,"template":"","format":"standard","meta":{"_monsterinsights_skip_tracking":false,"_monsterinsights_sitenote_active":false,"_monsterinsights_sitenote_note":"","_monsterinsights_sitenote_category":0,"_uf_show_specific_survey":0,"_uf_disable_surveys":false,"footnotes":""},"categories":[1],"tags":[],"class_list":["post-2768","post","type-post","status-publish","format-standard","has-post-thumbnail","hentry","category-news"],"_links":{"self":[{"href":"https:\/\/agromt.news\/index.php?rest_route=\/wp\/v2\/posts\/2768"}],"collection":[{"href":"https:\/\/agromt.news\/index.php?rest_route=\/wp\/v2\/posts"}],"about":[{"href":"https:\/\/agromt.news\/index.php?rest_route=\/wp\/v2\/types\/post"}],"author":[{"embeddable":true,"href":"https:\/\/agromt.news\/index.php?rest_route=\/wp\/v2\/users\/1"}],"replies":[{"embeddable":true,"href":"https:\/\/agromt.news\/index.php?rest_route=%2Fwp%2Fv2%2Fcomments&post=2768"}],"version-history":[{"count":0,"href":"https:\/\/agromt.news\/index.php?rest_route=\/wp\/v2\/posts\/2768\/revisions"}],"wp:featuredmedia":[{"embeddable":true,"href":"https:\/\/agromt.news\/index.php?rest_route=\/wp\/v2\/media\/2769"}],"wp:attachment":[{"href":"https:\/\/agromt.news\/index.php?rest_route=%2Fwp%2Fv2%2Fmedia&parent=2768"}],"wp:term":[{"taxonomy":"category","embeddable":true,"href":"https:\/\/agromt.news\/index.php?rest_route=%2Fwp%2Fv2%2Fcategories&post=2768"},{"taxonomy":"post_tag","embeddable":true,"href":"https:\/\/agromt.news\/index.php?rest_route=%2Fwp%2Fv2%2Ftags&post=2768"}],"curies":[{"name":"wp","href":"https:\/\/api.w.org\/{rel}","templated":true}]}}