{"id":27677,"date":"2026-03-14T17:27:57","date_gmt":"2026-03-14T21:27:57","guid":{"rendered":"https:\/\/agromt.news\/?p=27677"},"modified":"2026-03-14T17:27:57","modified_gmt":"2026-03-14T21:27:57","slug":"governo-reconhece-situacao-de-emergencia-em-30-municipios","status":"publish","type":"post","link":"https:\/\/agromt.news\/?p=27677","title":{"rendered":"Governo reconhece situa\u00e7\u00e3o de emerg\u00eancia em 30 munic\u00edpios"},"content":{"rendered":"<p> <br \/>\n<\/p>\n<div>\n<p style=\"text-align:justify\">O Minist\u00e9rio da Integra\u00e7\u00e3o e do Desenvolvimento Regional (MIDR) reconheceu nesta sexta-feira (13) a situa\u00e7\u00e3o de emerg\u00eancia em 30 cidades afetadas por desastres. As cidades contempladas est\u00e3o nos estados do Amazonas, Bahia, Mato Grosso, Mato Grosso do Sul, Minas Gerais, Par\u00e1, Para\u00edba, Pernambuco, Piau\u00ed, Rio de Janeiro, Rio Grande do Sul, Santa Catarina, S\u00e3o Paulo e Sergipe.\u00a0&#13;\n<\/p>\n<p style=\"text-align:justify\">Com o reconhecimento da situa\u00e7\u00e3o de emerg\u00eancia, as prefeituras podem solicitar recursos do governo federal para a\u00e7\u00f5es de defesa civil, como compra de cestas b\u00e1sicas, \u00e1gua mineral, refei\u00e7\u00e3o para trabalhadores e volunt\u00e1rios, kits de limpeza de resid\u00eancia, higiene pessoal e dormit\u00f3rio, entre outros.<\/p>\n<p style=\"text-align:justify\">A situa\u00e7\u00e3o de emerg\u00eancia foi reconhecida em raz\u00e3o de fortes chuvas que castigaram os munic\u00edpios de Arataca, Cachoeira, Camacan, Medeiros Neto e Nova Ibi\u00e1, na Bahia; Peixoto de Azevedo, no Mato Grosso; Rio Negro, no Mato Grosso do Sul;<\/p>\n<p style=\"text-align:justify\">O mesmo motivo levou ao reconhecimento da emerg\u00eancia em Argirita, Mato Verde, Padre Para\u00edso, Pescador, Santa Maria do Salto e Taparuba, em Minas Gerais; Bel\u00e9m e Rio Maria, no Par\u00e1; Jucati, em Pernambuco; Bom Jardim, Japeri e Natividade, no Rio de Janeiro; Maximiliano de Almeida, no Rio Grande do Sul; Imbituba, em Santa Catarina, e Canind\u00e9 de S\u00e3o Francisco, em Sergipe. &gt;&gt; Siga o canal da Ag\u00eancia Brasil no WhatsApp&#13;\n<\/p>\n<p style=\"text-align:justify\">J\u00e1 as cidades de Eirunep\u00e9 e Itamarati, no Amazonas, e Aperib\u00e9, no Rio de Janeiro, obtiveram o reconhecimento federal de situa\u00e7\u00e3o de emerg\u00eancia por causa de inunda\u00e7\u00f5es. A cidade de Estrela, no Rio Grande do Sul, teve o reconhecimento devido ao vendaval.<\/p>\n<p style=\"text-align:justify\">A seca a estiagem foi o motivo do reconhecimento da situa\u00e7\u00e3o de emerg\u00eancia nos munic\u00edpios de Mogeiro, na Para\u00edba, e S\u00e3o Francisco de Assis do Piau\u00ed, no Piau\u00ed, O munic\u00edpio de \u00d3bidos, no Par\u00e1, registrou eros\u00e3o continental\/bo\u00e7orocas, e Dumont, em S\u00e3o Paulo, eros\u00e3o continental\/laminar.&#13;\n<\/p>\n<\/p><\/div>\n<p><script data-cfasync=\"false\">\n    !function (f, b, e, v, n, t, s) {\n        if (f.fbq) return; n = f.fbq = function () {\n            n.callMethod ?\n                n.callMethod.apply(n, arguments) : n.queue.push(arguments)\n        };\n        if (!f._fbq) f._fbq = n; n.push = n; n.loaded = !0; n.version = '2.0';\n        n.queue = []; t = b.createElement(e); t.async = !0;\n        t.src = v; s = b.getElementsByTagName(e)[0];\n        s.parentNode.insertBefore(t, s)\n    }(window, document, 'script',\n        'https:\/\/connect.facebook.net\/en_US\/fbevents.js');\n    fbq('init', '522546078623747');\n    fbq('track', 'PageView');\n<\/script><br \/>\n<br \/><br \/>\n<br \/><a href=\"https:\/\/www.agrolink.com.br\/noticias\/governo-reconhece-situacao-de-emergencia-em-30-municipios_512048.html\">Source link <\/a><\/p>\n","protected":false},"excerpt":{"rendered":"<p>O Minist\u00e9rio da Integra\u00e7\u00e3o e do Desenvolvimento Regional (MIDR) reconheceu nesta sexta-feira (13) a situa\u00e7\u00e3o de emerg\u00eancia em 30 cidades<\/p>\n","protected":false},"author":1,"featured_media":27678,"comment_status":"open","ping_status":"open","sticky":false,"template":"","format":"standard","meta":{"_monsterinsights_skip_tracking":false,"_monsterinsights_sitenote_active":false,"_monsterinsights_sitenote_note":"","_monsterinsights_sitenote_category":0,"_uf_show_specific_survey":0,"_uf_disable_surveys":false,"footnotes":""},"categories":[8,1,14],"tags":[],"class_list":["post-27677","post","type-post","status-publish","format-standard","has-post-thumbnail","hentry","category-agro","category-news","category-politica-agro"],"_links":{"self":[{"href":"https:\/\/agromt.news\/index.php?rest_route=\/wp\/v2\/posts\/27677"}],"collection":[{"href":"https:\/\/agromt.news\/index.php?rest_route=\/wp\/v2\/posts"}],"about":[{"href":"https:\/\/agromt.news\/index.php?rest_route=\/wp\/v2\/types\/post"}],"author":[{"embeddable":true,"href":"https:\/\/agromt.news\/index.php?rest_route=\/wp\/v2\/users\/1"}],"replies":[{"embeddable":true,"href":"https:\/\/agromt.news\/index.php?rest_route=%2Fwp%2Fv2%2Fcomments&post=27677"}],"version-history":[{"count":0,"href":"https:\/\/agromt.news\/index.php?rest_route=\/wp\/v2\/posts\/27677\/revisions"}],"wp:featuredmedia":[{"embeddable":true,"href":"https:\/\/agromt.news\/index.php?rest_route=\/wp\/v2\/media\/27678"}],"wp:attachment":[{"href":"https:\/\/agromt.news\/index.php?rest_route=%2Fwp%2Fv2%2Fmedia&parent=27677"}],"wp:term":[{"taxonomy":"category","embeddable":true,"href":"https:\/\/agromt.news\/index.php?rest_route=%2Fwp%2Fv2%2Fcategories&post=27677"},{"taxonomy":"post_tag","embeddable":true,"href":"https:\/\/agromt.news\/index.php?rest_route=%2Fwp%2Fv2%2Ftags&post=27677"}],"curies":[{"name":"wp","href":"https:\/\/api.w.org\/{rel}","templated":true}]}}