{"id":27669,"date":"2026-03-14T15:16:01","date_gmt":"2026-03-14T19:16:01","guid":{"rendered":"https:\/\/agromt.news\/?p=27669"},"modified":"2026-03-14T15:16:01","modified_gmt":"2026-03-14T19:16:01","slug":"leu-esta-operacao-apreende-toneladas-de-defensivos-agricolas-irregulares-em-minas-gerais","status":"publish","type":"post","link":"https:\/\/agromt.news\/?p=27669","title":{"rendered":"Leu esta? Opera\u00e7\u00e3o apreende toneladas de defensivos agr\u00edcolas irregulares em Minas Gerais"},"content":{"rendered":"<p> <br \/>\n<\/p>\n<div>\n<figure><img decoding=\"async\" src=\"https:\/\/agromt.news\/wp-content\/uploads\/2026\/03\/1773170037_682_Quase-60-toneladas-de-insumos-agricolas-sao-encontradas-em-galpao.jpeg\" alt=\"defensivos agr\u00edcolas irregulares\" \/><figcaption>Foto: Divulga\u00e7\u00e3o\/Mapa<\/figcaption><\/figure>\n<\/div>\n<p>Uma opera\u00e7\u00e3o de <a href=\"https:\/\/www.canalrural.com.br\/?s=apreens%C3%A3o\">fiscaliza\u00e7\u00e3o <\/a>apreendeu cerca de 28 toneladas de defensivos agr\u00edcolas com ind\u00edcios de irregularidades no munic\u00edpio de Patos de Minas, em Minas Gerais. A a\u00e7\u00e3o ocorreu na segunda (9) e ter\u00e7a-feira (10) durante a Opera\u00e7\u00e3o D\u00f3los, conduzida pelo Minist\u00e9rio da Agricultura e Pecu\u00e1ria.<\/p>\n<p>Os produtos estavam armazenados em um galp\u00e3o clandestino e parte deles foi encontrada em gal\u00f5es sem rotulagem, o que levanta suspeitas de falsifica\u00e7\u00e3o e com\u00e9rcio irregular. A opera\u00e7\u00e3o teve como objetivo combater a circula\u00e7\u00e3o de defensivos ilegais e refor\u00e7ar a seguran\u00e7a no uso de insumos agr\u00edcolas.<\/p>\n<ul class=\"wp-block-list\">\n<li><em>Veja em primeira m\u00e3o tudo sobre agricultura, pecu\u00e1ria, economia e previs\u00e3o do tempo:<\/em><a href=\"https:\/\/news.google.com\/publications\/CAAqBwgKMPKZlQswq_mqAw?hl=pt-BR&amp;gl=BR&amp;ceid=BR%3Apt-419\"><strong><em>siga o Canal Rural no Google News!<\/em><\/strong><\/a><\/li>\n<\/ul>\n<p>Al\u00e9m dos defensivos, os fiscais tamb\u00e9m localizaram outros insumos com ind\u00edcios de irregularidades. Foram apreendidas aproximadamente 10,5 toneladas de sementes e 20,5 toneladas de fertilizantes no mesmo local.<\/p>\n<p>A a\u00e7\u00e3o foi realizada de forma integrada entre o Minist\u00e9rio da Agricultura e Pecu\u00e1ria, o Instituto Mineiro de Agropecu\u00e1ria e o Instituto Brasileiro do Meio Ambiente e dos Recursos Naturais Renov\u00e1veis. Segundo os \u00f3rg\u00e3os envolvidos, a fiscaliza\u00e7\u00e3o \u00e9 fundamental para combater o com\u00e9rcio ilegal e proteger a cadeia produtiva.<\/p>\n<p>De acordo com os respons\u00e1veis pela opera\u00e7\u00e3o, o uso de defensivos falsificados pode causar preju\u00edzos \u00e0s lavouras, contaminar solo e recursos h\u00eddricos e comprometer a credibilidade da produ\u00e7\u00e3o agr\u00edcola. O estabelecimento foi interditado e autuado, e o preju\u00edzo estimado aos envolvidos com os produtos apreendidos ultrapassa R$ 3,2 milh\u00f5es.<\/p>\n<p>O post <a href=\"https:\/\/www.canalrural.com.br\/nacional\/leu-esta-operacao-apreende-toneladas-de-defensivos-agricolas-irregulares-em-minas-gerais\/\">Leu esta? Opera\u00e7\u00e3o apreende toneladas de defensivos agr\u00edcolas irregulares em Minas Gerais<\/a> apareceu primeiro em <a href=\"https:\/\/www.canalrural.com.br\">Canal Rural<\/a>.<\/p>\n<p><br \/>\n<br \/><a href=\"https:\/\/www.canalrural.com.br\/nacional\/leu-esta-operacao-apreende-toneladas-de-defensivos-agricolas-irregulares-em-minas-gerais\/\">Source link <\/a><\/p>\n","protected":false},"excerpt":{"rendered":"<p>Foto: Divulga\u00e7\u00e3o\/Mapa Uma opera\u00e7\u00e3o de fiscaliza\u00e7\u00e3o apreendeu cerca de 28 toneladas de defensivos agr\u00edcolas com ind\u00edcios de irregularidades no munic\u00edpio<\/p>\n","protected":false},"author":1,"featured_media":27670,"comment_status":"open","ping_status":"open","sticky":false,"template":"","format":"standard","meta":{"_monsterinsights_skip_tracking":false,"_monsterinsights_sitenote_active":false,"_monsterinsights_sitenote_note":"","_monsterinsights_sitenote_category":0,"_uf_show_specific_survey":0,"_uf_disable_surveys":false,"footnotes":""},"categories":[1],"tags":[],"class_list":["post-27669","post","type-post","status-publish","format-standard","has-post-thumbnail","hentry","category-news"],"_links":{"self":[{"href":"https:\/\/agromt.news\/index.php?rest_route=\/wp\/v2\/posts\/27669"}],"collection":[{"href":"https:\/\/agromt.news\/index.php?rest_route=\/wp\/v2\/posts"}],"about":[{"href":"https:\/\/agromt.news\/index.php?rest_route=\/wp\/v2\/types\/post"}],"author":[{"embeddable":true,"href":"https:\/\/agromt.news\/index.php?rest_route=\/wp\/v2\/users\/1"}],"replies":[{"embeddable":true,"href":"https:\/\/agromt.news\/index.php?rest_route=%2Fwp%2Fv2%2Fcomments&post=27669"}],"version-history":[{"count":0,"href":"https:\/\/agromt.news\/index.php?rest_route=\/wp\/v2\/posts\/27669\/revisions"}],"wp:featuredmedia":[{"embeddable":true,"href":"https:\/\/agromt.news\/index.php?rest_route=\/wp\/v2\/media\/27670"}],"wp:attachment":[{"href":"https:\/\/agromt.news\/index.php?rest_route=%2Fwp%2Fv2%2Fmedia&parent=27669"}],"wp:term":[{"taxonomy":"category","embeddable":true,"href":"https:\/\/agromt.news\/index.php?rest_route=%2Fwp%2Fv2%2Fcategories&post=27669"},{"taxonomy":"post_tag","embeddable":true,"href":"https:\/\/agromt.news\/index.php?rest_route=%2Fwp%2Fv2%2Ftags&post=27669"}],"curies":[{"name":"wp","href":"https:\/\/api.w.org\/{rel}","templated":true}]}}