{"id":27661,"date":"2026-03-14T13:35:05","date_gmt":"2026-03-14T17:35:05","guid":{"rendered":"https:\/\/agromt.news\/?p=27661"},"modified":"2026-03-14T13:35:05","modified_gmt":"2026-03-14T17:35:05","slug":"26a-expodireto-cotrijal-reafirma-protagonismo-como-movimento-de-valorizacao-do-agro","status":"publish","type":"post","link":"https:\/\/agromt.news\/?p=27661","title":{"rendered":"26\u00aa Expodireto Cotrijal reafirma protagonismo como movimento de valoriza\u00e7\u00e3o do agro"},"content":{"rendered":"<p> <br \/>\n<\/p>\n<div>\n<p style=\"text-align:justify\">A Expodireto Cotrijal de 2026 chega ao fim nesta sexta-feira, 13 de mar\u00e7o, em N\u00e3o-Me-Toque\/RS, reafirmando a robustez, a persist\u00eancia e o protagonismo do agroneg\u00f3cio ga\u00facho. A feira apresentou inova\u00e7\u00f5es, tecnologias e lan\u00e7amentos. Al\u00e9m disso, ao longo da semana, promoveu eventos j\u00e1 consolidados, assim como f\u00f3runs e eventos in\u00e9ditos, debatendo o futuro do setor.&#13;\n<\/p>\n<p style=\"text-align:justify\">\u201cA Expodireto Cotrijal \u00e9 um porto seguro onde o produtor busca informa\u00e7\u00f5es e encontra formas de se manter na atividade, produzindo com qualidade e sustentabilidade, para que tenhamos um mundo cada vez melhor. Portanto, eu acredito muito em todo o processo produtivo e saio daqui, enquanto produtor, muito feliz por tudo aquilo que eu vi, pelas novas tecnologias, pelas novas oportunidades e tamb\u00e9m com um conhecimento maior sobre o que existe de mais moderno no mundo para o agroneg\u00f3cio\u201d, avalia o presidente da Expodireto Cotrijal, Nei C\u00e9sar Manica.<\/p>\n<p style=\"text-align:justify\">Ao todo, o parque de 130 hectares contou com 613 expositores, incluindo as \u00e1reas de m\u00e1quinas e equipamentos, produ\u00e7\u00e3o vegetal, produ\u00e7\u00e3o animal, institui\u00e7\u00f5es financeiras e de pesquisa. No Pavilh\u00e3o da Agricultura Familiar, 224 empreendimentos apresentaram ao p\u00fablico produtos tradicionais e lan\u00e7amentos. A Arena Agrodigital reuniu mais de 30 empresas, startups e hubs de inova\u00e7\u00e3o, apresentando as principais tecnologias e novidades para o agroneg\u00f3cio.<\/p>\n<p style=\"text-align:justify\">Entre os eventos, os tradicionais f\u00f3runs voltados \u00e0s culturas agr\u00edcolas e \u00e0 pecu\u00e1ria debateram as melhores pr\u00e1ticas para produ\u00e7\u00e3o e oportunidades de mercado. Pela primeira vez na Expodireto Cotrijal, o 1\u00ba F\u00f3rum de Seguros da Cooperativa Central de Servi\u00e7os Agropecu\u00e1rios (CCSA) e a Abertura Nacional da Semeadura da Canola apresentaram novas perspectivas para o agroneg\u00f3cio. O cooperativismo tamb\u00e9m esteve em foco nos eventos promovidos pela Cotrijal para jovens, mulheres e crian\u00e7as.<\/p>\n<p style=\"text-align:justify\">A organiza\u00e7\u00e3o tamb\u00e9m anunciou a data da pr\u00f3xima edi\u00e7\u00e3o da feira, que ser\u00e1 realizada de 8 a 12 de mar\u00e7o de 2027, em N\u00e3o-Me-Toque\/RS. \u201cMesmo num per\u00edodo t\u00e3o dif\u00edcil do agro ga\u00facho e brasileiro, n\u00f3s registramos grande presen\u00e7a dos produtores rurais, mostrando que o agricultor \u00e9 resiliente, que ele faz a sua parte, trabalha e se dedica. Mesmo sofrendo com intemp\u00e9ries clim\u00e1ticas, o nosso agricultor acredita no campo e na sua atividade\u201d, ressaltou o vice-presidente da Cotrijal, Enio Schroeder.&#13;\n<\/p>\n<p style=\"text-align:justify\"><strong>Reivindica\u00e7\u00f5es<\/strong><\/p>\n<p style=\"text-align:justify\">Entre as principais discuss\u00f5es realizadas na 26\u00aa Expodireto Cotrijal, estiveram a demanda por seguro agr\u00edcola acess\u00edvel, renegocia\u00e7\u00e3o de d\u00edvidas e medidas que assegurem condi\u00e7\u00f5es para a perman\u00eancia no campo. \u201cO objetivo principal da Expodireto, al\u00e9m de mostrar tecnologia, inova\u00e7\u00e3o e oportunidades, \u00e9 aproximar cada vez mais o produtor da nossa cooperativa, da cadeia do agroneg\u00f3cio e do cooperativismo como um todo. Desta forma, sa\u00edmos daqui fortalecidos, buscando alternativas para as demandas do nosso produtor\u201d, avalia o presidente Nei C\u00e9sar Manica.<\/p>\n<p style=\"text-align:justify\">O vice-presidente Enio Schroeder lembrou da hist\u00f3rica atua\u00e7\u00e3o da feira e da cooperativa em favor dos produtores rurais. \u201cA Expodireto sempre se destacou por dar oportunidade para aqueles que precisavam ter voz. E n\u00f3s fizemos isso nesta edi\u00e7\u00e3o novamente. Todos que vieram est\u00e3o satisfeitos com o que viram, com o que foi discutido e com o acolhimento que receberam\u201d, garante o vice-presidente Enio Schroeder.<\/p>\n<p style=\"text-align:justify\"><strong>Fam\u00edlias na feira<\/strong><\/p>\n<p style=\"text-align:justify\">Mais do que apenas uma feira de neg\u00f3cios e de busca por conhecimento, a Expodireto Cotrijal se caracteriza pela grande presen\u00e7a de fam\u00edlias no Parque de Exposi\u00e7\u00e3o, especialmente no Pavilh\u00e3o da Agricultura Familiar e no Espa\u00e7o da Natureza.<\/p>\n<p style=\"text-align:justify\">O casal Dorli Merotto e Calani Tiepo, de \u00c1gua Santa\/RS, trouxe a pequena Ol\u00edvia, de 3 anos, para passear nos estandes. &#8220;Aproveitamos para olhar tudo, mas o que chamou mesmo aten\u00e7\u00e3o foi a tecnologia. Todo ano tem algo novo e precisamos nos atualizar&#8221;, afirma Merotto, que \u00e9 engenheiro agr\u00f4nomo e produtor de leite.<\/p>\n<p style=\"text-align:justify\">Quem tamb\u00e9m aprovou esta edi\u00e7\u00e3o da feira foi o casal Francieli Vescovi e Celso Jo\u00e3o Herth, de Carazinho\/RS. &#8220;Apesar de n\u00e3o atuarmos no agro, costumamos visitar a Expodireto todos os anos porque gostamos de ver os caminh\u00f5es e os tratores. E, claro, sempre aproveitamos para passar no Pavilh\u00e3o da Agricultura Familiar porque o pre\u00e7o dos produtos \u00e9 muito bom&#8221;, comenta Francieli.&#13;\n<\/p>\n<p style=\"text-align:justify\"><strong>\u201cO movimento de quem acredita no campo\u201d<\/strong><\/p>\n<p style=\"text-align:justify\">Em 2026, a Expodireto Cotrijal promoveu a campanha \u201cO movimento de quem acredita no campo\u201d, que evidencia a feira como um sistema em transforma\u00e7\u00e3o, sempre evoluindo e alcan\u00e7ando novos patamares, sem se distanciar dos objetivos, valores e ideais que basearam sua funda\u00e7\u00e3o. A campanha ressaltou a determina\u00e7\u00e3o de quem acredita no campo, mesmo diante de desafios, incertezas e adversidades.<\/p>\n<\/p><\/div>\n<p><script data-cfasync=\"false\">\n    !function (f, b, e, v, n, t, s) {\n        if (f.fbq) return; n = f.fbq = function () {\n            n.callMethod ?\n                n.callMethod.apply(n, arguments) : n.queue.push(arguments)\n        };\n        if (!f._fbq) f._fbq = n; n.push = n; n.loaded = !0; n.version = '2.0';\n        n.queue = []; t = b.createElement(e); t.async = !0;\n        t.src = v; s = b.getElementsByTagName(e)[0];\n        s.parentNode.insertBefore(t, s)\n    }(window, document, 'script',\n        'https:\/\/connect.facebook.net\/en_US\/fbevents.js');\n    fbq('init', '522546078623747');\n    fbq('track', 'PageView');\n<\/script><br \/>\n<br \/><br \/>\n<br \/><a href=\"https:\/\/www.agrolink.com.br\/noticias\/26--expodireto-cotrijal-reafirma-protagonismo-como-movimento-de-valorizacao-do-agro_512053.html\">Source link <\/a><\/p>\n","protected":false},"excerpt":{"rendered":"<p>A Expodireto Cotrijal de 2026 chega ao fim nesta sexta-feira, 13 de mar\u00e7o, em N\u00e3o-Me-Toque\/RS, reafirmando a robustez, a persist\u00eancia<\/p>\n","protected":false},"author":1,"featured_media":27662,"comment_status":"open","ping_status":"open","sticky":false,"template":"","format":"standard","meta":{"_monsterinsights_skip_tracking":false,"_monsterinsights_sitenote_active":false,"_monsterinsights_sitenote_note":"","_monsterinsights_sitenote_category":0,"_uf_show_specific_survey":0,"_uf_disable_surveys":false,"footnotes":""},"categories":[8,1,14],"tags":[],"class_list":["post-27661","post","type-post","status-publish","format-standard","has-post-thumbnail","hentry","category-agro","category-news","category-politica-agro"],"_links":{"self":[{"href":"https:\/\/agromt.news\/index.php?rest_route=\/wp\/v2\/posts\/27661"}],"collection":[{"href":"https:\/\/agromt.news\/index.php?rest_route=\/wp\/v2\/posts"}],"about":[{"href":"https:\/\/agromt.news\/index.php?rest_route=\/wp\/v2\/types\/post"}],"author":[{"embeddable":true,"href":"https:\/\/agromt.news\/index.php?rest_route=\/wp\/v2\/users\/1"}],"replies":[{"embeddable":true,"href":"https:\/\/agromt.news\/index.php?rest_route=%2Fwp%2Fv2%2Fcomments&post=27661"}],"version-history":[{"count":0,"href":"https:\/\/agromt.news\/index.php?rest_route=\/wp\/v2\/posts\/27661\/revisions"}],"wp:featuredmedia":[{"embeddable":true,"href":"https:\/\/agromt.news\/index.php?rest_route=\/wp\/v2\/media\/27662"}],"wp:attachment":[{"href":"https:\/\/agromt.news\/index.php?rest_route=%2Fwp%2Fv2%2Fmedia&parent=27661"}],"wp:term":[{"taxonomy":"category","embeddable":true,"href":"https:\/\/agromt.news\/index.php?rest_route=%2Fwp%2Fv2%2Fcategories&post=27661"},{"taxonomy":"post_tag","embeddable":true,"href":"https:\/\/agromt.news\/index.php?rest_route=%2Fwp%2Fv2%2Ftags&post=27661"}],"curies":[{"name":"wp","href":"https:\/\/api.w.org\/{rel}","templated":true}]}}