{"id":27659,"date":"2026-03-14T12:14:03","date_gmt":"2026-03-14T16:14:03","guid":{"rendered":"https:\/\/agromt.news\/?p=27659"},"modified":"2026-03-14T12:14:03","modified_gmt":"2026-03-14T16:14:03","slug":"embrapa-se-une-a-equador-para-evitar-que-doencas-graves-da-banana-cheguem-ao-brasil","status":"publish","type":"post","link":"https:\/\/agromt.news\/?p=27659","title":{"rendered":"Embrapa se une a Equador para evitar que doen\u00e7as graves da banana cheguem ao Brasil"},"content":{"rendered":"<p> <br \/>\n<\/p>\n<div>\n<figure><img decoding=\"async\" src=\"https:\/\/agromt.news\/wp-content\/uploads\/2025\/09\/Estado-identifica-foco-de-praga-que-prejudica-plantio-de-banana.webp.webp\" alt=\"banana\" \/><\/figure>\n<\/div>\n<p>Uma carta de inten\u00e7\u00f5es para a constru\u00e7\u00e3o de acordo de coopera\u00e7\u00e3o t\u00e9cnica foi assinada por representantes da Embrapa, do Minist\u00e9rio da Agricultura, Pecu\u00e1ria e Pesca do Equador e da Associa\u00e7\u00e3o de Exportadores de Banana do Equador (Aebe) no dia 5 de mar\u00e7o, no Pal\u00e1cio do Itamaraty, em Bras\u00edlia. <\/p>\n<p>O foco da iniciativa \u00e9 o melhoramento gen\u00e9tico preventivo de bananeiras do subgrupo Cavendish (popularmente conhecida por Nanica) resistentes \u00e0 ra\u00e7a 4 Tropical (Foc R4T), a forma mais grave da murcha de Fusarium, causada pelo fungo <em>Fusarium oxysporum f. sp. cubense<\/em> (Foc).<\/p>\n<p>\u201cEsperamos que esse problema se converta em uma grande oportunidade para o governo do Equador e para a Embrapa. S\u00e3o mais de 250 mil fam\u00edlias trabalhando na produ\u00e7\u00e3o\u201d, disse o ministro de Agricultura, Pecu\u00e1ria e Pesca do Equador, Juan Carlos Vega Melo, durante a assinatura da carta de inten\u00e7\u00f5es. <\/p>\n<h2 class=\"wp-block-heading\" id=\"h-doenca-ocorre-em-17-paises\">Doen\u00e7a ocorre em 17 pa\u00edses<\/h2>\n<p>A Foc R4T \u00e9 considerada a mais destrutiva doen\u00e7a da cultura em todo o mundo e j\u00e1 ocorre em 17 pa\u00edses da \u00c1sia, \u00c1frica e Oceania. <\/p>\n<p>Ainda n\u00e3o identificada no Brasil, est\u00e1 presente na Col\u00f4mbia desde 2019, no Peru desde 2020 e na Venezuela desde 2023 \u2014 pa\u00edses que fazem fronteira com o Brasil \u2014 e foi identificada no Equador em 2025, fatores o que deixa a bananicultura nacional em permanente estado de aten\u00e7\u00e3o. <\/p>\n<p>A praga faz parte do sistema de vigil\u00e2ncia oficial do Minist\u00e9rio da Agricultura e Pecu\u00e1ria <strong><a href=\"https:\/\/www.canalrural.com.br\/tag\/mapa\/\">(Mapa)<\/a><\/strong>, o Programa Nacional de Preven\u00e7\u00e3o e Vigil\u00e2ncia de Pragas Quarenten\u00e1rias Ausentes.<\/p>\n<p>O fungo \u00e9 disseminado por solo contaminado a partir de sapatos e ferramentas, mudas de bananeira (visualmente sadias, mas infectadas) e plantas ornamentais hospedeiras.<\/p>\n<h2 class=\"wp-block-heading\" id=\"h-panorama-da-banana-no-brasil-e-no-equador\">Panorama da banana no Brasil e no Equador<\/h2>\n<p>O Equador \u00e9 atualmente o maior exportador de bananas do mundo. Em 2023, embarcou quase 4 milh\u00f5es de toneladas da fruta, conforme dados da Organiza\u00e7\u00e3o das Na\u00e7\u00f5es Unidas para a Alimenta\u00e7\u00e3o e a Agricultura (FAO). Atualmente, o pa\u00eds destina 98% de sua produ\u00e7\u00e3o para o com\u00e9rcio internacional, com destino a 75 pa\u00edses.<\/p>\n<p>Enquanto isso, o Brasil produziu, em 2024, 7 milh\u00f5es de toneladas, todas direcionadas para o consumo interno, segundo o Instituto Brasileiro de Geografia e Estat\u00edstica (IBGE).<\/p>\n<p>A valida\u00e7\u00e3o de gen\u00f3tipos resistentes sob condi\u00e7\u00f5es reais de press\u00e3o da doen\u00e7a \u00e9 fundamental para o pa\u00eds e, em especial, para os bananicultores brasileiros que optam por variedades do grupo Cavendish. <\/p>\n<p>\u201cO desenvolvimento de variedades resistentes \u00e0 Foc R4T e seu plantio em pa\u00edses onde a praga ocorre \u00e9 uma quest\u00e3o de seguran\u00e7a nacional para o Brasil. Essa estrat\u00e9gia reduz o aumento populacional da praga, bem como o risco de dissemina\u00e7\u00e3o e de introdu\u00e7\u00e3o no nosso pa\u00eds&#8221;, contextualiza o pesquisador da Embrapa Mandioca e Fruticultura (BA) e l\u00edder do Programa de Melhoramento Gen\u00e9tico de Banana e Pl\u00e1tano da Embrapa, Edson Perito Amorim.<\/p>\n<ul class=\"wp-block-list\">\n<li><em>Veja em primeira m\u00e3o tudo sobre agricultura, pecu\u00e1ria, economia e previs\u00e3o do tempo:<\/em><a href=\"https:\/\/news.google.com\/publications\/CAAqBwgKMPKZlQswq_mqAw?hl=pt-BR&amp;gl=BR&amp;ceid=BR%3Apt-419\" target=\"_blank\" rel=\"noreferrer noopener\">\u00a0<em>siga o Canal Rural no Google News!<\/em><\/a><\/li>\n<\/ul>\n<p>Segundo ele, existem apenas duas organiza\u00e7\u00f5es no mundo que pesquisam o melhoramento de Cavendish, sendo a Embrapa uma delas.  <\/p>\n<p>O grupo Cavendish, mais plantado no Equador e exportado para 75 pa\u00edses, \u00e0 exce\u00e7\u00e3o do Brasil, \u00e9 o mesmo mais plantado no Vale do Ribeira \u2014 maior regi\u00e3o produtora de banana do Brasil \u2014 mas n\u00e3o \u00e9 maioria no pa\u00eds. <\/p>\n<p>\u201cApesar de o IBGE n\u00e3o classificar a produ\u00e7\u00e3o brasileira de banana por variedade, estima-se que 55% sejam de banana tipo Prata, 10% do tipo Ma\u00e7\u00e3 e o restante, de outras variedades, incluindo Cavendish e pl\u00e1tanos, tamb\u00e9m conhecidos como bananas da terra\u201d, salienta Amorim.<\/p>\n<h2 class=\"wp-block-heading\" id=\"h-parcerias-internacionais\">Parcerias internacionais<\/h2>\n<figure class=\"wp-block-image size-full\"><img fetchpriority=\"high\" decoding=\"async\" width=\"880\" height=\"658\" src=\"https:\/\/agromt.news\/wp-content\/uploads\/2026\/03\/Embrapa-se-une-a-Equador-para-evitar-que-doencas-graves.jpg\" alt=\"reuni\u00e3o brasil equador embrapa banana\" class=\"wp-image-4160135\" \/><figcaption class=\"wp-element-caption\">Foto: Maria Clara Guaraldo<\/figcaption><\/figure>\n<p id=\"h-parcerias-internacionais-a-parceria-com-instituicoes-estrangeiras-tem-sido-essencial-para-o-avanco-das-pesquisas-brasileiras-em-busca-de-variedades-resistentes-a-doenca-foi-gracas-ao-trabalho-com-a-corporacao-colombiana-de-pesquisa-agropecuaria-agrosavia-que-o-brasil-conseguiu-comprovar-que-duas-variedades-de-banana-desenvolvidas-pela-embrapa-a-brs-princesa-tipo-maca-e-a-brs-platina-tipo-prata-sao-naturalmente-resistentes-a-foc-r4t-com-isso-atualmente-o-brasil-e-o-unico-pais-das-americas-preparado-para-enfrenta-la-pesquisas-com-a-corporacao-bananeira-nacional-corbana-da-costa-rica-tambem-estao-em-curso-com-foco-no-grupo-cavendish-o-mais-consumido-em-todo-o-mundo\">A Embrapa destaca que a parceria com institui\u00e7\u00f5es estrangeiras tem sido essencial para o avan\u00e7o das pesquisas brasileiras em busca de variedades resistentes \u00e0 doen\u00e7a. <\/p>\n<p id=\"h-parcerias-internacionais-a-parceria-com-instituicoes-estrangeiras-tem-sido-essencial-para-o-avanco-das-pesquisas-brasileiras-em-busca-de-variedades-resistentes-a-doenca-foi-gracas-ao-trabalho-com-a-corporacao-colombiana-de-pesquisa-agropecuaria-agrosavia-que-o-brasil-conseguiu-comprovar-que-duas-variedades-de-banana-desenvolvidas-pela-embrapa-a-brs-princesa-tipo-maca-e-a-brs-platina-tipo-prata-sao-naturalmente-resistentes-a-foc-r4t-com-isso-atualmente-o-brasil-e-o-unico-pais-das-americas-preparado-para-enfrenta-la-pesquisas-com-a-corporacao-bananeira-nacional-corbana-da-costa-rica-tambem-estao-em-curso-com-foco-no-grupo-cavendish-o-mais-consumido-em-todo-o-mundo\">De acordo com a entidade, foi gra\u00e7as ao trabalho com a Corpora\u00e7\u00e3o Colombiana de Pesquisa Agropecu\u00e1ria (AgroSavia) que o Brasil conseguiu comprovar que duas variedades de banana desenvolvidas pela Embrapa \u2014 a BRS Princesa (tipo Ma\u00e7\u00e3) e a BRS Platina (tipo Prata) \u2014 s\u00e3o naturalmente resistentes \u00e0 Foc R4T. <\/p>\n<p id=\"h-parcerias-internacionais-a-parceria-com-instituicoes-estrangeiras-tem-sido-essencial-para-o-avanco-das-pesquisas-brasileiras-em-busca-de-variedades-resistentes-a-doenca-foi-gracas-ao-trabalho-com-a-corporacao-colombiana-de-pesquisa-agropecuaria-agrosavia-que-o-brasil-conseguiu-comprovar-que-duas-variedades-de-banana-desenvolvidas-pela-embrapa-a-brs-princesa-tipo-maca-e-a-brs-platina-tipo-prata-sao-naturalmente-resistentes-a-foc-r4t-com-isso-atualmente-o-brasil-e-o-unico-pais-das-americas-preparado-para-enfrenta-la-pesquisas-com-a-corporacao-bananeira-nacional-corbana-da-costa-rica-tambem-estao-em-curso-com-foco-no-grupo-cavendish-o-mais-consumido-em-todo-o-mundo\">Com isso, atualmente, o Brasil \u00e9 o \u00fanico pa\u00eds das Am\u00e9ricas preparado para enfrent\u00e1-la. Pesquisas com a Corpora\u00e7\u00e3o Bananeira Nacional (Corbana), da Costa Rica, tamb\u00e9m est\u00e3o em curso, com foco no grupo Cavendish, o mais consumido em todo o mundo.<\/p>\n<p>\u201cEsta \u00e9 a primeira de v\u00e1rias oportunidades de parceria com o Equador. A coopera\u00e7\u00e3o internacional \u00e9 fundamental para acelerar o desenvolvimento e a valida\u00e7\u00e3o de tecnologias capazes de proteger a bananicultura mundial\u201d, destacou a presidente da Embrapa, Silvia Massruh\u00e1.<\/p>\n<p>Segundo ela, a colabora\u00e7\u00e3o permitir\u00e1 avan\u00e7ar em solu\u00e7\u00f5es que beneficiem produtores de diferentes pa\u00edses. \u201cA Embrapa tem um hist\u00f3rico s\u00f3lido de pesquisa em melhoramento gen\u00e9tico e de desenvolvimento de cultivares adaptadas a diferentes condi\u00e7\u00f5es tropicais. Ao unir esfor\u00e7os com o Equador e com o setor produtivo representado pela Aebe, ampliamos nossa capacidade de gerar e validar variedades mais resistentes, contribuindo para a sustentabilidade da produ\u00e7\u00e3o e para a seguran\u00e7a alimentar\u201d, afirmou.<\/p>\n<p>Massruh\u00e1 ressaltou ainda que a parceria tem car\u00e1ter estrat\u00e9gico para o Brasil e para a agricultura global. \u201cDoen\u00e7as como a ra\u00e7a 4 Tropical do Fusarium representam uma amea\u00e7a concreta \u00e0 produ\u00e7\u00e3o mundial de bananas. Trabalhar de forma colaborativa com pa\u00edses que j\u00e1 convivem com a praga \u00e9 essencial para antecipar solu\u00e7\u00f5es, reduzir riscos e garantir que os produtores tenham acesso a materiais gen\u00e9ticos mais resilientes&#8221;, disse. <\/p>\n<h2 class=\"wp-block-heading\" id=\"h-praga-quarentenaria\">Praga quarenten\u00e1ria<\/h2>\n<p>O chefe-geral da Embrapa Mandioca e Fruticultura, Francisco Laranjeira, confirma a relev\u00e2ncia do trabalho com pa\u00edses com a presen\u00e7a da Foc, j\u00e1 que a R4T \u00e9 uma das 20 pragas priorit\u00e1rias quarenten\u00e1rias para o Brasil. <\/p>\n<p>\u201cNunca \u00e9 demais refor\u00e7ar a import\u00e2ncia desse futuro acordo de coopera\u00e7\u00e3o com a Aebe. S\u00e3o dois parceiros que se complementam: a Embrapa com o aporte cient\u00edfico e tecnol\u00f3gico, e a Aebe com a avalia\u00e7\u00e3o de caracter\u00edsticas de mercado e de comercializa\u00e7\u00e3o dos frutos&#8221;, diz Laranjeira. <\/p>\n<p>De acordo com ele, a Embrapa pretende resolver um problema real dos plantios do Equador, que deve proporcionar que frutos de cultivares resistentes da Embrapa sejam utilizadas em mais de 75 mercados no mundo todo e diminuam a chance de que os problemas do R4T e do moko cheguem ao Brasil\u201d, ressalta.<\/p>\n<h2 class=\"wp-block-heading\" id=\"h-moko-da-bananeira\">Moko da bananeira<\/h2>\n<p>Outra doen\u00e7a que faz parte do escopo conjunto de pesquisas \u00e9 o moko da bananeira, causado pela bact\u00e9ria <em>Ralstonia solanacearum<\/em>. Altamente destrutivo, o moko gera sintomas em todos os \u00f3rg\u00e3os da planta que podem levar \u00e0 perda total da produ\u00e7\u00e3o. <\/p>\n<p>Por enquanto, n\u00e3o existem medidas de controle eficientes ou cultivares de bananeiras resistentes ao moko, j\u00e1 presente no Equador. \u201cO projeto discutido com o Equador, que j\u00e1 perdeu 3 mil hectares devido \u00e0 doen\u00e7a, pretende tamb\u00e9m desenvolver tecnologias que podem auxiliar os produtores brasileiros num eventual aumento da dissemina\u00e7\u00e3o dessa doen\u00e7a, que hoje est\u00e1 restrita ao Norte do Brasil, ou uma migra\u00e7\u00e3o para outras regi\u00f5es produtoras\u201d, complementa Amorim.<\/p>\n<p>O post <a href=\"https:\/\/www.canalrural.com.br\/agricultura\/embrapa-se-une-a-equador-para-evitar-que-doencas-graves-da-banana-cheguem-ao-brasil\/\">Embrapa se une a Equador para evitar que doen\u00e7as graves da banana cheguem ao Brasil<\/a> apareceu primeiro em <a href=\"https:\/\/www.canalrural.com.br\">Canal Rural<\/a>.<\/p>\n<p><br \/>\n<br \/><a href=\"https:\/\/www.canalrural.com.br\/agricultura\/embrapa-se-une-a-equador-para-evitar-que-doencas-graves-da-banana-cheguem-ao-brasil\/\">Source link <\/a><\/p>\n","protected":false},"excerpt":{"rendered":"<p>Uma carta de inten\u00e7\u00f5es para a constru\u00e7\u00e3o de acordo de coopera\u00e7\u00e3o t\u00e9cnica foi assinada por representantes da Embrapa, do Minist\u00e9rio<\/p>\n","protected":false},"author":1,"featured_media":27660,"comment_status":"open","ping_status":"open","sticky":false,"template":"","format":"standard","meta":{"_monsterinsights_skip_tracking":false,"_monsterinsights_sitenote_active":false,"_monsterinsights_sitenote_note":"","_monsterinsights_sitenote_category":0,"_uf_show_specific_survey":0,"_uf_disable_surveys":false,"footnotes":""},"categories":[1],"tags":[],"class_list":["post-27659","post","type-post","status-publish","format-standard","has-post-thumbnail","hentry","category-news"],"_links":{"self":[{"href":"https:\/\/agromt.news\/index.php?rest_route=\/wp\/v2\/posts\/27659"}],"collection":[{"href":"https:\/\/agromt.news\/index.php?rest_route=\/wp\/v2\/posts"}],"about":[{"href":"https:\/\/agromt.news\/index.php?rest_route=\/wp\/v2\/types\/post"}],"author":[{"embeddable":true,"href":"https:\/\/agromt.news\/index.php?rest_route=\/wp\/v2\/users\/1"}],"replies":[{"embeddable":true,"href":"https:\/\/agromt.news\/index.php?rest_route=%2Fwp%2Fv2%2Fcomments&post=27659"}],"version-history":[{"count":0,"href":"https:\/\/agromt.news\/index.php?rest_route=\/wp\/v2\/posts\/27659\/revisions"}],"wp:featuredmedia":[{"embeddable":true,"href":"https:\/\/agromt.news\/index.php?rest_route=\/wp\/v2\/media\/27660"}],"wp:attachment":[{"href":"https:\/\/agromt.news\/index.php?rest_route=%2Fwp%2Fv2%2Fmedia&parent=27659"}],"wp:term":[{"taxonomy":"category","embeddable":true,"href":"https:\/\/agromt.news\/index.php?rest_route=%2Fwp%2Fv2%2Fcategories&post=27659"},{"taxonomy":"post_tag","embeddable":true,"href":"https:\/\/agromt.news\/index.php?rest_route=%2Fwp%2Fv2%2Ftags&post=27659"}],"curies":[{"name":"wp","href":"https:\/\/api.w.org\/{rel}","templated":true}]}}