{"id":27655,"date":"2026-03-14T11:18:00","date_gmt":"2026-03-14T15:18:00","guid":{"rendered":"https:\/\/agromt.news\/?p=27655"},"modified":"2026-03-14T11:18:00","modified_gmt":"2026-03-14T15:18:00","slug":"festival-caminhos-de-fogo-transforma-tiradentes-em-capital-da-gastronomia-na-brasa","status":"publish","type":"post","link":"https:\/\/agromt.news\/?p=27655","title":{"rendered":"Festival Caminhos de Fogo transforma Tiradentes em capital da gastronomia na brasa"},"content":{"rendered":"<p> <br \/>\n<\/p>\n<div>\n<figure><img decoding=\"async\" src=\"https:\/\/agromt.news\/wp-content\/uploads\/2026\/03\/Festival-Caminhos-de-Fogo-transforma-Tiradentes-em-capital-da-gastronomia.jpg\" alt=\"caminhos de fogo\" \/><figcaption>Foto: divulga\u00e7\u00e3o<\/figcaption><\/figure>\n<\/div>\n<p>A cidade hist\u00f3rica de Tiradentes, em Minas Gerais, ser\u00e1 novamente tomada pelos aromas da brasa e da lenha. No dia <strong>25 de abril de 2026<\/strong>, o festival <strong>Caminhos de Fogo<\/strong> realiza sua <strong>quinta edi\u00e7\u00e3o consecutiva<\/strong>, reunindo especialistas em carnes, pescados e culin\u00e1ria internacional em experi\u00eancias ao redor da brasa.<\/p>\n<p>Com o macrotema <strong>\u201cEncontros\u201d<\/strong>, o evento prop\u00f5e conectar t\u00e9cnicas culin\u00e1rias, ingredientes e culturas gastron\u00f4micas de diferentes regi\u00f5es do Brasil. A proposta \u00e9 transformar o fogo \u2014 seja na parrilla, na defuma\u00e7\u00e3o, na brasa direta ou no calor lento da lenha \u2014 no elemento central que une chefs, produtores e p\u00fablico em torno da experi\u00eancia gastron\u00f4mica.<\/p>\n<p>Realizado no <strong>Sant\u00edssimo Resort<\/strong>, no centro de Tiradentes, o festival re\u00fane cerca de <strong>25 chefs e personalidades da gastronomia<\/strong>, transitando entre a alta cozinha, o churrasco contempor\u00e2neo e a cultura gastron\u00f4mica urbana.<\/p>\n<figure class=\"wp-block-image size-large\"><img fetchpriority=\"high\" decoding=\"async\" width=\"1024\" height=\"683\" src=\"https:\/\/agromt.news\/wp-content\/uploads\/2026\/03\/1773501480_533_Festival-Caminhos-de-Fogo-transforma-Tiradentes-em-capital-da-gastronomia.jpg\" alt=\"\" class=\"wp-image-4160460\" \/><figcaption class=\"wp-element-caption\">Foto: divulga\u00e7\u00e3o<\/figcaption><\/figure>\n<ul class=\"wp-block-list\">\n<li><em>Veja em primeira m\u00e3o tudo sobre agricultura, pecu\u00e1ria, economia e previs\u00e3o do tempo:<\/em><a href=\"https:\/\/news.google.com\/publications\/CAAqBwgKMPKZlQswq_mqAw?hl=pt-BR&amp;gl=BR&amp;ceid=BR%3Apt-419\"><em> <\/em><strong><em>siga o Canal Rural no Google News!<\/em><\/strong><\/a><\/li>\n<\/ul>\n<h2 class=\"wp-block-heading\" id=\"h-chefs-de-todo-o-pais-participam-da-edicao-2026\">Chefs de todo o pa\u00eds participam da edi\u00e7\u00e3o 2026<\/h2>\n<p>Entre os nomes que estreiam no festival neste ano est\u00e3o <strong>Lierson Mattenhauer, Roberto Raviolli, Roberto Barcellos, Andr\u00e9 Paganini, Marcelo Corr\u00eaa Bastos, Rafa Gomes, Marina Lopes, Mari Mota, Helena Nicolao e Dani Fran\u00e7a Pinto<\/strong>.<\/p>\n<p>Eles se juntam a assadores e chefs j\u00e1 conhecidos do p\u00fablico do evento, como <strong>Crist\u00f3v\u00e3o Laru\u00e7a, J\u00falia Carvalho, Marcos Livi, Sati Roig, Paula Labaki, Ligia Karazawa, Jimmy Ogro, Pedro Valsassina, Bruno Panhoca, Adriano Pedro, Adriano Gel\u00e9ia, Priscila Deus, Chico Mancuso, Rafael Soares e M\u00e1rio Portella<\/strong>, entre outros convidados.<\/p>\n<p>A curadoria busca apresentar diferentes abordagens da cozinha na brasa, reunindo desde t\u00e9cnicas tradicionais at\u00e9 interpreta\u00e7\u00f5es contempor\u00e2neas da gastronomia brasileira e internacional.<\/p>\n<h2 class=\"wp-block-heading\" id=\"h-tema-encontros-marca-a-quinta-edicao\">Tema \u201cEncontros\u201d marca a quinta edi\u00e7\u00e3o<\/h2>\n<p>Em 2026, o festival adota o conceito <strong>\u201cEncontros\u201d<\/strong> como eixo central da programa\u00e7\u00e3o. A ideia \u00e9 evidenciar as conex\u00f5es que surgem no evento: entre cozinheiros, ingredientes, territ\u00f3rios e culturas culin\u00e1rias.<\/p>\n<p>Segundo <strong>Guilherme Macedo<\/strong>, idealizador e s\u00f3cio do Caminhos de Fogo, a quinta edi\u00e7\u00e3o representa um marco na trajet\u00f3ria do festival.<\/p>\n<p>\u201cO Caminhos de Fogo nasceu com a ideia de celebrar a cozinha feita no fogo. Agora, chegando \u00e0 quinta edi\u00e7\u00e3o, entendemos que ele se transformou em algo maior: um grande encontro da gastronomia na brasa no Brasil\u201d, afirma.<\/p>\n<p>De acordo com ele, Tiradentes se consolida como um ponto de converg\u00eancia para chefs, produtores, pecuaristas, marcas e amantes da gastronomia.<\/p>\n<p>\u201cO festival tamb\u00e9m \u00e9 um encontro entre pessoas, fam\u00edlias, amigos e viajantes que se re\u00fanem para viver um dia em um ambiente que mistura t\u00e9cnica, cultura e celebra\u00e7\u00e3o\u201d, destaca.<\/p>\n<figure class=\"wp-block-image size-large\"><img decoding=\"async\" width=\"1024\" height=\"683\" src=\"https:\/\/agromt.news\/wp-content\/uploads\/2026\/03\/1773501480_186_Festival-Caminhos-de-Fogo-transforma-Tiradentes-em-capital-da-gastronomia.jpg\" alt=\"\" class=\"wp-image-4160462\" \/><figcaption class=\"wp-element-caption\">Foto: divulga\u00e7\u00e3o<\/figcaption><\/figure>\n<h2 class=\"wp-block-heading\" id=\"h-carnes-maturadas-e-ingredientes-brasileiros-estao-entre-os-destaques\">Carnes maturadas e ingredientes brasileiros est\u00e3o entre os destaques<\/h2>\n<p>Entre as experi\u00eancias gastron\u00f4micas previstas para esta edi\u00e7\u00e3o est\u00e1 uma <strong>pra\u00e7a dedicada \u00e0s carnes maturadas<\/strong>, comandada pelo chef <strong>Crist\u00f3v\u00e3o Laru\u00e7a<\/strong>, especialista em carnes e t\u00e9cnicas de fogo.<\/p>\n<p>O espa\u00e7o apresentar\u00e1 cortes preparados com a t\u00e9cnica <strong>dry aged<\/strong>, processo de matura\u00e7\u00e3o a seco que intensifica sabor e textura das carnes. Algumas pe\u00e7as passam por mais de <strong>30 dias de matura\u00e7\u00e3o<\/strong> antes de chegar \u00e0 grelha.<\/p>\n<p>Outro destaque \u00e9 a participa\u00e7\u00e3o do chef <strong>Marcelo Corr\u00eaa Bastos<\/strong>, pesquisador da gastronomia brasileira e fundador dos restaurantes <strong>Jiquitaia<\/strong> e <strong>Loboz\u00f3<\/strong>, em S\u00e3o Paulo. Seu trabalho valoriza ingredientes nacionais e explora a diversidade da culin\u00e1ria brasileira, com especial aten\u00e7\u00e3o aos pescados.<\/p>\n<p>J\u00e1 o chef <strong>Roberto Raviolli<\/strong> estreia no festival trazendo uma leitura contempor\u00e2nea da <strong>cozinha italiana afetiva<\/strong>, inspirada em mem\u00f3rias familiares e tradi\u00e7\u00f5es culin\u00e1rias.<\/p>\n<p>A programa\u00e7\u00e3o tamb\u00e9m inclui preparos com <strong>carne angus<\/strong>, apresentados pelos chefs <strong>J\u00falia Carvalho<\/strong> e <strong>Marcos Livi<\/strong>, em parceria com a <strong>VPJ e a Associa\u00e7\u00e3o Brasileira de Angus<\/strong>. A proposta \u00e9 explorar temas como gen\u00e9tica, qualidade da carne e os diferentes terroirs da pecu\u00e1ria brasileira.<\/p>\n<h2 class=\"wp-block-heading\" id=\"h-experiencia-gastronomica-e-cultural\">Experi\u00eancia gastron\u00f4mica e cultural<\/h2>\n<p>Al\u00e9m das esta\u00e7\u00f5es gastron\u00f4micas, o Caminhos de Fogo prop\u00f5e uma experi\u00eancia que combina <strong>gastronomia, cultura e conviv\u00eancia<\/strong>. O festival re\u00fane cozinheiros, produtores e apaixonados pela culin\u00e1ria em torno da valoriza\u00e7\u00e3o da cozinha feita na brasa.<\/p>\n<p>Ao longo das edi\u00e7\u00f5es, o evento vem se consolidando como um espa\u00e7o de experimenta\u00e7\u00e3o culin\u00e1ria e troca de conhecimentos, conectando t\u00e9cnicas tradicionais e inova\u00e7\u00e3o na gastronomia brasileira.<\/p>\n<hr class=\"wp-block-separator has-alpha-channel-opacity\" \/>\n<h2 class=\"wp-block-heading\" id=\"h-caminhos-de-fogo-5\u00aa-edicao\"><strong>Caminhos de Fogo<\/strong> &#8211; 5\u00aa edi\u00e7\u00e3o<\/h2>\n<p>Data: <strong>25 de abril de 2026 (s\u00e1bado)<\/strong><br \/>Local: <strong>Sant\u00edssimo Resort<\/strong> \u2013 Rua dos Inconfidentes, 140, Centro, Tiradentes (MG)<\/p>\n<p>Ingressos: dispon\u00edveis no Instagram oficial do evento<br \/><a href=\"https:\/\/www.instagram.com\/caminhosdefogo\/\">https:\/\/www.instagram.com\/caminhosdefogo\/<\/a><\/p>\n<p>O post <a href=\"https:\/\/www.canalrural.com.br\/entretenimento\/festival-caminhos-de-fogo-transforma-tiradentes-em-capital-da-gastronomia-na-brasa\/\">Festival Caminhos de Fogo transforma Tiradentes em capital da gastronomia na brasa<\/a> apareceu primeiro em <a href=\"https:\/\/www.canalrural.com.br\">Canal Rural<\/a>.<\/p>\n<p><script async src=\"\/\/www.instagram.com\/embed.js\"><\/script><br \/>\n<br \/><br \/>\n<br \/><a href=\"https:\/\/www.canalrural.com.br\/entretenimento\/festival-caminhos-de-fogo-transforma-tiradentes-em-capital-da-gastronomia-na-brasa\/\">Source link <\/a><\/p>\n","protected":false},"excerpt":{"rendered":"<p>Foto: divulga\u00e7\u00e3o A cidade hist\u00f3rica de Tiradentes, em Minas Gerais, ser\u00e1 novamente tomada pelos aromas da brasa e da lenha.<\/p>\n","protected":false},"author":1,"featured_media":27656,"comment_status":"open","ping_status":"open","sticky":false,"template":"","format":"standard","meta":{"_monsterinsights_skip_tracking":false,"_monsterinsights_sitenote_active":false,"_monsterinsights_sitenote_note":"","_monsterinsights_sitenote_category":0,"_uf_show_specific_survey":0,"_uf_disable_surveys":false,"footnotes":""},"categories":[1],"tags":[],"class_list":["post-27655","post","type-post","status-publish","format-standard","has-post-thumbnail","hentry","category-news"],"_links":{"self":[{"href":"https:\/\/agromt.news\/index.php?rest_route=\/wp\/v2\/posts\/27655"}],"collection":[{"href":"https:\/\/agromt.news\/index.php?rest_route=\/wp\/v2\/posts"}],"about":[{"href":"https:\/\/agromt.news\/index.php?rest_route=\/wp\/v2\/types\/post"}],"author":[{"embeddable":true,"href":"https:\/\/agromt.news\/index.php?rest_route=\/wp\/v2\/users\/1"}],"replies":[{"embeddable":true,"href":"https:\/\/agromt.news\/index.php?rest_route=%2Fwp%2Fv2%2Fcomments&post=27655"}],"version-history":[{"count":0,"href":"https:\/\/agromt.news\/index.php?rest_route=\/wp\/v2\/posts\/27655\/revisions"}],"wp:featuredmedia":[{"embeddable":true,"href":"https:\/\/agromt.news\/index.php?rest_route=\/wp\/v2\/media\/27656"}],"wp:attachment":[{"href":"https:\/\/agromt.news\/index.php?rest_route=%2Fwp%2Fv2%2Fmedia&parent=27655"}],"wp:term":[{"taxonomy":"category","embeddable":true,"href":"https:\/\/agromt.news\/index.php?rest_route=%2Fwp%2Fv2%2Fcategories&post=27655"},{"taxonomy":"post_tag","embeddable":true,"href":"https:\/\/agromt.news\/index.php?rest_route=%2Fwp%2Fv2%2Ftags&post=27655"}],"curies":[{"name":"wp","href":"https:\/\/api.w.org\/{rel}","templated":true}]}}