{"id":27652,"date":"2026-03-14T09:53:57","date_gmt":"2026-03-14T13:53:57","guid":{"rendered":"https:\/\/agromt.news\/?p=27652"},"modified":"2026-03-14T09:53:57","modified_gmt":"2026-03-14T13:53:57","slug":"diesel-mais-caro-e-incertezas-nas-vendas-preocupam-sojicultores-em-meio-a-guerra-no-oriente-medio","status":"publish","type":"post","link":"https:\/\/agromt.news\/?p=27652","title":{"rendered":"Diesel mais caro e incertezas nas vendas preocupam sojicultores em meio \u00e0 guerra no Oriente M\u00e9dio"},"content":{"rendered":"<p> <br \/>\n<\/p>\n<div>\n<figure><img decoding=\"async\" src=\"https:\/\/agromt.news\/wp-content\/uploads\/2025\/12\/O-biodiesel-e-estrategico-para-agregar-valor-a-soja-brasileira.png\" alt=\"Biodiesel e soja\" \/><figcaption>Imagem gerada por IA<\/figcaption><\/figure>\n<\/div>\n<p>A <a href=\"https:\/\/www.canalrural.com.br\/?s=conflito+no+Oriente+M%C3%A9dio\">escalada <\/a>do conflito no Oriente M\u00e9dio gera reflexos no campo brasileiro. Produtores rurais relatam aumento expressivo no pre\u00e7o do diesel e at\u00e9 restri\u00e7\u00f5es na venda do combust\u00edvel em alguns postos em pleno pico da colheita em alguns estados , o que levanta preocupa\u00e7\u00e3o em um momento estrat\u00e9gico para o agroneg\u00f3cio.<\/p>\n<p>De acordo com o produtor rural e presidente do Sindicato Rural de Marechal C\u00e2ndido Rondon, Edio Chapla, o aumento foi percebido principalmente entre o fim de fevereiro e o in\u00edcio de mar\u00e7o.<\/p>\n<ul class=\"wp-block-list\">\n<li><strong><em>Fique por dentro das principais not\u00edcias sobre a soja: <a href=\"https:\/\/chat.whatsapp.com\/BmMRwA0TZ2DHGyhzoaVEWu\">acesse a comunidade Soja Brasil no WhatsApp! <\/a><\/em><\/strong><\/li>\n<\/ul>\n<p>&#8220;Estamos vendo uma escalada de pre\u00e7o do diesel de uma forma at\u00e9 absurda na \u00faltima semana de fevereiro e come\u00e7o de mar\u00e7o. Alguns produtores relataram que, ao buscar combust\u00edvel nos postos, o volume vendido estava limitado, justamente para evitar que alguns fa\u00e7am grandes estoques enquanto outros fiquem sem&#8221;, afirma.<\/p>\n<p>Segundo Chaplan, a regi\u00e3o oeste do Paran\u00e1 j\u00e1 praticamente concluiu as etapas mais intensivas em consumo de combust\u00edvel da safra de soja. &#8220;Aqui no oeste do Paran\u00e1 j\u00e1 finalizamos a colheita e o plantio. Ent\u00e3o o maior consumo de diesel nessas opera\u00e7\u00f5es j\u00e1 aconteceu. Agora o produtor utiliza mais nas atividades culturais da lavoura e tamb\u00e9m nas atividades pecu\u00e1rias&#8221;, explica.<\/p>\n<p>Mesmo assim, a preocupa\u00e7\u00e3o permanece, principalmente porque muitos produtores costumam comprar volumes maiores de diesel para estocar e utilizar ao longo do ano.<\/p>\n<p>&#8220;Muitos produtores compram em volumes maiores, em TRRs, para fazer estoque para a pr\u00f3xima safra. Mas esses fornecedores nem sempre t\u00eam grande volume para entrega imediata. Muitas vezes o produtor faz o pedido hoje e recebe em dois ou tr\u00eas dias, e o pre\u00e7o final s\u00f3 \u00e9 confirmado quando o combust\u00edvel chega da distribuidora&#8221;, relata.<\/p>\n<p>Al\u00e9m do impacto direto nas propriedades, Chaplan alerta que o maior risco est\u00e1 na log\u00edstica do agroneg\u00f3cio.<\/p>\n<p>&#8220;A preocupa\u00e7\u00e3o maior \u00e9 com a quest\u00e3o da log\u00edstica, principalmente da porteira para dentro. O diesel \u00e9 um insumo essencial para o manejo dos animais, para transporte de ra\u00e7\u00e3o e para diversas opera\u00e7\u00f5es dentro da propriedade&#8221;, diz.<\/p>\n<p>Ele explica que um eventual desabastecimento poderia afetar toda a cadeia produtiva.<\/p>\n<p>&#8220;Se houver falta de diesel, como fica a log\u00edstica das empresas para entregar ra\u00e7\u00e3o aos produtores? E depois o transporte desses animais at\u00e9 os frigor\u00edficos? A escala de abate \u00e9 di\u00e1ria, n\u00e3o pode parar. Isso come\u00e7a a gerar preocupa\u00e7\u00e3o&#8221;, afirma.<\/p>\n<p>O impacto poderia chegar tamb\u00e9m ao consumidor final, caso a cadeia seja afetada.<\/p>\n<p>&#8220;Se o frango, o peixe ou o leite n\u00e3o chegam aos frigor\u00edficos ou latic\u00ednios, toda a cadeia \u00e9 afetada. Esse alimento pode deixar de chegar aos grandes centros ou at\u00e9 de ser exportado. N\u00e3o estamos dizendo que isso vai acontecer, mas \u00e9 uma preocupa\u00e7\u00e3o real diante do cen\u00e1rio&#8221;, conclui Chaplan.<\/p>\n<p>Segundo o produtor, o objetivo ao relatar a situa\u00e7\u00e3o \u00e9 alertar sobre os poss\u00edveis impactos sem gerar alarme desnecess\u00e1rio.<\/p>\n<p>&#8220;N\u00e3o queremos criar p\u00e2nico, mas estamos atentos e preocupados com essa escalada e com o tempo que essa situa\u00e7\u00e3o pode durar.&#8221;<\/p>\n<p>O post <a href=\"https:\/\/www.canalrural.com.br\/agricultura\/projeto-soja-brasil\/diesel-mais-caro-e-venda-limitada-preocupam-sojicultores-em-meio-a-guerra\/\">Diesel mais caro e incertezas nas vendas preocupam sojicultores em meio \u00e0 guerra no Oriente M\u00e9dio<\/a> apareceu primeiro em <a href=\"https:\/\/www.canalrural.com.br\">Canal Rural<\/a>.<\/p>\n<p><br \/>\n<br \/><a href=\"https:\/\/www.canalrural.com.br\/agricultura\/projeto-soja-brasil\/diesel-mais-caro-e-venda-limitada-preocupam-sojicultores-em-meio-a-guerra\/\">Source link <\/a><\/p>\n","protected":false},"excerpt":{"rendered":"<p>Imagem gerada por IA A escalada do conflito no Oriente M\u00e9dio gera reflexos no campo brasileiro. Produtores rurais relatam aumento<\/p>\n","protected":false},"author":1,"featured_media":26303,"comment_status":"open","ping_status":"open","sticky":false,"template":"","format":"standard","meta":{"_monsterinsights_skip_tracking":false,"_monsterinsights_sitenote_active":false,"_monsterinsights_sitenote_note":"","_monsterinsights_sitenote_category":0,"_uf_show_specific_survey":0,"_uf_disable_surveys":false,"footnotes":""},"categories":[1],"tags":[],"class_list":["post-27652","post","type-post","status-publish","format-standard","has-post-thumbnail","hentry","category-news"],"_links":{"self":[{"href":"https:\/\/agromt.news\/index.php?rest_route=\/wp\/v2\/posts\/27652"}],"collection":[{"href":"https:\/\/agromt.news\/index.php?rest_route=\/wp\/v2\/posts"}],"about":[{"href":"https:\/\/agromt.news\/index.php?rest_route=\/wp\/v2\/types\/post"}],"author":[{"embeddable":true,"href":"https:\/\/agromt.news\/index.php?rest_route=\/wp\/v2\/users\/1"}],"replies":[{"embeddable":true,"href":"https:\/\/agromt.news\/index.php?rest_route=%2Fwp%2Fv2%2Fcomments&post=27652"}],"version-history":[{"count":0,"href":"https:\/\/agromt.news\/index.php?rest_route=\/wp\/v2\/posts\/27652\/revisions"}],"wp:featuredmedia":[{"embeddable":true,"href":"https:\/\/agromt.news\/index.php?rest_route=\/wp\/v2\/media\/26303"}],"wp:attachment":[{"href":"https:\/\/agromt.news\/index.php?rest_route=%2Fwp%2Fv2%2Fmedia&parent=27652"}],"wp:term":[{"taxonomy":"category","embeddable":true,"href":"https:\/\/agromt.news\/index.php?rest_route=%2Fwp%2Fv2%2Fcategories&post=27652"},{"taxonomy":"post_tag","embeddable":true,"href":"https:\/\/agromt.news\/index.php?rest_route=%2Fwp%2Fv2%2Ftags&post=27652"}],"curies":[{"name":"wp","href":"https:\/\/api.w.org\/{rel}","templated":true}]}}