{"id":27651,"date":"2026-03-14T09:43:07","date_gmt":"2026-03-14T13:43:07","guid":{"rendered":"https:\/\/agromt.news\/?p=27651"},"modified":"2026-03-14T09:43:07","modified_gmt":"2026-03-14T13:43:07","slug":"audiencia-publica-promove-debate-sobre-credito-de-carbono-na-expodireto-cotrijal-2026","status":"publish","type":"post","link":"https:\/\/agromt.news\/?p=27651","title":{"rendered":"Audi\u00eancia p\u00fablica promove debate sobre cr\u00e9dito de carbono na Expodireto Cotrijal 2026"},"content":{"rendered":"<p> <br \/>\n<\/p>\n<div>\n<p style=\"text-align:justify\">A audi\u00eancia p\u00fablica da Comiss\u00e3o de Agricultura e Reforma Agr\u00e1ria do Senado, que ocorre sempre na sexta-feira, \u00faltimo dia da Expodireto Cotrijal, neste ano debateu o impacto da regulamenta\u00e7\u00e3o da Lei 15.042\/2024. Sancionada em dezembro de 2024, a lei criou o Sistema Brasileiro de Com\u00e9rcio de Emiss\u00f5es de Gases de Efeito Estufa (SBCE).&#13;\n<\/p>\n<p style=\"text-align:justify\">O senador Luis Carlos Heinze, organizador do debate, destacou que desde o ano passado v\u00e1rias audi\u00eancias t\u00eam sido promovidas visando ouvir os diversos setores interessados. \u201cAqui a ideia \u00e9 evidenciar o que j\u00e1 est\u00e1 sendo feito no pa\u00eds para que o produtor consiga mostrar que o agro n\u00e3o \u00e9 vil\u00e3o, mas, sim, preserva, e tamb\u00e9m como produtores v\u00eam conseguindo entrar nesse mercado\u201d, explicou.<\/p>\n<p style=\"text-align:justify\">Dirigentes de duas cooperativas brasileiras apresentaram dados de programas que transformam pr\u00e1ticas agr\u00edcolas sustent\u00e1veis que j\u00e1 eram adotadas pelos produtores em cr\u00e9ditos comercializ\u00e1veis no mercado regulado de carbono.<\/p>\n<p style=\"text-align:justify\">A cooperativa Copagril, de Marechal C\u00e2ndido Rondon\/PR, est\u00e1 com o programa em andamento h\u00e1 cerca de dois anos e em 2025 distribuiu mais de R$ 7 milh\u00f5es em cr\u00e9ditos de carbono. \u201cCerca de 70% dos nossos associados t\u00eam menos de 50 hectares e atrav\u00e9s da comercializa\u00e7\u00e3o dos cr\u00e9ditos oportunizamos renda adicional aos produtores participantes do programa\u201d, destacou o presidente, Eloi Darci Podkowa, acrescentando que esse \u00e9 um mercado em expans\u00e3o. \u201cH\u00e1 muitas empresas, inclusive de fora do Brasil, interessadas em comprar esses cr\u00e9ditos, s\u00f3 precisamos de bons projetos\u201d.<\/p>\n<p style=\"text-align:justify\">O programa da cooperativa Cotrijuc, de J\u00falio de Castilhos\/RS, tamb\u00e9m teve seus primeiros passos em 2024. Segundo o diretor executivo, Maicon Buzzati, a estimativa \u00e9 distribuir R$ 1 milh\u00e3o em cr\u00e9ditos de carbono no segundo semestre deste ano aos associados.<\/p>\n<p style=\"text-align:justify\">O CEO da NetWord Agro, Marcos Ferronato, empresa parceira da Copagril e da Cotrijuc nos programas, explicou como funciona o monitoramento e a certifica\u00e7\u00e3o dos produtores e destacou que o setor agropecu\u00e1rio brasileiro \u00e9 o \u00fanico capaz de gerar o cr\u00e9dito no volume que ser\u00e1 demandado. \u201cAt\u00e9 2030, pelo Acordo de Paris, o Brasil dever\u00e1 reduzir as emiss\u00f5es de gases de efeito estufa em 50%, em compara\u00e7\u00e3o com os n\u00edveis registrados em 2005. H\u00e1 muitas oportunidades que podem ser aproveitadas\u201d, afirmou.&#13;\n<\/p>\n<p style=\"text-align:justify\"><strong>Novo olhar sobre a produ\u00e7\u00e3o<\/strong><\/p>\n<p style=\"text-align:justify\">O diretor de Tecnologia da Braspell Bioenergia, Afonso Bertucci, apontou as atividades agropecu\u00e1ria e florestal como a solu\u00e7\u00e3o para a quest\u00e3o clim\u00e1tica. Ele participou de forma online da audi\u00eancia, apresentando dados especialmente relacionados ao setor florestal, e afirmou que o produtor rural precisa olhar para a sua propriedade n\u00e3o mais apenas como fonte de produ\u00e7\u00e3o de alimentos, mas tamb\u00e9m de energia.<\/p>\n<p style=\"text-align:justify\">\u201cO campo e as florestas brasileiros podem se tornar protagonistas da economia de baixo carbono, gerando receitas por meio da venda de cr\u00e9ditos e de bioenergia. O maior desafio ainda \u00e9 regularizar o mercado e as empresas terem metas que possam ser cumpridas\u201d, defendeu.<\/p>\n<p style=\"text-align:justify\">O presidente da Cotrijal, Nei C\u00e9sar Manica, destacou a relev\u00e2ncia do tema e da audi\u00eancia, que tradicionalmente \u00e9 realizada durante a feira. \u201cMuitas das quest\u00f5es aqui debatidas j\u00e1 foram solucionadas e esperamos que tamb\u00e9m haja avan\u00e7os em rela\u00e7\u00e3o ao mercado de carbono\u201d, defendeu.<\/p>\n<p style=\"text-align:justify\">Tamb\u00e9m se manifestaram durante a audi\u00eancia empres\u00e1rios, lideran\u00e7as, pesquisadores e produtores. Na avalia\u00e7\u00e3o do presidente do Clube Amigos da Terra, Almir Rebelo, h\u00e1 muita desinforma\u00e7\u00e3o em rela\u00e7\u00e3o \u00e0 emiss\u00e3o de di\u00f3xido de carbono (CO\u2082) pela agropecu\u00e1ria. Ele defendeu que o setor j\u00e1 sequestra muito mais carbono do que emite.&#13;\n<\/p>\n<p style=\"text-align:justify\">O chefe-geral da Embrapa Trigo, Jorge Lemainski, citou os programas de pesquisa em desenvolvimento no pa\u00eds pela institui\u00e7\u00e3o e destacou o posicionamento em buscar respostas de credibilidade. \u201cTemos trabalho vasto em andamento nesse tema sustentabilidade e trabalhando as linhas-base para proteger a agricultura brasileira, com informa\u00e7\u00e3o de acredita\u00e7\u00e3o p\u00fablica, em parceria com os principais cientistas do mundo\u201d, informou.<\/p>\n<\/p><\/div>\n<p><script data-cfasync=\"false\">\n    !function (f, b, e, v, n, t, s) {\n        if (f.fbq) return; n = f.fbq = function () {\n            n.callMethod ?\n                n.callMethod.apply(n, arguments) : n.queue.push(arguments)\n        };\n        if (!f._fbq) f._fbq = n; n.push = n; n.loaded = !0; n.version = '2.0';\n        n.queue = []; t = b.createElement(e); t.async = !0;\n        t.src = v; s = b.getElementsByTagName(e)[0];\n        s.parentNode.insertBefore(t, s)\n    }(window, document, 'script',\n        'https:\/\/connect.facebook.net\/en_US\/fbevents.js');\n    fbq('init', '522546078623747');\n    fbq('track', 'PageView');\n<\/script><br \/>\n<br \/><br \/>\n<br \/><a href=\"https:\/\/www.agrolink.com.br\/noticias\/audiencia-publica-promove-debate-sobre-credito-de-carbono-na-expodireto-cotrijal-2026_512055.html\">Source link <\/a><\/p>\n","protected":false},"excerpt":{"rendered":"<p>A audi\u00eancia p\u00fablica da Comiss\u00e3o de Agricultura e Reforma Agr\u00e1ria do Senado, que ocorre sempre na sexta-feira, \u00faltimo dia da<\/p>\n","protected":false},"author":1,"featured_media":7240,"comment_status":"open","ping_status":"open","sticky":false,"template":"","format":"standard","meta":{"_monsterinsights_skip_tracking":false,"_monsterinsights_sitenote_active":false,"_monsterinsights_sitenote_note":"","_monsterinsights_sitenote_category":0,"_uf_show_specific_survey":0,"_uf_disable_surveys":false,"footnotes":""},"categories":[8,1,14],"tags":[],"class_list":["post-27651","post","type-post","status-publish","format-standard","has-post-thumbnail","hentry","category-agro","category-news","category-politica-agro"],"_links":{"self":[{"href":"https:\/\/agromt.news\/index.php?rest_route=\/wp\/v2\/posts\/27651"}],"collection":[{"href":"https:\/\/agromt.news\/index.php?rest_route=\/wp\/v2\/posts"}],"about":[{"href":"https:\/\/agromt.news\/index.php?rest_route=\/wp\/v2\/types\/post"}],"author":[{"embeddable":true,"href":"https:\/\/agromt.news\/index.php?rest_route=\/wp\/v2\/users\/1"}],"replies":[{"embeddable":true,"href":"https:\/\/agromt.news\/index.php?rest_route=%2Fwp%2Fv2%2Fcomments&post=27651"}],"version-history":[{"count":0,"href":"https:\/\/agromt.news\/index.php?rest_route=\/wp\/v2\/posts\/27651\/revisions"}],"wp:featuredmedia":[{"embeddable":true,"href":"https:\/\/agromt.news\/index.php?rest_route=\/wp\/v2\/media\/7240"}],"wp:attachment":[{"href":"https:\/\/agromt.news\/index.php?rest_route=%2Fwp%2Fv2%2Fmedia&parent=27651"}],"wp:term":[{"taxonomy":"category","embeddable":true,"href":"https:\/\/agromt.news\/index.php?rest_route=%2Fwp%2Fv2%2Fcategories&post=27651"},{"taxonomy":"post_tag","embeddable":true,"href":"https:\/\/agromt.news\/index.php?rest_route=%2Fwp%2Fv2%2Ftags&post=27651"}],"curies":[{"name":"wp","href":"https:\/\/api.w.org\/{rel}","templated":true}]}}