{"id":27649,"date":"2026-03-14T08:15:57","date_gmt":"2026-03-14T12:15:57","guid":{"rendered":"https:\/\/agromt.news\/?p=27649"},"modified":"2026-03-14T08:15:57","modified_gmt":"2026-03-14T12:15:57","slug":"ministerio-convoca-produtores-a-colaborar-com-pesquisa-sobre-invasao-de-javalis","status":"publish","type":"post","link":"https:\/\/agromt.news\/?p=27649","title":{"rendered":"Minist\u00e9rio convoca produtores a colaborar com pesquisa sobre invas\u00e3o de javalis"},"content":{"rendered":"<p> <br \/>\n<\/p>\n<div>\n<figure><img decoding=\"async\" src=\"https:\/\/agromt.news\/wp-content\/uploads\/2025\/04\/javali-peste-suina-africana-oie-grecia.jpg\" alt=\"javali - peste su\u00edna africana - oie - gr\u00e9cia\" \/><figcaption>Foto: Freepik<\/figcaption><\/figure>\n<\/div>\n<p>A presen\u00e7a de javalis no meio rural est\u00e1 sendo mapeada por pesquisa nacional do Minist\u00e9rio da Agricultura e Pecu\u00e1ria <strong><a href=\"https:\/\/www.canalrural.com.br\/tag\/mapa\/\">(Mapa)<\/a><\/strong>, em iniciativa fomentada pelo Grupo de Trabalho (GT) de Javalis do Paran\u00e1. <\/p>\n<p>A previs\u00e3o \u00e9 que os resultados do estudo sejam divulgados no segundo semestre deste ano e que os dados coletados ajudem a dimensionar o avan\u00e7o da esp\u00e9cie no pa\u00eds e na constru\u00e7\u00e3o de propostas e pleitos voltados ao enfrentamento do problema que afeta diretamente a produ\u00e7\u00e3o agropecu\u00e1ria. <\/p>\n<p>O <strong><a href=\"https:\/\/forms.office.com\/Pages\/ResponsePage.aspx?id=jrNnk-sXWEOmZVylvfrwwjc_Uo0i8gdLkmf1toNwtN1UMk9YQVkwR0lXMFAyTjdXNVhWUk03V0xVWi4u\">question\u00e1rio est\u00e1 dispon\u00edvel<\/a><\/strong> para participa\u00e7\u00e3o de produtores rurais e <strong><a href=\"https:\/\/forms.office.com\/Pages\/ResponsePage.aspx?id=jrNnk-sXWEOmZVylvfrwwjc_Uo0i8gdLkmf1toNwtN1UREtLRTcxTDNTVDBGS1gyQTlOWjBaQUUyRS4u\">manejadores<\/a><\/strong> autorizados at\u00e9 31 de maio.<\/p>\n<p>\u201cEsse levantamento \u00e9 fundamental para que possamos dimensionar o problema. Com a participa\u00e7\u00e3o dos nossos produtores, teremos um retrato mais claro da presen\u00e7a dos javalis no campo e dos preju\u00edzos causados. A partir dessas informa\u00e7\u00f5es, ser\u00e1 poss\u00edvel discutir medidas mais eficazes para o controle dessa esp\u00e9cie\u201d, afirma o presidente do Sistema Faep, \u00c1gide Eduardo Meneguette.<\/p>\n<ul class=\"wp-block-list\">\n<li><em>Veja em primeira m\u00e3o tudo sobre agricultura, pecu\u00e1ria, economia e previs\u00e3o do tempo:<\/em><a href=\"https:\/\/news.google.com\/publications\/CAAqBwgKMPKZlQswq_mqAw?hl=pt-BR&amp;gl=BR&amp;ceid=BR%3Apt-419\" target=\"_blank\" rel=\"noreferrer noopener\">\u00a0<em>siga o Canal Rural no Google News!<\/em><\/a><\/li>\n<\/ul>\n<p>A entidade orienta que produtores rurais que j\u00e1 tenham avistado javalis em suas propriedades e\/ou que tenham registrado preju\u00edzos causados pelos animais respondam ao question\u00e1rio. <\/p>\n<p>A mobiliza\u00e7\u00e3o tamb\u00e9m inclui os manejadores autorizados que atuam no controle populacional da esp\u00e9cie. Caso o produtor conhe\u00e7a profissionais que realizam esse trabalho, a recomenda\u00e7\u00e3o \u00e9 <a href=\"https:\/\/forms.office.com\/Pages\/ResponsePage.aspx?id=jrNnk-sXWEOmZVylvfrwwjc_Uo0i8gdLkmf1toNwtN1UREtLRTcxTDNTVDBGS1gyQTlOWjBaQUUyRS4u\">compartilhar o link da pesquisa<\/a> para ampliar o alcance do levantamento e fortalecer a base de informa\u00e7\u00f5es sobre o tema.<\/p>\n<p>\u201cOs dados at\u00e9 o momento s\u00e3o preliminares, e o levantamento depende desses question\u00e1rios complementares\u201d, destaca a representante do Mapa, Juliane Galvani.<\/p>\n<h2 class=\"wp-block-heading\" id=\"h-cartilha-de-orientacao\">Cartilha de orienta\u00e7\u00e3o<\/h2>\n<p>Como parte das a\u00e7\u00f5es de orienta\u00e7\u00e3o aos produtores rurais, o Sistema Faep elaborou uma <strong><a href=\"https:\/\/www.sistemafaep.org.br\/javali-uma-ameaca-ao-agronegocio-paranaense\/\">cartilha que aborda os riscos causados pelos javalis<\/a><\/strong> em diferentes \u00e1reas, incluindo impactos econ\u00f4micos, ambientais e sanit\u00e1rios.<\/p>\n<p>O material tem car\u00e1ter orientativo e re\u00fane informa\u00e7\u00f5es que v\u00e3o desde o hist\u00f3rico da presen\u00e7a do animal no Brasil at\u00e9 as normas que regulamentam o controle populacional por meio da ca\u00e7a.<\/p>\n<p>O post <a href=\"https:\/\/www.canalrural.com.br\/nacional\/ministerio-convoca-produtores-a-colaborar-com-pesquisa-sobre-invasao-de-javalis\/\">Minist\u00e9rio convoca produtores a colaborar com pesquisa sobre invas\u00e3o de javalis<\/a> apareceu primeiro em <a href=\"https:\/\/www.canalrural.com.br\">Canal Rural<\/a>.<\/p>\n<p><br \/>\n<br \/><a href=\"https:\/\/www.canalrural.com.br\/nacional\/ministerio-convoca-produtores-a-colaborar-com-pesquisa-sobre-invasao-de-javalis\/\">Source link <\/a><\/p>\n","protected":false},"excerpt":{"rendered":"<p>Foto: Freepik A presen\u00e7a de javalis no meio rural est\u00e1 sendo mapeada por pesquisa nacional do Minist\u00e9rio da Agricultura e<\/p>\n","protected":false},"author":1,"featured_media":27650,"comment_status":"open","ping_status":"open","sticky":false,"template":"","format":"standard","meta":{"_monsterinsights_skip_tracking":false,"_monsterinsights_sitenote_active":false,"_monsterinsights_sitenote_note":"","_monsterinsights_sitenote_category":0,"_uf_show_specific_survey":0,"_uf_disable_surveys":false,"footnotes":""},"categories":[1],"tags":[],"class_list":["post-27649","post","type-post","status-publish","format-standard","has-post-thumbnail","hentry","category-news"],"_links":{"self":[{"href":"https:\/\/agromt.news\/index.php?rest_route=\/wp\/v2\/posts\/27649"}],"collection":[{"href":"https:\/\/agromt.news\/index.php?rest_route=\/wp\/v2\/posts"}],"about":[{"href":"https:\/\/agromt.news\/index.php?rest_route=\/wp\/v2\/types\/post"}],"author":[{"embeddable":true,"href":"https:\/\/agromt.news\/index.php?rest_route=\/wp\/v2\/users\/1"}],"replies":[{"embeddable":true,"href":"https:\/\/agromt.news\/index.php?rest_route=%2Fwp%2Fv2%2Fcomments&post=27649"}],"version-history":[{"count":0,"href":"https:\/\/agromt.news\/index.php?rest_route=\/wp\/v2\/posts\/27649\/revisions"}],"wp:featuredmedia":[{"embeddable":true,"href":"https:\/\/agromt.news\/index.php?rest_route=\/wp\/v2\/media\/27650"}],"wp:attachment":[{"href":"https:\/\/agromt.news\/index.php?rest_route=%2Fwp%2Fv2%2Fmedia&parent=27649"}],"wp:term":[{"taxonomy":"category","embeddable":true,"href":"https:\/\/agromt.news\/index.php?rest_route=%2Fwp%2Fv2%2Fcategories&post=27649"},{"taxonomy":"post_tag","embeddable":true,"href":"https:\/\/agromt.news\/index.php?rest_route=%2Fwp%2Fv2%2Ftags&post=27649"}],"curies":[{"name":"wp","href":"https:\/\/api.w.org\/{rel}","templated":true}]}}