{"id":27645,"date":"2026-03-14T04:00:58","date_gmt":"2026-03-14T08:00:58","guid":{"rendered":"https:\/\/agromt.news\/?p=27645"},"modified":"2026-03-14T04:00:58","modified_gmt":"2026-03-14T08:00:58","slug":"aprosoja-brasil-repudia-reducao-das-isencoes-tributarias-para-o-setor","status":"publish","type":"post","link":"https:\/\/agromt.news\/?p=27645","title":{"rendered":"Aprosoja Brasil repudia redu\u00e7\u00e3o das isen\u00e7\u00f5es tribut\u00e1rias para o setor"},"content":{"rendered":"<p> <br \/>\n<\/p>\n<div>\n<p>Com a aprova\u00e7\u00e3o no Congresso do PLP 128\/2025, quem vai pagar a conta \u00e9 o produtor e a sociedade<\/p>\n<div class=\"materia\">\n<p>A Aprosoja Brasil e suas 16 Aprosojas Estaduais manifestam revolta e profunda preocupa\u00e7\u00e3o com a aprova\u00e7\u00e3o do Projeto de Lei Complementar (PLP) 128\/2025 neste final de ano no Congresso Nacional.<\/p>\n<p>O PLP corta 10% dos incentivos e benef\u00edcios tribut\u00e1rios hoje existentes para diversos setores, dentre eles, as ind\u00fastrias do setor agropecu\u00e1rio.<\/p>\n<p>Isso inclui isen\u00e7\u00e3o de PIS\/COFINS sobre fertilizantes e defensivos, isen\u00e7\u00f5es sobre os fretes, armazenagem e beneficiamento.<\/p>\n<p>Reduz tamb\u00e9m o cr\u00e9dito presumido da ind\u00fastria de alimentos e ra\u00e7\u00f5es e o lucro presumido, entre outros pontos.<\/p>\n<p>A aprova\u00e7\u00e3o foi t\u00e3o surpreendente e sem o necess\u00e1rio debate no Congresso que ainda n\u00e3o se tem a conta exata do preju\u00edzo a ser gerado.<\/p>\n<p>Ser\u00e1 que algum economista do governo acha que os ricos v\u00e3o pagar por isso? Ser\u00e1 que n\u00e3o percebem que isso levar\u00e1 ao aumento do pre\u00e7o dos alimentos?<\/p>\n<p>A verdade \u00e9 que a conta ser\u00e1 paga, como sempre, pelo contribuinte e, no agro, pelo produtor rural de todo o pa\u00eds, dos quais 80% s\u00e3o pequenos agricultores.<\/p>\n<p>O governo estima que arrecadar\u00e1 R$ 20 bilh\u00f5es com o fim das isen\u00e7\u00f5es. Mas ao inv\u00e9s de cortar gastos e adotar a responsabilidade fiscal, repassa a conta para a sociedade.<\/p>\n<p>Os produtores j\u00e1 est\u00e3o no limite do endividamento, com margens apertadas e rezando por boas lavouras para ter novo f\u00f4lego, principalmente os atingidos por cat\u00e1strofes clim\u00e1ticas.<\/p>\n<p>Na contram\u00e3o disso tudo, o governo n\u00e3o oferece ajuda efetiva para renegocia\u00e7\u00e3o das d\u00edvidas e ainda segue impondo aumentos de carga tribut\u00e1ria, retirando renda do produtor e pressionando a infla\u00e7\u00e3o de alimentos. At\u00e9 hoje n\u00e3o temos uma solu\u00e7\u00e3o definitiva para os produtores ga\u00fachos e de outros estados afetados por frustra\u00e7\u00f5es de safra.<\/p>\n<p>A Frente Parlamentar da Agropecu\u00e1ria precisa entrar em campo e reagir a tudo isso e buscar meios de corre\u00e7\u00e3o dessa injusti\u00e7a praticada contra o setor e contra o Brasil.<\/p>\n<p>Enquanto a justi\u00e7a deixou ser uma op\u00e7\u00e3o para o cidad\u00e3o, a Aprosoja Brasil continuar\u00e1 lutando, como sempre fez, em defesa do produtor, dando voz \u00e0 sua revolta e apontando as solu\u00e7\u00f5es justas para o pa\u00eds.<\/p>\n<\/p><\/div>\n<div class=\"grupo-whatsapp\">\n      J\u00e1 segue nosso Canal oficial no WhatsApp? <a href=\"https:\/\/bit.ly\/Canal_NA\" target=\"_blank\" rel=\"noopener\"><strong>Clique Aqui<\/strong><\/a> para receber em primeira m\u00e3o as principais not\u00edcias do agroneg\u00f3cio\n    <\/div>\n<\/p><\/div>\n<p><script async defer src=\"https:\/\/connect.facebook.net\/en_US\/sdk.js\"><\/script><script>\n  !function(f,b,e,v,n,t,s)\n  {if(f.fbq)return;n=f.fbq=function(){n.callMethod?\n    n.callMethod.apply(n,arguments):n.queue.push(arguments)};\n    if(!f._fbq)f._fbq=n;n.push=n;n.loaded=!0;n.version='2.0';\n    n.queue=[];t=b.createElement(e);t.async=!0;\n    t.src=v;s=b.getElementsByTagName(e)[0];\n    s.parentNode.insertBefore(t,s)}(window, document,'script',\n    'https:\/\/connect.facebook.net\/en_US\/fbevents.js');\n  fbq('init', '153495679422335');\n  fbq('track', 'PageView');\n<\/script><br \/>\n<br \/><br \/>\n<br \/><a href=\"https:\/\/www.noticiasagricolas.com.br\/noticias\/agronegocio\/412798-aprosoja-brasil-repudia-reducao-das-isencoes-tributarias-para-o-setor.html\">Source link <\/a><\/p>\n","protected":false},"excerpt":{"rendered":"<p>Com a aprova\u00e7\u00e3o no Congresso do PLP 128\/2025, quem vai pagar a conta \u00e9 o produtor e a sociedade A<\/p>\n","protected":false},"author":1,"featured_media":27646,"comment_status":"open","ping_status":"open","sticky":false,"template":"","format":"standard","meta":{"_monsterinsights_skip_tracking":false,"_monsterinsights_sitenote_active":false,"_monsterinsights_sitenote_note":"","_monsterinsights_sitenote_category":0,"_uf_show_specific_survey":0,"_uf_disable_surveys":false,"footnotes":""},"categories":[8,1,14,16],"tags":[],"class_list":["post-27645","post","type-post","status-publish","format-standard","has-post-thumbnail","hentry","category-agro","category-news","category-politica-agro","category-safra"],"_links":{"self":[{"href":"https:\/\/agromt.news\/index.php?rest_route=\/wp\/v2\/posts\/27645"}],"collection":[{"href":"https:\/\/agromt.news\/index.php?rest_route=\/wp\/v2\/posts"}],"about":[{"href":"https:\/\/agromt.news\/index.php?rest_route=\/wp\/v2\/types\/post"}],"author":[{"embeddable":true,"href":"https:\/\/agromt.news\/index.php?rest_route=\/wp\/v2\/users\/1"}],"replies":[{"embeddable":true,"href":"https:\/\/agromt.news\/index.php?rest_route=%2Fwp%2Fv2%2Fcomments&post=27645"}],"version-history":[{"count":0,"href":"https:\/\/agromt.news\/index.php?rest_route=\/wp\/v2\/posts\/27645\/revisions"}],"wp:featuredmedia":[{"embeddable":true,"href":"https:\/\/agromt.news\/index.php?rest_route=\/wp\/v2\/media\/27646"}],"wp:attachment":[{"href":"https:\/\/agromt.news\/index.php?rest_route=%2Fwp%2Fv2%2Fmedia&parent=27645"}],"wp:term":[{"taxonomy":"category","embeddable":true,"href":"https:\/\/agromt.news\/index.php?rest_route=%2Fwp%2Fv2%2Fcategories&post=27645"},{"taxonomy":"post_tag","embeddable":true,"href":"https:\/\/agromt.news\/index.php?rest_route=%2Fwp%2Fv2%2Ftags&post=27645"}],"curies":[{"name":"wp","href":"https:\/\/api.w.org\/{rel}","templated":true}]}}