{"id":27644,"date":"2026-03-14T03:55:09","date_gmt":"2026-03-14T07:55:09","guid":{"rendered":"https:\/\/agromt.news\/?p=27644"},"modified":"2026-03-14T03:55:09","modified_gmt":"2026-03-14T07:55:09","slug":"governo-zera-impostos-e-concede-subsidio-ao-diesel","status":"publish","type":"post","link":"https:\/\/agromt.news\/?p=27644","title":{"rendered":"Governo zera impostos e concede subs\u00eddio ao diesel"},"content":{"rendered":"<p> <br \/>\n<\/p>\n<div>\n<p style=\"text-align:justify\">O presidente Luiz In\u00e1cio Lula da Silva assinou um\u00a0decreto presidencial nesta quinta-feira (12)\u00a0zerando as al\u00edquotas do PIS e do Confins sobre a importa\u00e7\u00e3o e comercializa\u00e7\u00e3o do diesel. Al\u00e9m disso, assinou medida provis\u00f3ria (MP) com subven\u00e7\u00e3o ao diesel para produtores e importadores.&#13;\n<\/p>\n<p style=\"text-align:justify\">\u201c[As medidas s\u00e3o] para que a gente garanta que essa guerra n\u00e3o chegue ao bolso do motorista, ao bolso do caminhoneiro e, sobretudo, n\u00e3o chegando ao bolso do caminhoneiro n\u00e3o vai chegar ao prato de feij\u00e3o, \u00e0 salada do alface, da cebola e a comida que o povo mais come\u201d, afirmou Lula em coletiva de imprensa no Pal\u00e1cio do Planalto, em Bras\u00edlia.<\/p>\n<p style=\"text-align:justify\">As medidas foram anunciadas em car\u00e1ter tempor\u00e1rio e justificadas por causa da alta do petr\u00f3leo causada pela guerra no Ir\u00e3, que vem obrigando pa\u00edses a liberarem estoques de emerg\u00eancia.\u00a0<\/p>\n<p style=\"text-align:justify\">O corte dos impostos deve reduzir o valor do litro em R$ 0,32 na refinaria. J\u00e1 a subven\u00e7\u00e3o aos produtores e importadores deve ter impacto de R$ 0,32 por litro, chegando a R$ 0,64 de redu\u00e7\u00e3o por litro do diesel, segundo c\u00e1lculos do Minist\u00e9rio da Fazenda.&#13;\n<\/p>\n<p style=\"text-align:justify\">A subven\u00e7\u00e3o aos produtores e importadores ser\u00e1 condicionada a uma comprova\u00e7\u00e3o de que o valor foi transferido para os consumidores finais. O presidente Lula acrescentou que o imposto de exporta\u00e7\u00e3o de petr\u00f3leo ter\u00e1 al\u00edquota elevada para compensar a subven\u00e7\u00e3o ao diesel<\/p>\n<p style=\"text-align:justify\">O governo ainda desenhou medidas de fiscaliza\u00e7\u00e3o e transpar\u00eancia para combater o aumento abusivo dos pre\u00e7os dos combust\u00edveis, por a\u00e7\u00f5es especuladoras.\u00a0Segundo explicou o ministro da Fazenda Fernando Haddad, a defini\u00e7\u00e3o da abusividade deve ser definida por crit\u00e9rios objetivos da Ag\u00eancia Nacional de Petr\u00f3leo (ANP).&#13;\n<\/p>\n<p style=\"text-align:justify\">\u201cTanto no caso de um armazenamento de combust\u00edvel injustificado, como aumento abusivo no pre\u00e7o que passa a ser fiscalizado pela ANP, com crit\u00e9rios objetivos, que ser\u00e3o produto de uma resolu\u00e7\u00e3o da Ag\u00eancia\u201d, comentou Haddad. \u00a0<\/p>\n<p style=\"text-align:justify\">O ministro da Fazenda acrescentou que as medidas n\u00e3o alteram a pol\u00edtica de pre\u00e7os da Petrobras, que segue operando como \u00e9 hoje.<\/p>\n<\/p><\/div>\n<p><script data-cfasync=\"false\">\n    !function (f, b, e, v, n, t, s) {\n        if (f.fbq) return; n = f.fbq = function () {\n            n.callMethod ?\n                n.callMethod.apply(n, arguments) : n.queue.push(arguments)\n        };\n        if (!f._fbq) f._fbq = n; n.push = n; n.loaded = !0; n.version = '2.0';\n        n.queue = []; t = b.createElement(e); t.async = !0;\n        t.src = v; s = b.getElementsByTagName(e)[0];\n        s.parentNode.insertBefore(t, s)\n    }(window, document, 'script',\n        'https:\/\/connect.facebook.net\/en_US\/fbevents.js');\n    fbq('init', '522546078623747');\n    fbq('track', 'PageView');\n<\/script><br \/>\n<br \/><br \/>\n<br \/><a href=\"https:\/\/www.agrolink.com.br\/noticias\/lula-zera-imposto-e-subsidia-diesel-para-conter-alta-do-petroleo_511968.html\">Source link <\/a><\/p>\n","protected":false},"excerpt":{"rendered":"<p>O presidente Luiz In\u00e1cio Lula da Silva assinou um\u00a0decreto presidencial nesta quinta-feira (12)\u00a0zerando as al\u00edquotas do PIS e do Confins<\/p>\n","protected":false},"author":1,"featured_media":1625,"comment_status":"open","ping_status":"open","sticky":false,"template":"","format":"standard","meta":{"_monsterinsights_skip_tracking":false,"_monsterinsights_sitenote_active":false,"_monsterinsights_sitenote_note":"","_monsterinsights_sitenote_category":0,"_uf_show_specific_survey":0,"_uf_disable_surveys":false,"footnotes":""},"categories":[8,1,14],"tags":[],"class_list":["post-27644","post","type-post","status-publish","format-standard","has-post-thumbnail","hentry","category-agro","category-news","category-politica-agro"],"_links":{"self":[{"href":"https:\/\/agromt.news\/index.php?rest_route=\/wp\/v2\/posts\/27644"}],"collection":[{"href":"https:\/\/agromt.news\/index.php?rest_route=\/wp\/v2\/posts"}],"about":[{"href":"https:\/\/agromt.news\/index.php?rest_route=\/wp\/v2\/types\/post"}],"author":[{"embeddable":true,"href":"https:\/\/agromt.news\/index.php?rest_route=\/wp\/v2\/users\/1"}],"replies":[{"embeddable":true,"href":"https:\/\/agromt.news\/index.php?rest_route=%2Fwp%2Fv2%2Fcomments&post=27644"}],"version-history":[{"count":0,"href":"https:\/\/agromt.news\/index.php?rest_route=\/wp\/v2\/posts\/27644\/revisions"}],"wp:featuredmedia":[{"embeddable":true,"href":"https:\/\/agromt.news\/index.php?rest_route=\/wp\/v2\/media\/1625"}],"wp:attachment":[{"href":"https:\/\/agromt.news\/index.php?rest_route=%2Fwp%2Fv2%2Fmedia&parent=27644"}],"wp:term":[{"taxonomy":"category","embeddable":true,"href":"https:\/\/agromt.news\/index.php?rest_route=%2Fwp%2Fv2%2Fcategories&post=27644"},{"taxonomy":"post_tag","embeddable":true,"href":"https:\/\/agromt.news\/index.php?rest_route=%2Fwp%2Fv2%2Ftags&post=27644"}],"curies":[{"name":"wp","href":"https:\/\/api.w.org\/{rel}","templated":true}]}}