{"id":27643,"date":"2026-03-14T01:58:09","date_gmt":"2026-03-14T05:58:09","guid":{"rendered":"https:\/\/agromt.news\/?p=27643"},"modified":"2026-03-14T01:58:09","modified_gmt":"2026-03-14T05:58:09","slug":"programa-amplia-alcance-e-area-monitorada-na-soja","status":"publish","type":"post","link":"https:\/\/agromt.news\/?p=27643","title":{"rendered":"Programa amplia alcance e \u00e1rea monitorada na soja"},"content":{"rendered":"<p> <br \/>\n<\/p>\n<div>\n<div class=\"row\">\n<div class=\"col-lg col-infos mt-0 mt-lg-0\">\n<div class=\"section-sub-title\">\n<p itemprop=\"description\">&#13;<br \/>\n                                Ao todo, as \u00e1reas inscritas somam 4,8 milh\u00f5es de hectares de soja&#13;\n                            <\/p>\n<\/p><\/div>\n<div class=\"container\">\n<div class=\"row\">\n<div class=\"col-lg p-0\">\n<div>\n<div class=\"block-news-main-infos mt-3 text-start\">\n<p>                                            <strong class=\"fn\" itemprop=\"author\" style=\"color: rgb(112, 112, 112); \">&#13;<br \/>\n                                                <a href=\"https:\/\/www.agrolink.com.br\/noticias\/javascript:;\" class=\"text-uppercase\" target=\"_blank\" style=\"color: rgb(112, 112, 112); \" rel=\"noopener\">Agrolink<\/a>&#13;<br \/>\n&#13;<br \/>\n                                                    &#8211; Leonardo Gottems&#13;<br \/>\n&#13;<br \/>\n                                            <\/strong><br \/>\n                                        <\/p>\n<p>                                            <abbr><time datetime=\"2026 - 03 - 12T14:50\" itemprop=\"datePublished dateModified\"> Publicado em 12\/03\/2026 \u00e0s 14:50h.<\/time><\/abbr>\n                                    <\/div>\n<\/p><\/div>\n<\/p><\/div>\n<div class=\"col-lg p-0 text-lg-end\">\n<div>\n<div id=\"mdEnviarPagina\" class=\"modal fade\" role=\"dialog\">\n<div class=\"modal-dialog\">\n<div class=\"modal-content\">\n<div class=\"modal-body\">\n<p><strong>Estimado usu\u00e1rio.<\/strong><br \/>Preencha o formul\u00e1rio abaixo para remeter a p\u00e1gina.<\/p>\n<\/p><\/div>\n<\/p><\/div>\n<\/p><\/div>\n<\/div><\/div>\n<\/p><\/div>\n<\/p><\/div>\n<\/p><\/div>\n<\/p><\/div>\n<\/p><\/div>\n<div class=\"row justify-content-md-center mt-3\">\n<div class=\"col-lg-auto col-image block-news-main-image\">\n<p>                                <img decoding=\"async\" src=\"https:\/\/www.agrolink.com.br\/upload\/imagens-resizes\/068660cf04314e92acce25c1658c4c2c_858x483.jpg\" class=\"lazyload img-fluid\" alt=\"Ao todo, as \u00e1reas inscritas somam 4,8 milh\u00f5es de hectares de soja\"\/><br \/>\n                                                <span class=\"d-block mt-1\">Ao todo, as \u00e1reas inscritas somam 4,8 milh\u00f5es de hectares de soja &#8211; Foto: Nadia Borges<\/span><\/p><\/div>\n<\/p><\/div>\n<div class=\"section-description section-description-noticias mt-3\">\n<p>A busca por maior efici\u00eancia produtiva continua mobilizando produtores de <a href=\"https:\/\/www.agrolink.com.br\/culturas\/soja?utm_source=agrolink-detalhe-noticia&amp;utm_medium=detalhe-noticia&amp;utm_campaign=links-internos\" target=\"_blank\" rel=\"noopener\">soja<\/a> em diferentes regi\u00f5es do pa\u00eds. Mesmo diante de custos elevados, margens pressionadas e irregularidade clim\u00e1tica, iniciativas voltadas \u00e0 melhoria do desempenho no campo seguem ampliando a participa\u00e7\u00e3o do setor e fortalecendo a troca de conhecimento t\u00e9cnico entre agricultores e consultores.&#13;\n<\/p>\n<p>A 18\u00aa edi\u00e7\u00e3o do Desafio Nacional de M\u00e1xima Produtividade de Soja, referente \u00e0 safra 25\/26 e organizada pelo Comit\u00ea Estrat\u00e9gico Soja Brasil, registrou 5.298 inscri\u00e7\u00f5es de produtores e consultores. O n\u00famero representa crescimento de 10,6% em rela\u00e7\u00e3o \u00e0 edi\u00e7\u00e3o anterior. A participa\u00e7\u00e3o envolveu agricultores de 1.061 munic\u00edpios distribu\u00eddos em 18 estados, com predomin\u00e2ncia de \u00e1reas de sequeiro, que responderam por 86% das inscri\u00e7\u00f5es.<\/p>\n<p>Ao todo, as \u00e1reas inscritas somam 4,8 milh\u00f5es de hectares de soja, volume equivalente a cerca de 10% da \u00e1rea nacional destinada \u00e0 cultura. A organiza\u00e7\u00e3o avalia que o resultado demonstra a continuidade do interesse do produtor na iniciativa, que utiliza um protocolo de auditoria com georreferenciamento, laudo t\u00e9cnico, registros fotogr\u00e1ficos e certifica\u00e7\u00e3o para garantir a confiabilidade das informa\u00e7\u00f5es coletadas.&#13;\n<\/p>\n<p>Al\u00e9m do car\u00e1ter competitivo, o programa \u00e9 apresentado como uma ferramenta de gera\u00e7\u00e3o e transfer\u00eancia de conhecimento agron\u00f4mico a partir de resultados obtidos diretamente no campo. O banco de dados constru\u00eddo desde 2008 re\u00fane informa\u00e7\u00f5es t\u00e9cnicas que s\u00e3o compartilhadas com produtores por meio de materiais t\u00e9cnicos e eventos do setor.<\/p>\n<p>Os campe\u00f5es da edi\u00e7\u00e3o ser\u00e3o divulgados durante o F\u00f3rum Nacional de M\u00e1xima Produtividade da Soja, programado para os dias 7 e 8 de julho de 2026, em Indaiatuba. A premia\u00e7\u00e3o contemplar\u00e1 categorias sequeiro e irrigado, com reconhecimento regional nas principais \u00e1reas produtoras do pa\u00eds.<br \/>&#13;<br \/>\n\u00a0&#13;\n<\/p>\n<\/p><\/div>\n<\/p><\/div>\n<p><script data-cfasync=\"false\">\n    !function (f, b, e, v, n, t, s) {\n        if (f.fbq) return; n = f.fbq = function () {\n            n.callMethod ?\n                n.callMethod.apply(n, arguments) : n.queue.push(arguments)\n        };\n        if (!f._fbq) f._fbq = n; n.push = n; n.loaded = !0; n.version = '2.0';\n        n.queue = []; t = b.createElement(e); t.async = !0;\n        t.src = v; s = b.getElementsByTagName(e)[0];\n        s.parentNode.insertBefore(t, s)\n    }(window, document, 'script',\n        'https:\/\/connect.facebook.net\/en_US\/fbevents.js');\n    fbq('init', '522546078623747');\n    fbq('track', 'PageView');\n<\/script><br \/>\n<br \/><br \/>\n<br \/><a href=\"https:\/\/www.agrolink.com.br\/noticias\/programa-amplia-alcance-e-area-monitorada-na-soja_511969.html\">Source link <\/a><\/p>\n","protected":false},"excerpt":{"rendered":"<p>&#13; Ao todo, as \u00e1reas inscritas somam 4,8 milh\u00f5es de hectares de soja&#13; &#13; Agrolink&#13; &#13; &#8211; Leonardo Gottems&#13; &#13;<\/p>\n","protected":false},"author":1,"featured_media":3489,"comment_status":"open","ping_status":"open","sticky":false,"template":"","format":"standard","meta":{"_monsterinsights_skip_tracking":false,"_monsterinsights_sitenote_active":false,"_monsterinsights_sitenote_note":"","_monsterinsights_sitenote_category":0,"_uf_show_specific_survey":0,"_uf_disable_surveys":false,"footnotes":""},"categories":[8,1,14],"tags":[],"class_list":["post-27643","post","type-post","status-publish","format-standard","has-post-thumbnail","hentry","category-agro","category-news","category-politica-agro"],"_links":{"self":[{"href":"https:\/\/agromt.news\/index.php?rest_route=\/wp\/v2\/posts\/27643"}],"collection":[{"href":"https:\/\/agromt.news\/index.php?rest_route=\/wp\/v2\/posts"}],"about":[{"href":"https:\/\/agromt.news\/index.php?rest_route=\/wp\/v2\/types\/post"}],"author":[{"embeddable":true,"href":"https:\/\/agromt.news\/index.php?rest_route=\/wp\/v2\/users\/1"}],"replies":[{"embeddable":true,"href":"https:\/\/agromt.news\/index.php?rest_route=%2Fwp%2Fv2%2Fcomments&post=27643"}],"version-history":[{"count":0,"href":"https:\/\/agromt.news\/index.php?rest_route=\/wp\/v2\/posts\/27643\/revisions"}],"wp:featuredmedia":[{"embeddable":true,"href":"https:\/\/agromt.news\/index.php?rest_route=\/wp\/v2\/media\/3489"}],"wp:attachment":[{"href":"https:\/\/agromt.news\/index.php?rest_route=%2Fwp%2Fv2%2Fmedia&parent=27643"}],"wp:term":[{"taxonomy":"category","embeddable":true,"href":"https:\/\/agromt.news\/index.php?rest_route=%2Fwp%2Fv2%2Fcategories&post=27643"},{"taxonomy":"post_tag","embeddable":true,"href":"https:\/\/agromt.news\/index.php?rest_route=%2Fwp%2Fv2%2Ftags&post=27643"}],"curies":[{"name":"wp","href":"https:\/\/api.w.org\/{rel}","templated":true}]}}