{"id":27641,"date":"2026-03-13T22:05:58","date_gmt":"2026-03-14T02:05:58","guid":{"rendered":"https:\/\/agromt.news\/?p=27641"},"modified":"2026-03-13T22:05:58","modified_gmt":"2026-03-14T02:05:58","slug":"consumo-mundial-de-trigo-atinge-nivel-recorde","status":"publish","type":"post","link":"https:\/\/agromt.news\/?p=27641","title":{"rendered":"Consumo mundial de trigo atinge n\u00edvel recorde"},"content":{"rendered":"<p> <br \/>\n<\/p>\n<div>\n<p style=\"text-align:justify\">O\u00a0Relat\u00f3rio de Oferta e Demanda de Produtos Agr\u00edcolas (WASDE), divulgado pelo Departamento de Agricultura dos Estados Unidos (USDA), indica que n\u00e3o houve altera\u00e7\u00f5es nas proje\u00e7\u00f5es de oferta e consumo de trigo dos Estados Unidos para a safra 2025\/26. O documento aponta, entretanto, aumento no pre\u00e7o m\u00e9dio recebido pelo produtor.&#13;\n<\/p>\n<p style=\"text-align:justify\">De acordo com o relat\u00f3rio, \u201co pre\u00e7o m\u00e9dio da safra no produtor subiu US$ 0,05 por bushel, para US$ 4,95, com base nos pre\u00e7os relatados at\u00e9 o momento pelo Servi\u00e7o Nacional de Estat\u00edsticas Agr\u00edcolas (NASS) e nas expectativas de pre\u00e7os para o restante do ano comercial\u201d.<\/p>\n<p style=\"text-align:justify\">No cen\u00e1rio global, o relat\u00f3rio projeta aumento tanto na oferta quanto no consumo de trigo na temporada 2025\/26, ao mesmo tempo em que prev\u00ea redu\u00e7\u00e3o no com\u00e9rcio internacional e nos estoques finais. Segundo o Departamento de Agricultura dos Estados Unidos (USDA), \u201cas ofertas aumentam em 0,2 milh\u00e3o de toneladas, para 1.101,8 milh\u00f5es, principalmente devido ao aumento da produ\u00e7\u00e3o na Ucr\u00e2nia e no Cazaquist\u00e3o, que \u00e9 parcialmente compensado pela menor produ\u00e7\u00e3o na Austr\u00e1lia\u201d.&#13;\n<\/p>\n<p style=\"text-align:justify\">A produ\u00e7\u00e3o australiana foi revisada para baixo em 1 milh\u00e3o de toneladas. Ainda assim, o relat\u00f3rio divulgado pelo Australian Bureau of Agricultural and Resource Economics and Sciences (ABARES) aponta que a colheita deve atingir 36 milh\u00f5es de toneladas, configurando a terceira maior j\u00e1 registrada no pa\u00eds.<\/p>\n<p style=\"text-align:justify\">O consumo global de trigo foi elevado em 0,7 milh\u00e3o de toneladas, alcan\u00e7ando 824,8 milh\u00f5es de toneladas, volume recorde. O aumento est\u00e1 associado principalmente ao maior uso do cereal para ra\u00e7\u00e3o e res\u00edduos na Uni\u00e3o Europeia.<\/p>\n<p style=\"text-align:justify\">O com\u00e9rcio mundial foi ajustado para 222,2 milh\u00f5es de toneladas, avan\u00e7o de 0,2 milh\u00e3o de toneladas em rela\u00e7\u00e3o \u00e0 estimativa anterior. O relat\u00f3rio destaca que \u201co com\u00e9rcio mundial aumentou 0,2 milh\u00f5es de toneladas, atingindo 222,2 milh\u00f5es de toneladas, com maiores exporta\u00e7\u00f5es da Argentina e do Cazaquist\u00e3o, em grande parte compensadas por previs\u00f5es mais baixas para a Uni\u00e3o Europeia, R\u00fassia e Ucr\u00e2nia\u201d.&#13;\n<\/p>\n<p style=\"text-align:justify\">As exporta\u00e7\u00f5es argentinas foram ampliadas em 1,5 milh\u00e3o de toneladas, alcan\u00e7ando o recorde de 19,5 milh\u00f5es de toneladas, sustentadas pela competitividade do trigo do pa\u00eds no mercado internacional.<\/p>\n<p style=\"text-align:justify\">J\u00e1 os estoques globais finais de trigo para 2025\/26 foram reduzidos em 0,6 milh\u00e3o de toneladas, totalizando 277 milh\u00f5es de toneladas. Apesar da queda, o volume ainda permanece no n\u00edvel mais elevado dos \u00faltimos cinco anos.<\/p>\n<\/p><\/div>\n<p><script data-cfasync=\"false\">\n    !function (f, b, e, v, n, t, s) {\n        if (f.fbq) return; n = f.fbq = function () {\n            n.callMethod ?\n                n.callMethod.apply(n, arguments) : n.queue.push(arguments)\n        };\n        if (!f._fbq) f._fbq = n; n.push = n; n.loaded = !0; n.version = '2.0';\n        n.queue = []; t = b.createElement(e); t.async = !0;\n        t.src = v; s = b.getElementsByTagName(e)[0];\n        s.parentNode.insertBefore(t, s)\n    }(window, document, 'script',\n        'https:\/\/connect.facebook.net\/en_US\/fbevents.js');\n    fbq('init', '522546078623747');\n    fbq('track', 'PageView');\n<\/script><br \/>\n<br \/><br \/>\n<br \/><a href=\"https:\/\/www.agrolink.com.br\/noticias\/consumo-mundial-de-trigo-atinge-nivel-recorde_511971.html\">Source link <\/a><\/p>\n","protected":false},"excerpt":{"rendered":"<p>O\u00a0Relat\u00f3rio de Oferta e Demanda de Produtos Agr\u00edcolas (WASDE), divulgado pelo Departamento de Agricultura dos Estados Unidos (USDA), indica que<\/p>\n","protected":false},"author":1,"featured_media":6305,"comment_status":"open","ping_status":"open","sticky":false,"template":"","format":"standard","meta":{"_monsterinsights_skip_tracking":false,"_monsterinsights_sitenote_active":false,"_monsterinsights_sitenote_note":"","_monsterinsights_sitenote_category":0,"_uf_show_specific_survey":0,"_uf_disable_surveys":false,"footnotes":""},"categories":[8,1,14],"tags":[],"class_list":["post-27641","post","type-post","status-publish","format-standard","has-post-thumbnail","hentry","category-agro","category-news","category-politica-agro"],"_links":{"self":[{"href":"https:\/\/agromt.news\/index.php?rest_route=\/wp\/v2\/posts\/27641"}],"collection":[{"href":"https:\/\/agromt.news\/index.php?rest_route=\/wp\/v2\/posts"}],"about":[{"href":"https:\/\/agromt.news\/index.php?rest_route=\/wp\/v2\/types\/post"}],"author":[{"embeddable":true,"href":"https:\/\/agromt.news\/index.php?rest_route=\/wp\/v2\/users\/1"}],"replies":[{"embeddable":true,"href":"https:\/\/agromt.news\/index.php?rest_route=%2Fwp%2Fv2%2Fcomments&post=27641"}],"version-history":[{"count":0,"href":"https:\/\/agromt.news\/index.php?rest_route=\/wp\/v2\/posts\/27641\/revisions"}],"wp:featuredmedia":[{"embeddable":true,"href":"https:\/\/agromt.news\/index.php?rest_route=\/wp\/v2\/media\/6305"}],"wp:attachment":[{"href":"https:\/\/agromt.news\/index.php?rest_route=%2Fwp%2Fv2%2Fmedia&parent=27641"}],"wp:term":[{"taxonomy":"category","embeddable":true,"href":"https:\/\/agromt.news\/index.php?rest_route=%2Fwp%2Fv2%2Fcategories&post=27641"},{"taxonomy":"post_tag","embeddable":true,"href":"https:\/\/agromt.news\/index.php?rest_route=%2Fwp%2Fv2%2Ftags&post=27641"}],"curies":[{"name":"wp","href":"https:\/\/api.w.org\/{rel}","templated":true}]}}