{"id":27639,"date":"2026-03-13T18:56:58","date_gmt":"2026-03-13T22:56:58","guid":{"rendered":"https:\/\/agromt.news\/?p=27639"},"modified":"2026-03-13T18:56:58","modified_gmt":"2026-03-13T22:56:58","slug":"arroba-do-boi-gordo-veja-como-o-mercado-encerrou-mais-uma-semana","status":"publish","type":"post","link":"https:\/\/agromt.news\/?p=27639","title":{"rendered":"Arroba do boi gordo: veja como o mercado encerrou mais uma semana"},"content":{"rendered":"<p> <br \/>\n<\/p>\n<div>\n<figure><img decoding=\"async\" src=\"https:\/\/agromt.news\/wp-content\/uploads\/2024\/09\/Boi-nelore-no-pasto-1.jpg\" alt=\"pre\u00e7os do boi\" \/><figcaption>pre\u00e7o do boi<\/figcaption><\/figure>\n<\/div>\n<p>O mercado f\u00edsico do boi gordo apresenta pre\u00e7os em predominante acomoda\u00e7\u00e3o no decorrer desta sexta-feira (13).<\/p>\n<p>O analista da consultoria Safras &amp; Mercado Fernando Henrique Iglesias destaca que, sob o prisma da oferta, as ind\u00fastrias ainda operam com escalas de abate encurtadas em um ambiente pautado pela restri\u00e7\u00e3o de oferta. <\/p>\n<p>&#8220;Durante o dia o mercado voltou a especular sobre a <strong><a href=\"https:\/\/www.canalrural.com.br\/pecuaria\/alckmin-solicita-a-china-exclusao-de-carne-embarcada-antes-de-janeiro-das-cotas\/\">cota chinesa<\/a><\/strong>. H\u00e1 rumores que, nos pr\u00f3ximos dias, haveria a suposta confirma\u00e7\u00e3o por parte do governo chin\u00eas de que a cota seria contabilizada a partir da chegada do produto nos portos chineses, ou seja, os embarques realizados pelo Brasil em outubro, novembro e dezembro de 2025 fariam parte da composi\u00e7\u00e3o da cota de 2026&#8243;, alerta. <\/p>\n<p>Al\u00e9m disso, o analista pontua que o conflito no Oriente M\u00e9dio permanece no radar, com o encarecimento dos custos log\u00edsticos ainda em pauta. &#8220;A movimenta\u00e7\u00e3o do petr\u00f3leo tamb\u00e9m \u00e9 agressiva sugerindo por novos reajustes dos pre\u00e7os dos combust\u00edveis&#8221;, disse.<\/p>\n<h2 class=\"wp-block-heading\" id=\"h-precos-medios-do-boi-gordo\">Pre\u00e7os m\u00e9dios do boi gordo<\/h2>\n<ul class=\"wp-block-list\">\n<li><strong>S\u00e3o Paulo:<\/strong> R$ 349,08 \u2014 ontem: R$ 348,75<\/li>\n<li><strong>Goi\u00e1s:<\/strong> R$ 334,64 \u2014 ontem: R$ 334,11<\/li>\n<li><strong>Minas Gerais:<\/strong> R$ 339,41 \u2014 ontem: R$ 344,41<\/li>\n<li><strong>Mato Grosso do Sul:<\/strong> R$ 336,02 \u2014 ontem: R$ 336,02<\/li>\n<li><strong>Mato Grosso: <\/strong>R$ 339,05 \u2014 ontem: R$ 338,65<\/li>\n<\/ul>\n<h2 class=\"wp-block-heading\" id=\"h-mercado-atacadista\">Mercado atacadista<\/h2>\n<p>O mercado atacadista segue com manuten\u00e7\u00e3o do padr\u00e3o dos neg\u00f3cios ao longo da sexta-feira. &#8220;Mesmo a entrada dos sal\u00e1rios na economia tem sido insuficiente para justificar novos reajustes dos pre\u00e7os da carne bovina&#8221;, ressalta. <\/p>\n<ul class=\"wp-block-list\">\n<li><em>Veja em primeira m\u00e3o tudo sobre agricultura, pecu\u00e1ria, economia e previs\u00e3o do tempo:<\/em><a href=\"https:\/\/news.google.com\/publications\/CAAqBwgKMPKZlQswq_mqAw?hl=pt-BR&amp;gl=BR&amp;ceid=BR%3Apt-419\" target=\"_blank\" rel=\"noreferrer noopener\">\u00a0<em>siga o Canal Rural no Google News!<\/em><\/a><\/li>\n<\/ul>\n<p>Segundo ele, a prote\u00edna j\u00e1 assumiu um patamar de pre\u00e7os que afasta boa parte dos consumidores brasileiros, em especial as fam\u00edlias que t\u00eam como renda entre um e dois sal\u00e1rios-m\u00ednimos e que priorizam frango, ovos e embutidos.<\/p>\n<ul class=\"wp-block-list\">\n<li><strong>Quarto dianteiro:<\/strong> ainda \u00e9 precificado a R$ 20,50 por quilo;<\/li>\n<li><strong>Quarto traseiro: <\/strong>segue cotado a R$ 27,00 por quilo;<\/li>\n<li><strong>Ponta de agulha:<\/strong> se mant\u00e9m a R$ 20,50 por quilo.<\/li>\n<\/ul>\n<h2 class=\"wp-block-heading\" id=\"h-cambio\">C\u00e2mbio<\/h2>\n<p>O d\u00f3lar comercial encerrou a sess\u00e3o com alta de 1,35%, sendo negociado a R$ 5,3168 para venda e a R$ 5,3148 para compra. Durante o dia, a moeda norte-americana oscilou entre a m\u00ednima de R$ 5,2158 e a m\u00e1xima de R$ 5,3243. Na semana, a moeda subiu 1,47%.<\/p>\n<p>O post <a href=\"https:\/\/www.canalrural.com.br\/pecuaria\/arroba-do-boi-gordo-veja-como-o-mercado-encerrou-mais-uma-semana\/\">Arroba do boi gordo: veja como o mercado encerrou mais uma semana<\/a> apareceu primeiro em <a href=\"https:\/\/www.canalrural.com.br\">Canal Rural<\/a>.<\/p>\n<p><br \/>\n<br \/><a href=\"https:\/\/www.canalrural.com.br\/pecuaria\/arroba-do-boi-gordo-veja-como-o-mercado-encerrou-mais-uma-semana\/\">Source link <\/a><\/p>\n","protected":false},"excerpt":{"rendered":"<p>pre\u00e7o do boi O mercado f\u00edsico do boi gordo apresenta pre\u00e7os em predominante acomoda\u00e7\u00e3o no decorrer desta sexta-feira (13). O<\/p>\n","protected":false},"author":1,"featured_media":25831,"comment_status":"open","ping_status":"open","sticky":false,"template":"","format":"standard","meta":{"_monsterinsights_skip_tracking":false,"_monsterinsights_sitenote_active":false,"_monsterinsights_sitenote_note":"","_monsterinsights_sitenote_category":0,"_uf_show_specific_survey":0,"_uf_disable_surveys":false,"footnotes":""},"categories":[1],"tags":[],"class_list":["post-27639","post","type-post","status-publish","format-standard","has-post-thumbnail","hentry","category-news"],"_links":{"self":[{"href":"https:\/\/agromt.news\/index.php?rest_route=\/wp\/v2\/posts\/27639"}],"collection":[{"href":"https:\/\/agromt.news\/index.php?rest_route=\/wp\/v2\/posts"}],"about":[{"href":"https:\/\/agromt.news\/index.php?rest_route=\/wp\/v2\/types\/post"}],"author":[{"embeddable":true,"href":"https:\/\/agromt.news\/index.php?rest_route=\/wp\/v2\/users\/1"}],"replies":[{"embeddable":true,"href":"https:\/\/agromt.news\/index.php?rest_route=%2Fwp%2Fv2%2Fcomments&post=27639"}],"version-history":[{"count":0,"href":"https:\/\/agromt.news\/index.php?rest_route=\/wp\/v2\/posts\/27639\/revisions"}],"wp:featuredmedia":[{"embeddable":true,"href":"https:\/\/agromt.news\/index.php?rest_route=\/wp\/v2\/media\/25831"}],"wp:attachment":[{"href":"https:\/\/agromt.news\/index.php?rest_route=%2Fwp%2Fv2%2Fmedia&parent=27639"}],"wp:term":[{"taxonomy":"category","embeddable":true,"href":"https:\/\/agromt.news\/index.php?rest_route=%2Fwp%2Fv2%2Fcategories&post=27639"},{"taxonomy":"post_tag","embeddable":true,"href":"https:\/\/agromt.news\/index.php?rest_route=%2Fwp%2Fv2%2Ftags&post=27639"}],"curies":[{"name":"wp","href":"https:\/\/api.w.org\/{rel}","templated":true}]}}