{"id":27624,"date":"2026-03-13T17:04:01","date_gmt":"2026-03-13T21:04:01","guid":{"rendered":"https:\/\/agromt.news\/?p=27624"},"modified":"2026-03-13T17:04:01","modified_gmt":"2026-03-13T21:04:01","slug":"el-nino-no-radar-com-mais-de-60-de-probabilidade-brasil-pode-sofrer-com-temperaturas-elevadas","status":"publish","type":"post","link":"https:\/\/agromt.news\/?p=27624","title":{"rendered":"El Ni\u00f1o no radar com mais de 60% de probabilidade; Brasil pode sofrer com temperaturas elevadas"},"content":{"rendered":"<p> <br \/>\n<\/p>\n<div>\n<figure><img decoding=\"async\" src=\"https:\/\/agromt.news\/wp-content\/uploads\/2024\/09\/Chuva-prevista-nao-sera-suficiente-para-o-desempenho-inicial-da.jpg\" alt=\"calor, Inmet, previs\u00e3o, tempo, clima, El Ni\u00f1o\" \/><figcaption>Foto: Unsplash\/reprodu\u00e7\u00e3o<\/figcaption><\/figure>\n<\/div>\n<p>O aquecimento das \u00e1guas do Oceano Pac\u00edfico indica o enfraquecimento da La Ni\u00f1a e aumenta a probabilidade de retorno do El Ni\u00f1o nos pr\u00f3ximos meses. De acordo com a Administra\u00e7\u00e3o Nacional Oce\u00e2nica e Atmosf\u00e9rica dos Estados Unidos (NOAA), a chance do <a href=\"https:\/\/www.canalrural.com.br\/?s=El+Ni%C3%B1o+\">fen\u00f4meno clim\u00e1tico <\/a>superar 60% entre o fim do outono e o inverno no Hemisf\u00e9rio Sul, podendo se consolidar entre a primavera e o ver\u00e3o, per\u00edodo que coincide com o desenvolvimento da pr\u00f3xima safra de soja no Brasil.<\/p>\n<p>Nos pr\u00f3ximos meses, por\u00e9m, a tend\u00eancia \u00e9 de neutralidade clim\u00e1tica. Nesse cen\u00e1rio, as chuvas devem se estender at\u00e9 o fim de abril e in\u00edcio de maio em parte das \u00e1reas produtoras, sem impactos negativos imediatos para as atividades no campo, especialmente para a retirada da soja e o avan\u00e7o do milho segunda safra.<\/p>\n<p>O maior ponto de aten\u00e7\u00e3o, segundo as previs\u00f5es, est\u00e1 voltado para o in\u00edcio do plantio da safra 2026\/27. A expectativa \u00e9 de atraso no retorno das chuvas no Brasil central, acompanhado de temperaturas elevadas e poss\u00edveis ondas de calor no in\u00edcio da semeadura. Al\u00e9m disso, o Matopiba pode registrar precipita\u00e7\u00f5es abaixo da m\u00e9dia.<\/p>\n<ul class=\"wp-block-list\">\n<li><strong>Fique por dentro das principais not\u00edcias sobre a soja: <a href=\"https:\/\/chat.whatsapp.com\/BmMRwA0TZ2DHGyhzoaVEWu\">acesse a comunidade Soja Brasil no WhatsApp! <\/a><\/strong><\/li>\n<\/ul>\n<p>No curto prazo, a chuva deve continuar concentrada em \u00e1reas de Minas Gerais, Goi\u00e1s e Mato Grosso, com volumes que podem ultrapassar 50 mil\u00edmetros nos pr\u00f3ximos cinco dias. J\u00e1 em estados como S\u00e3o Paulo, Paran\u00e1 e parte da regi\u00e3o Sul, al\u00e9m da Bahia, o tempo tende a ficar mais firme, favorecendo o avan\u00e7o das opera\u00e7\u00f5es no campo.<\/p>\n<p>Mesmo assim, os produtores devem aproveitar as janelas de tempo seco. Entre os dias 19 e 23 de mar\u00e7o, um novo sistema deve provocar o avan\u00e7o de \u00e1reas de instabilidade, trazendo volumes elevados de chuva para diversas regi\u00f5es produtoras.<\/p>\n<p>Na sequ\u00eancia, entre os dias 24 e 25 de mar\u00e7o, a chuva volta a ganhar for\u00e7a na regi\u00e3o Sul do pa\u00eds, com acumulados que tamb\u00e9m podem superar 50 mil\u00edmetros em cinco dias. Esse cen\u00e1rio mant\u00e9m o ritmo das lavouras dependente das condi\u00e7\u00f5es clim\u00e1ticas nas pr\u00f3ximas semanas.<\/p>\n<p>O post <a href=\"https:\/\/www.canalrural.com.br\/agricultura\/projeto-soja-brasil\/el-nino-no-radar-com-mais-de-60-de-probabilidade-brasil-pode-sofrer-com-temperaturas-elevadas\/\">El Ni\u00f1o no radar com mais de 60% de probabilidade; Brasil pode sofrer com temperaturas elevadas<\/a> apareceu primeiro em <a href=\"https:\/\/www.canalrural.com.br\">Canal Rural<\/a>.<\/p>\n<p><br \/>\n<br \/><a href=\"https:\/\/www.canalrural.com.br\/agricultura\/projeto-soja-brasil\/el-nino-no-radar-com-mais-de-60-de-probabilidade-brasil-pode-sofrer-com-temperaturas-elevadas\/\">Source link <\/a><\/p>\n","protected":false},"excerpt":{"rendered":"<p>Foto: Unsplash\/reprodu\u00e7\u00e3o O aquecimento das \u00e1guas do Oceano Pac\u00edfico indica o enfraquecimento da La Ni\u00f1a e aumenta a probabilidade de<\/p>\n","protected":false},"author":1,"featured_media":25639,"comment_status":"open","ping_status":"open","sticky":false,"template":"","format":"standard","meta":{"_monsterinsights_skip_tracking":false,"_monsterinsights_sitenote_active":false,"_monsterinsights_sitenote_note":"","_monsterinsights_sitenote_category":0,"_uf_show_specific_survey":0,"_uf_disable_surveys":false,"footnotes":""},"categories":[1],"tags":[],"class_list":["post-27624","post","type-post","status-publish","format-standard","has-post-thumbnail","hentry","category-news"],"_links":{"self":[{"href":"https:\/\/agromt.news\/index.php?rest_route=\/wp\/v2\/posts\/27624"}],"collection":[{"href":"https:\/\/agromt.news\/index.php?rest_route=\/wp\/v2\/posts"}],"about":[{"href":"https:\/\/agromt.news\/index.php?rest_route=\/wp\/v2\/types\/post"}],"author":[{"embeddable":true,"href":"https:\/\/agromt.news\/index.php?rest_route=\/wp\/v2\/users\/1"}],"replies":[{"embeddable":true,"href":"https:\/\/agromt.news\/index.php?rest_route=%2Fwp%2Fv2%2Fcomments&post=27624"}],"version-history":[{"count":0,"href":"https:\/\/agromt.news\/index.php?rest_route=\/wp\/v2\/posts\/27624\/revisions"}],"wp:featuredmedia":[{"embeddable":true,"href":"https:\/\/agromt.news\/index.php?rest_route=\/wp\/v2\/media\/25639"}],"wp:attachment":[{"href":"https:\/\/agromt.news\/index.php?rest_route=%2Fwp%2Fv2%2Fmedia&parent=27624"}],"wp:term":[{"taxonomy":"category","embeddable":true,"href":"https:\/\/agromt.news\/index.php?rest_route=%2Fwp%2Fv2%2Fcategories&post=27624"},{"taxonomy":"post_tag","embeddable":true,"href":"https:\/\/agromt.news\/index.php?rest_route=%2Fwp%2Fv2%2Ftags&post=27624"}],"curies":[{"name":"wp","href":"https:\/\/api.w.org\/{rel}","templated":true}]}}