{"id":27621,"date":"2026-03-13T16:36:02","date_gmt":"2026-03-13T20:36:02","guid":{"rendered":"https:\/\/agromt.news\/?p=27621"},"modified":"2026-03-13T16:36:02","modified_gmt":"2026-03-13T20:36:02","slug":"mapa-apreende-mais-de-uma-tonelada-de-defensivos-e-interdita-fabrica-de-fertilizantes","status":"publish","type":"post","link":"https:\/\/agromt.news\/?p=27621","title":{"rendered":"Mapa apreende mais de uma tonelada de defensivos e interdita f\u00e1brica de fertilizantes"},"content":{"rendered":"<p> <br \/>\n<\/p>\n<div>\n<figure><img decoding=\"async\" src=\"https:\/\/agromt.news\/wp-content\/uploads\/2026\/03\/Mapa-apreende-mais-de-uma-tonelada-de-defensivos-e-interdita.jpeg\" alt=\"defensivo\" \/><figcaption>Foto: divulga\u00e7\u00e3o\/Mapa<\/figcaption><\/figure>\n<\/div>\n<p>O Minist\u00e9rio da Agricultura e Pecu\u00e1ria (<a href=\"https:\/\/www.canalrural.com.br\/tag\/mapa\/\">Mapa<\/a>) deflagrou, nesta quarta-feira (11), a Opera\u00e7\u00e3o Terra Prometida no munic\u00edpio de Patroc\u00ednio, em Minas Gerais. <\/p>\n<p>Durante a fiscaliza\u00e7\u00e3o, foi identificado um dep\u00f3sito clandestino com mais de uma tonelada de defensivos agr\u00edcolas irregulares e cerca de 200 litros de produtos vencidos. Os materiais estavam acondicionados em sacos com rotulagem em l\u00edngua estrangeira incompat\u00edvel com a tradu\u00e7\u00e3o impressa no produto, em desacordo com a legisla\u00e7\u00e3o brasileira.<\/p>\n<ul class=\"wp-block-list\">\n<li><em>Veja em primeira m\u00e3o tudo sobre agricultura, pecu\u00e1ria, economia e previs\u00e3o do tempo:<\/em><a href=\"https:\/\/news.google.com\/publications\/CAAqBwgKMPKZlQswq_mqAw?hl=pt-BR&amp;gl=BR&amp;ceid=BR%3Apt-419\"><em> <\/em><strong><em>siga o Canal Rural no Google News!<\/em><\/strong><\/a><\/li>\n<\/ul>\n<p>An\u00e1lises preliminares realizadas por espectroscopia no infravermelho m\u00e9dio port\u00e1til indicaram fortes ind\u00edcios da presen\u00e7a dos princ\u00edpios ativos metsulfuron, abamectina e tiametoxam nas amostras coletadas. Os produtos foram apreendidos e o estabelecimento foi interditado.<\/p>\n<p>A a\u00e7\u00e3o teve como objetivo combater a importa\u00e7\u00e3o e a comercializa\u00e7\u00e3o irregular de defensivos, al\u00e9m da adultera\u00e7\u00e3o de fertilizantes. A opera\u00e7\u00e3o foi realizada em parceria com o Instituto Mineiro de Agropecu\u00e1ria (IMA) e o Instituto Brasileiro do Meio Ambiente e dos Recursos Naturais Renov\u00e1veis (Ibama). <\/p>\n<h2 class=\"wp-block-heading\" id=\"h-outros-produtos\">Outros produtos<\/h2>\n<p>No mesmo local, os fiscais tamb\u00e9m apreenderam aproximadamente 6,5 toneladas de mela\u00e7o l\u00edquido, que seriam destinadas irregularmente \u00e0 alimenta\u00e7\u00e3o animal.<\/p>\n<p>A opera\u00e7\u00e3o tamb\u00e9m teve como alvo uma f\u00e1brica de fertilizantes pertencente ao mesmo respons\u00e1vel pelo dep\u00f3sito de defensivos il\u00edcitos. No local, foram encontradas subst\u00e2ncias incompat\u00edveis com a formula\u00e7\u00e3o registrada e com o uso proposto para esse tipo de insumo.<\/p>\n<p>Diante das irregularidades, as atividades da f\u00e1brica foram suspensas. Foram apreendidos 320 kg e 416 litros de mat\u00e9rias-primas, al\u00e9m de aproximadamente 10 toneladas de fertilizantes acabados.<\/p>\n<h2 class=\"wp-block-heading\" id=\"h-medidas\">Medidas <\/h2>\n<p>O valor estimado dos produtos agropecu\u00e1rios irregulares apreendidos \u00e9 de R$ 1.123.951. O respons\u00e1vel foi preso em flagrante e poder\u00e1 responder criminalmente pelos crimes de contrabando e falsifica\u00e7\u00e3o de defensivos, al\u00e9m das medidas administrativas cab\u00edveis, como autua\u00e7\u00e3o, apreens\u00e3o de produtos e suspens\u00e3o das atividades.<\/p>\n<p>Em rela\u00e7\u00e3o aos il\u00edcitos ambientais, as multas podem chegar a aproximadamente R$ 3 milh\u00f5es, al\u00e9m da abertura de procedimentos administrativos e poss\u00edveis repercuss\u00f5es penais e civis para repara\u00e7\u00e3o de danos ambientais.<\/p>\n<p>O post <a href=\"https:\/\/www.canalrural.com.br\/seguranca\/mapa-apreende-mais-de-uma-tonelada-de-defensivos-e-interdita-fabrica-de-fertilizantes\/\">Mapa apreende mais de uma tonelada de defensivos e interdita f\u00e1brica de fertilizantes<\/a> apareceu primeiro em <a href=\"https:\/\/www.canalrural.com.br\">Canal Rural<\/a>.<\/p>\n<p><br \/>\n<br \/><a href=\"https:\/\/www.canalrural.com.br\/seguranca\/mapa-apreende-mais-de-uma-tonelada-de-defensivos-e-interdita-fabrica-de-fertilizantes\/\">Source link <\/a><\/p>\n","protected":false},"excerpt":{"rendered":"<p>Foto: divulga\u00e7\u00e3o\/Mapa O Minist\u00e9rio da Agricultura e Pecu\u00e1ria (Mapa) deflagrou, nesta quarta-feira (11), a Opera\u00e7\u00e3o Terra Prometida no munic\u00edpio de<\/p>\n","protected":false},"author":1,"featured_media":27622,"comment_status":"open","ping_status":"open","sticky":false,"template":"","format":"standard","meta":{"_monsterinsights_skip_tracking":false,"_monsterinsights_sitenote_active":false,"_monsterinsights_sitenote_note":"","_monsterinsights_sitenote_category":0,"_uf_show_specific_survey":0,"_uf_disable_surveys":false,"footnotes":""},"categories":[1],"tags":[],"class_list":["post-27621","post","type-post","status-publish","format-standard","has-post-thumbnail","hentry","category-news"],"_links":{"self":[{"href":"https:\/\/agromt.news\/index.php?rest_route=\/wp\/v2\/posts\/27621"}],"collection":[{"href":"https:\/\/agromt.news\/index.php?rest_route=\/wp\/v2\/posts"}],"about":[{"href":"https:\/\/agromt.news\/index.php?rest_route=\/wp\/v2\/types\/post"}],"author":[{"embeddable":true,"href":"https:\/\/agromt.news\/index.php?rest_route=\/wp\/v2\/users\/1"}],"replies":[{"embeddable":true,"href":"https:\/\/agromt.news\/index.php?rest_route=%2Fwp%2Fv2%2Fcomments&post=27621"}],"version-history":[{"count":0,"href":"https:\/\/agromt.news\/index.php?rest_route=\/wp\/v2\/posts\/27621\/revisions"}],"wp:featuredmedia":[{"embeddable":true,"href":"https:\/\/agromt.news\/index.php?rest_route=\/wp\/v2\/media\/27622"}],"wp:attachment":[{"href":"https:\/\/agromt.news\/index.php?rest_route=%2Fwp%2Fv2%2Fmedia&parent=27621"}],"wp:term":[{"taxonomy":"category","embeddable":true,"href":"https:\/\/agromt.news\/index.php?rest_route=%2Fwp%2Fv2%2Fcategories&post=27621"},{"taxonomy":"post_tag","embeddable":true,"href":"https:\/\/agromt.news\/index.php?rest_route=%2Fwp%2Fv2%2Ftags&post=27621"}],"curies":[{"name":"wp","href":"https:\/\/api.w.org\/{rel}","templated":true}]}}