{"id":27611,"date":"2026-03-13T14:22:15","date_gmt":"2026-03-13T18:22:15","guid":{"rendered":"https:\/\/agromt.news\/?p=27611"},"modified":"2026-03-13T14:22:15","modified_gmt":"2026-03-13T18:22:15","slug":"silo-secador-e-solucao-acessivel-para-produtores-de-graos","status":"publish","type":"post","link":"https:\/\/agromt.news\/?p=27611","title":{"rendered":"Silo secador \u00e9 solu\u00e7\u00e3o acess\u00edvel para produtores de gr\u00e3os"},"content":{"rendered":"<p> <br \/>\n<\/p>\n<div>\n<p style=\"text-align:justify\">A \u00e1rea de secagem e armazenagem de gr\u00e3os da Emater\/RS-Ascar na 26\u00aa Expodireto Cotrijal apresenta alternativas t\u00e9cnicas voltadas \u00e0 autonomia e \u00e0 redu\u00e7\u00e3o de custos nas propriedades rurais. A feira ocorre at\u00e9 sexta-feira (13\/03), em N\u00e3o-Me-Toque, com visita\u00e7\u00e3o das 9h \u00e0s 18h.&#13;\n<\/p>\n<p style=\"text-align:justify\">A principal solu\u00e7\u00e3o preconizada pela Emater\/RS-Ascar para os produtores de gr\u00e3os \u00e9 o silo secador. De acordo com o extensionista rural Idanir Bianchetti, o equipamento recebe essa denomina\u00e7\u00e3o por realizar, no mesmo local, os processos de secagem e armazenagem, dispensando a necessidade de movimenta\u00e7\u00e3o do produto entre estruturas distintas.<\/p>\n<p style=\"text-align:justify\">\u201cA secagem no silo secador \u00e9 realizada com ar natural e em temperatura ambiente, caracterizando um sistema ecologicamente correto, por utilizar energias renov\u00e1veis e limpas e eliminar o uso de lenha ou outras fontes de calor. A secagem em temperatura ambiente tamb\u00e9m contribui para a preserva\u00e7\u00e3o da qualidade dos gr\u00e3os\u201d, explica Bianchetti.&#13;\n<\/p>\n<p style=\"text-align:justify\">No espa\u00e7o, s\u00e3o apresentadas alternativas que abrangem desde a elabora\u00e7\u00e3o do projeto at\u00e9 os modelos construtivos e o manejo do sistema. Entre as principais vantagens est\u00e3o o baixo custo de instala\u00e7\u00e3o, em fun\u00e7\u00e3o da disponibilidade de materiais no mercado; o r\u00e1pido retorno do investimento; a possibilidade de melhores pre\u00e7os na comercializa\u00e7\u00e3o; a redu\u00e7\u00e3o de custos com transporte, secagem e armazenagem; e a maior autonomia do agricultor, tanto para comercializa\u00e7\u00e3o futura quanto para uso dos gr\u00e3os na alimenta\u00e7\u00e3o animal na propriedade.<\/p>\n<p style=\"text-align:justify\">\u201cNa regi\u00e3o de Passo Fundo tem munic\u00edpios que se destacam na utiliza\u00e7\u00e3o dessa tecnologia, principalmente para armazenamento de milho, mas muitos agricultores j\u00e1 est\u00e3o utilizando para armazenamento de soja, feij\u00e3o, ou mesmo outras culturas\u201d, afirma Bianchetti.&#13;\n<\/p>\n<p style=\"text-align:justify\">Tamb\u00e9m \u00e9 apresentado um sistema de automa\u00e7\u00e3o el\u00e9trica e um sistema de aquecimento do ar por meio de resist\u00eancias el\u00e9tricas, com o objetivo de proporcionar maior agilidade na secagem, al\u00e9m de equipamentos utilizados na movimenta\u00e7\u00e3o e limpeza dos gr\u00e3os.<\/p>\n<p style=\"text-align:justify\">Segundo Bianchetti, a proposta \u00e9 contribuir para a melhoria da renda e da qualidade de vida do agricultor, ampliando alternativas de gest\u00e3o da produ\u00e7\u00e3o na propriedade.<\/p>\n<p style=\"text-align:justify\">O agricultor que tiver interesse deve procurar um escrit\u00f3rio da Emater\/RS-Ascar e levar algumas informa\u00e7\u00f5es, como o tipo de energia que possui na propriedade e a quantidade que deseja armazenar.<\/p>\n<\/p><\/div>\n<p><script data-cfasync=\"false\">\n    !function (f, b, e, v, n, t, s) {\n        if (f.fbq) return; n = f.fbq = function () {\n            n.callMethod ?\n                n.callMethod.apply(n, arguments) : n.queue.push(arguments)\n        };\n        if (!f._fbq) f._fbq = n; n.push = n; n.loaded = !0; n.version = '2.0';\n        n.queue = []; t = b.createElement(e); t.async = !0;\n        t.src = v; s = b.getElementsByTagName(e)[0];\n        s.parentNode.insertBefore(t, s)\n    }(window, document, 'script',\n        'https:\/\/connect.facebook.net\/en_US\/fbevents.js');\n    fbq('init', '522546078623747');\n    fbq('track', 'PageView');\n<\/script><br \/>\n<br \/><br \/>\n<br \/><a href=\"https:\/\/www.agrolink.com.br\/noticias\/expodireto-cotrijal--silo-secador-e-solucao-acessivel-para-produtores-de-graos_511982.html\">Source link <\/a><\/p>\n","protected":false},"excerpt":{"rendered":"<p>A \u00e1rea de secagem e armazenagem de gr\u00e3os da Emater\/RS-Ascar na 26\u00aa Expodireto Cotrijal apresenta alternativas t\u00e9cnicas voltadas \u00e0 autonomia<\/p>\n","protected":false},"author":1,"featured_media":27612,"comment_status":"open","ping_status":"open","sticky":false,"template":"","format":"standard","meta":{"_monsterinsights_skip_tracking":false,"_monsterinsights_sitenote_active":false,"_monsterinsights_sitenote_note":"","_monsterinsights_sitenote_category":0,"_uf_show_specific_survey":0,"_uf_disable_surveys":false,"footnotes":""},"categories":[8,1,14],"tags":[],"class_list":["post-27611","post","type-post","status-publish","format-standard","has-post-thumbnail","hentry","category-agro","category-news","category-politica-agro"],"_links":{"self":[{"href":"https:\/\/agromt.news\/index.php?rest_route=\/wp\/v2\/posts\/27611"}],"collection":[{"href":"https:\/\/agromt.news\/index.php?rest_route=\/wp\/v2\/posts"}],"about":[{"href":"https:\/\/agromt.news\/index.php?rest_route=\/wp\/v2\/types\/post"}],"author":[{"embeddable":true,"href":"https:\/\/agromt.news\/index.php?rest_route=\/wp\/v2\/users\/1"}],"replies":[{"embeddable":true,"href":"https:\/\/agromt.news\/index.php?rest_route=%2Fwp%2Fv2%2Fcomments&post=27611"}],"version-history":[{"count":0,"href":"https:\/\/agromt.news\/index.php?rest_route=\/wp\/v2\/posts\/27611\/revisions"}],"wp:featuredmedia":[{"embeddable":true,"href":"https:\/\/agromt.news\/index.php?rest_route=\/wp\/v2\/media\/27612"}],"wp:attachment":[{"href":"https:\/\/agromt.news\/index.php?rest_route=%2Fwp%2Fv2%2Fmedia&parent=27611"}],"wp:term":[{"taxonomy":"category","embeddable":true,"href":"https:\/\/agromt.news\/index.php?rest_route=%2Fwp%2Fv2%2Fcategories&post=27611"},{"taxonomy":"post_tag","embeddable":true,"href":"https:\/\/agromt.news\/index.php?rest_route=%2Fwp%2Fv2%2Ftags&post=27611"}],"curies":[{"name":"wp","href":"https:\/\/api.w.org\/{rel}","templated":true}]}}