{"id":27606,"date":"2026-03-13T13:34:02","date_gmt":"2026-03-13T17:34:02","guid":{"rendered":"https:\/\/agromt.news\/?p=27606"},"modified":"2026-03-13T13:34:02","modified_gmt":"2026-03-13T17:34:02","slug":"safra-so-termina-quando-o-grao-esta-no-armazem-alerta-pesquisador-do-cepea","status":"publish","type":"post","link":"https:\/\/agromt.news\/?p=27606","title":{"rendered":"\u2018Safra s\u00f3 termina quando o gr\u00e3o est\u00e1 no armaz\u00e9m\u2019, alerta pesquisador do Cepea"},"content":{"rendered":"<p> <br \/>\n<\/p>\n<div>\n<figure><img decoding=\"async\" src=\"https:\/\/agromt.news\/wp-content\/uploads\/2025\/02\/Os-desafios-climaticos-nas-lavouras-de-soja-em-MT.jpg\" alt=\"soja colheita com chuva foto pedro silvesttre canal rural mato grosso2\" \/><figcaption>Foto: Pedro Silvestre\/Canal Rural Mato Grosso<\/figcaption><\/figure>\n<\/div>\n<p>Quando o plantio de soja come\u00e7ou, em meados de setembro do ano passado, secas prolongadas e precipita\u00e7\u00f5es abaixo da m\u00e9dia desafiaram os agricultores do Centro-Oeste. No Rio Grande do Sul, onde a semeadura ocorreu mais tarde, a estiagem vem consolidando perdas reais na safra m\u00eas a m\u00eas.<\/p>\n<p>\u201cO final da lavoura \u00e9 s\u00f3 quando o gr\u00e3o est\u00e1 no armaz\u00e9m. Enquanto est\u00e1 no campo n\u00e3o quer dizer nada, s\u00f3 est\u00e1 indicando que pode ter uma boa produ\u00e7\u00e3o\u201d, afirma Mauro Osaki, pesquisador do <a href=\"https:\/\/www.canalrural.com.br\/tag\/cepea\/\">Cepea<\/a>.<\/p>\n<ul class=\"wp-block-list\">\n<li><em>Veja em primeira m\u00e3o tudo sobre agricultura, pecu\u00e1ria, economia e previs\u00e3o do tempo: <\/em><a href=\"https:\/\/news.google.com\/publications\/CAAqBwgKMPKZlQswq_mqAw?hl=pt-BR&amp;gl=BR&amp;ceid=BR%3Apt-419\"><em>siga o Canal Rural no Google News!<\/em><\/a><\/li>\n<\/ul>\n<p>At\u00e9 o momento, a Companhia Nacional de Abastecimento <a href=\"https:\/\/www.canalrural.com.br\/tag\/conab\/\">(Conab)<\/a> indica que 50,6% da \u00e1rea de soja 2025\/26 em todo o Brasil j\u00e1 foi colhida. Segundo Osaki, a falta de estrutura de armazenagem no pa\u00eds tamb\u00e9m aumenta a vulnerabilidade da produ\u00e7\u00e3o, especialmente em per\u00edodos de clima inst\u00e1vel. <\/p>\n<p>\u201cO Brasil cresce muito no campo, mas n\u00e3o consegue crescer na parte estrutural. Falta armaz\u00e9m, e muitas vezes a produ\u00e7\u00e3o fica exposta\u201d, diz.<\/p>\n<h3 class=\"wp-block-heading\" id=\"h-tendencias-para-o-mercado-de-soja-se-mantem\">Tend\u00eancias para o mercado de soja se mant\u00eam<\/h3>\n<p>No mercado agr\u00edcola, os n\u00fameros caminham pr\u00f3ximos das proje\u00e7\u00f5es feitas anteriormente pelo Cepea. Para Osaki, o comportamento dos pre\u00e7os e da produtividade indica um cen\u00e1rio semelhante ao esperado no estudo divulgado no ano passado.<\/p>\n<p>\u201cA gente projetava, por exemplo, um pre\u00e7o m\u00e9dio para mar\u00e7o em torno de R$ 101 a saca em Sorriso. Hoje estamos falando [de um valor] muito pr\u00f3ximo disso\u201d, pontua.<\/p>\n<p>De acordo com ele, mesmo com pre\u00e7os abaixo do esperado em alguns momentos, a produtividade um pouco maior pode ajudar a compensar parte das perdas. \u201cEnt\u00e3o, em termos de receita bruta, uma coisa acaba compensando a outra\u201d, observa Osaki.<\/p>\n<p>Em termos de rentabilidade, o pesquisador destaca que a tend\u00eancia \u00e9 que os produtores consigam saldar os custos operacionais efetivos.<\/p>\n<h3 class=\"wp-block-heading\" id=\"h-guerra-no-ira-pode-mexer-com-o-cenario\">Guerra no Ir\u00e3 pode mexer com o cen\u00e1rio<\/h3>\n<p>Al\u00e9m dos fatores internos, o cen\u00e1rio internacional tamb\u00e9m adiciona incerteza ao mercado agr\u00edcola. <\/p>\n<p>No fim de fevereiro, um ataque coordenado de Israel e Estados Unidos contra o Ir\u00e3 escalou para intensos bombardeios no Oriente M\u00e9dio. Um dos impactos mais fortes inclui o fechamento do Estreito de Ormuz, por onde passam cerca de 20% de todo o petr\u00f3leo do mundo.<\/p>\n<p>Segundo Osaki, conflitos geopol\u00edticos podem afetar diretamente custos log\u00edsticos, energia e o comportamento dos compradores no com\u00e9rcio global de gr\u00e3os.<\/p>\n<p>\u201cCada dia aparece uma not\u00edcia diferente sobre o conflito. Isso significa menor oferta de petr\u00f3leo e de g\u00e1s natural, o que pode levar a uma energia mais cara\u201d, afirma.<\/p>\n<p>Na avalia\u00e7\u00e3o do pesquisador, essa alta tende a se refletir no custo dos combust\u00edveis e do transporte, pressionando toda a cadeia. A preocupa\u00e7\u00e3o mais latente se concentra no potencial aumento do diesel, que \u00e9 amplamente utilizado na produ\u00e7\u00e3o agr\u00edcola.<\/p>\n<p>Contudo, segundo Osaki, os impactos n\u00e3o devem aparecer na safra que est\u00e1 sendo colhida neste momento. Al\u00e9m disso, a incerteza tamb\u00e9m pode afetar o ritmo de compras no mercado internacional.<\/p>\n<p>\u201cPara essa soja que est\u00e1 sendo colhida agora, o impacto ainda \u00e9 pequeno. A maior parte do combust\u00edvel j\u00e1 estava planejada\u201d, diz.<\/p>\n<h3 class=\"wp-block-heading\">Alerta segue para o Rio Grande do Sul<\/h3>\n<p>Apesar de a safra brasileira caminhar para bons volumes em v\u00e1rias regi\u00f5es, o cen\u00e1rio segue preocupante no Rio Grande do Sul. Na avalia\u00e7\u00e3o de Osaki, a estiagem recorrente tem pressionado a rentabilidade dos produtores.<\/p>\n<p>\u201cS\u00e3o v\u00e1rios anos seguidos de problemas clim\u00e1ticos, e isso vai deteriorando a situa\u00e7\u00e3o financeira do produtor\u201d, aponta.<\/p>\n<p>Segundo o pesquisador, a sequ\u00eancia de perdas tende a acelerar um processo de reorganiza\u00e7\u00e3o no setor, com maior concentra\u00e7\u00e3o da produ\u00e7\u00e3o nas m\u00e3os de produtores que conseguem sustentar os investimentos. <\/p>\n<p>Pequenos e m\u00e9dios agricultores, por outro lado, podem n\u00e3o conseguir se manter na atividade.<\/p>\n<p>O post <a href=\"https:\/\/www.canalrural.com.br\/agricultura\/safra-so-termina-quando-o-grao-esta-no-armazem-alerta-pesquisador-do-cepea\/\">&#8216;Safra s\u00f3 termina quando o gr\u00e3o est\u00e1 no armaz\u00e9m&#8217;, alerta pesquisador do Cepea<\/a> apareceu primeiro em <a href=\"https:\/\/www.canalrural.com.br\">Canal Rural<\/a>.<\/p>\n<p><br \/>\n<br \/><a href=\"https:\/\/www.canalrural.com.br\/agricultura\/safra-so-termina-quando-o-grao-esta-no-armazem-alerta-pesquisador-do-cepea\/\">Source link <\/a><\/p>\n","protected":false},"excerpt":{"rendered":"<p>Foto: Pedro Silvestre\/Canal Rural Mato Grosso Quando o plantio de soja come\u00e7ou, em meados de setembro do ano passado, secas<\/p>\n","protected":false},"author":1,"featured_media":27607,"comment_status":"open","ping_status":"open","sticky":false,"template":"","format":"standard","meta":{"_monsterinsights_skip_tracking":false,"_monsterinsights_sitenote_active":false,"_monsterinsights_sitenote_note":"","_monsterinsights_sitenote_category":0,"_uf_show_specific_survey":0,"_uf_disable_surveys":false,"footnotes":""},"categories":[1],"tags":[],"class_list":["post-27606","post","type-post","status-publish","format-standard","has-post-thumbnail","hentry","category-news"],"_links":{"self":[{"href":"https:\/\/agromt.news\/index.php?rest_route=\/wp\/v2\/posts\/27606"}],"collection":[{"href":"https:\/\/agromt.news\/index.php?rest_route=\/wp\/v2\/posts"}],"about":[{"href":"https:\/\/agromt.news\/index.php?rest_route=\/wp\/v2\/types\/post"}],"author":[{"embeddable":true,"href":"https:\/\/agromt.news\/index.php?rest_route=\/wp\/v2\/users\/1"}],"replies":[{"embeddable":true,"href":"https:\/\/agromt.news\/index.php?rest_route=%2Fwp%2Fv2%2Fcomments&post=27606"}],"version-history":[{"count":0,"href":"https:\/\/agromt.news\/index.php?rest_route=\/wp\/v2\/posts\/27606\/revisions"}],"wp:featuredmedia":[{"embeddable":true,"href":"https:\/\/agromt.news\/index.php?rest_route=\/wp\/v2\/media\/27607"}],"wp:attachment":[{"href":"https:\/\/agromt.news\/index.php?rest_route=%2Fwp%2Fv2%2Fmedia&parent=27606"}],"wp:term":[{"taxonomy":"category","embeddable":true,"href":"https:\/\/agromt.news\/index.php?rest_route=%2Fwp%2Fv2%2Fcategories&post=27606"},{"taxonomy":"post_tag","embeddable":true,"href":"https:\/\/agromt.news\/index.php?rest_route=%2Fwp%2Fv2%2Ftags&post=27606"}],"curies":[{"name":"wp","href":"https:\/\/api.w.org\/{rel}","templated":true}]}}