{"id":27602,"date":"2026-03-13T11:14:02","date_gmt":"2026-03-13T15:14:02","guid":{"rendered":"https:\/\/agromt.news\/?p=27602"},"modified":"2026-03-13T11:14:02","modified_gmt":"2026-03-13T15:14:02","slug":"exportacoes-de-ovos-registra-queda-de-5-apesar-de-mercado-aquecido","status":"publish","type":"post","link":"https:\/\/agromt.news\/?p=27602","title":{"rendered":"Exporta\u00e7\u00f5es de ovos registra queda de 5%, apesar de mercado aquecido"},"content":{"rendered":"<p> <br \/>\n<\/p>\n<div>\n<figure><img decoding=\"async\" src=\"https:\/\/agromt.news\/wp-content\/uploads\/2025\/02\/Como-os-auditores-agropecuarios-fiscalizarao-ovos-a-partir-de-5.jpg\" alt=\"classifica\u00e7\u00e3o de ovos\" \/><figcaption>Foto: Divulga\u00e7\u00e3o Anffa Sindical<\/figcaption><\/figure>\n<\/div>\n<p>A exporta\u00e7\u00e3o de ovos brasileiros em fevereiro teve uma pequena queda em rela\u00e7\u00e3o ao m\u00eas anterior, segundo o Cepea, o recuo foi de 5%. Apesar disso, o segundo m\u00eas de 2026 registrou volumes superiores aos do mesmo per\u00edodo de 2025. Os n\u00fameros indicam crescimento de 16% em rela\u00e7\u00e3o ao ano anterior e representam o maior volume para esse intervalo desde 2013.<\/p>\n<ul class=\"wp-block-list\">\n<li><em>Veja em primeira m\u00e3o tudo sobre agricultura, pecu\u00e1ria, economia e previs\u00e3o do tempo:<\/em><a href=\"https:\/\/news.google.com\/publications\/CAAqLQgKIidDQklTRndnTWFoTUtFV05oYm1Gc2NuVnlZV3d1WTI5dExtSnlLQUFQAQ?hl=pt-BR&amp;gl=BR&amp;ceid=BR:pt-419\"><em> siga o Canal Rural no Google News!<\/em><\/a><\/li>\n<\/ul>\n<p>A queda de um m\u00eas para o outro neste in\u00edcio de ano n\u00e3o chega a preocupar o mercado, j\u00e1 que o desempenho das exporta\u00e7\u00f5es \u00e9 considerado acima da m\u00e9dia para o per\u00edodo. Os volumes registrados nos \u00faltimos dois meses s\u00e3o considerados hist\u00f3ricos, com resultados que n\u00e3o eram observados h\u00e1 mais de uma d\u00e9cada.<\/p>\n<p><em>*Sob supervis\u00e3o de Hildeberto Jr.<\/em><\/p>\n<\/p>\n<p>O post <a href=\"https:\/\/www.canalrural.com.br\/diversos\/exportacoes-de-ovos-registra-queda-de-5-apesar-de-mercado-aquecido\/\">Exporta\u00e7\u00f5es de ovos registra queda de 5%, apesar de mercado aquecido<\/a> apareceu primeiro em <a href=\"https:\/\/www.canalrural.com.br\">Canal Rural<\/a>.<\/p>\n<p><br \/>\n<br \/><a href=\"https:\/\/www.canalrural.com.br\/diversos\/exportacoes-de-ovos-registra-queda-de-5-apesar-de-mercado-aquecido\/\">Source link <\/a><\/p>\n","protected":false},"excerpt":{"rendered":"<p>Foto: Divulga\u00e7\u00e3o Anffa Sindical A exporta\u00e7\u00e3o de ovos brasileiros em fevereiro teve uma pequena queda em rela\u00e7\u00e3o ao m\u00eas anterior,<\/p>\n","protected":false},"author":1,"featured_media":26429,"comment_status":"open","ping_status":"open","sticky":false,"template":"","format":"standard","meta":{"_monsterinsights_skip_tracking":false,"_monsterinsights_sitenote_active":false,"_monsterinsights_sitenote_note":"","_monsterinsights_sitenote_category":0,"_uf_show_specific_survey":0,"_uf_disable_surveys":false,"footnotes":""},"categories":[1],"tags":[],"class_list":["post-27602","post","type-post","status-publish","format-standard","has-post-thumbnail","hentry","category-news"],"_links":{"self":[{"href":"https:\/\/agromt.news\/index.php?rest_route=\/wp\/v2\/posts\/27602"}],"collection":[{"href":"https:\/\/agromt.news\/index.php?rest_route=\/wp\/v2\/posts"}],"about":[{"href":"https:\/\/agromt.news\/index.php?rest_route=\/wp\/v2\/types\/post"}],"author":[{"embeddable":true,"href":"https:\/\/agromt.news\/index.php?rest_route=\/wp\/v2\/users\/1"}],"replies":[{"embeddable":true,"href":"https:\/\/agromt.news\/index.php?rest_route=%2Fwp%2Fv2%2Fcomments&post=27602"}],"version-history":[{"count":0,"href":"https:\/\/agromt.news\/index.php?rest_route=\/wp\/v2\/posts\/27602\/revisions"}],"wp:featuredmedia":[{"embeddable":true,"href":"https:\/\/agromt.news\/index.php?rest_route=\/wp\/v2\/media\/26429"}],"wp:attachment":[{"href":"https:\/\/agromt.news\/index.php?rest_route=%2Fwp%2Fv2%2Fmedia&parent=27602"}],"wp:term":[{"taxonomy":"category","embeddable":true,"href":"https:\/\/agromt.news\/index.php?rest_route=%2Fwp%2Fv2%2Fcategories&post=27602"},{"taxonomy":"post_tag","embeddable":true,"href":"https:\/\/agromt.news\/index.php?rest_route=%2Fwp%2Fv2%2Ftags&post=27602"}],"curies":[{"name":"wp","href":"https:\/\/api.w.org\/{rel}","templated":true}]}}