{"id":27600,"date":"2026-03-13T10:59:57","date_gmt":"2026-03-13T14:59:57","guid":{"rendered":"https:\/\/agromt.news\/?p=27600"},"modified":"2026-03-13T10:59:57","modified_gmt":"2026-03-13T14:59:57","slug":"mesmo-com-incertezas-globais-exportacoes-brasileiras-de-frango-seguem-em-bom-ritmo","status":"publish","type":"post","link":"https:\/\/agromt.news\/?p=27600","title":{"rendered":"Mesmo com incertezas globais, exporta\u00e7\u00f5es brasileiras de frango seguem em bom ritmo"},"content":{"rendered":"<p> <br \/>\n<\/p>\n<div>\n<figure><img decoding=\"async\" src=\"https:\/\/agromt.news\/wp-content\/uploads\/2024\/10\/Brasil-e-EUA-assinam-acordo-para-livre-comercio-de-produtos.jpg\" alt=\"abate de frangos em frigor\u00edfico, aves, produtos av\u00edcolas\" \/><figcaption>Foto: Lucas Scherer\/Embrapa Su\u00ednos e Aves<\/figcaption><\/figure>\n<\/div>\n<p>O mercado av\u00edcola brasileiro acompanha com aten\u00e7\u00e3o os desdobramentos do conflito no Oriente M\u00e9dio. Segundo agentes do setor, o Brasil, atualmente o maior exportador mundial de carne de frango, demonstra preocupa\u00e7\u00e3o com o cen\u00e1rio de guerra na regi\u00e3o, sobretudo pelo risco de bloqueios em rotas mar\u00edtimas que possam dificultar as negocia\u00e7\u00f5es internacionais.<\/p>\n<p>Apesar das incertezas, dados da Secretaria de Com\u00e9rcio Exterior (Secex) referentes \u00e0 primeira quinzena de mar\u00e7o indicam que, at\u00e9 o momento, n\u00e3o houve impacto nos volumes exportados.<\/p>\n<ul class=\"wp-block-list\">\n<li><em>Veja em primeira m\u00e3o tudo sobre agricultura, pecu\u00e1ria, economia e previs\u00e3o do tempo:<\/em><a href=\"https:\/\/news.google.com\/publications\/CAAqBwgKMPKZlQswq_mqAw?hl=pt-BR&amp;gl=BR&amp;ceid=BR%3Apt-419\" target=\"_blank\" rel=\"noreferrer noopener\"><em>\u00a0siga o Canal Rural no Google News!<\/em><\/a><\/li>\n<\/ul>\n<p>Ainda segundo os n\u00fameros deste in\u00edcio de ano, fevereiro de 2026 registrou recorde de exporta\u00e7\u00f5es para o per\u00edodo, com 493,2 mil toneladas embarcadas, de acordo com a Secex. Trata-se do terceiro m\u00eas do ano com volumes hist\u00f3ricos, o que indica que, pelo menos por enquanto, a preocupa\u00e7\u00e3o do mercado permanece mais relacionada a poss\u00edveis efeitos de longo prazo.<\/p>\n<p>No mercado interno, pesquisadores do Centro de Estudos Avan\u00e7ados em Economia Aplicada (Cepea) apontam que a liquidez segue baixa neste in\u00edcio de mar\u00e7o. As cota\u00e7\u00f5es permanecem est\u00e1veis e a expectativa \u00e9 de que esse cen\u00e1rio se mantenha no curto prazo.<\/p>\n<p><em>*Sob supervis\u00e3o de Hildeberto Jr.<\/em><\/p>\n<p>O post <a href=\"https:\/\/www.canalrural.com.br\/aves-e-suinos\/mesmo-com-incertezas-globais-exportacoes-brasileiras-de-frango-seguem-em-bom-ritmo\/\">Mesmo com incertezas globais, exporta\u00e7\u00f5es brasileiras de frango seguem em bom ritmo<\/a> apareceu primeiro em <a href=\"https:\/\/www.canalrural.com.br\">Canal Rural<\/a>.<\/p>\n<p><br \/>\n<br \/><a href=\"https:\/\/www.canalrural.com.br\/aves-e-suinos\/mesmo-com-incertezas-globais-exportacoes-brasileiras-de-frango-seguem-em-bom-ritmo\/\">Source link <\/a><\/p>\n","protected":false},"excerpt":{"rendered":"<p>Foto: Lucas Scherer\/Embrapa Su\u00ednos e Aves O mercado av\u00edcola brasileiro acompanha com aten\u00e7\u00e3o os desdobramentos do conflito no Oriente M\u00e9dio.<\/p>\n","protected":false},"author":1,"featured_media":27601,"comment_status":"open","ping_status":"open","sticky":false,"template":"","format":"standard","meta":{"_monsterinsights_skip_tracking":false,"_monsterinsights_sitenote_active":false,"_monsterinsights_sitenote_note":"","_monsterinsights_sitenote_category":0,"_uf_show_specific_survey":0,"_uf_disable_surveys":false,"footnotes":""},"categories":[1],"tags":[],"class_list":["post-27600","post","type-post","status-publish","format-standard","has-post-thumbnail","hentry","category-news"],"_links":{"self":[{"href":"https:\/\/agromt.news\/index.php?rest_route=\/wp\/v2\/posts\/27600"}],"collection":[{"href":"https:\/\/agromt.news\/index.php?rest_route=\/wp\/v2\/posts"}],"about":[{"href":"https:\/\/agromt.news\/index.php?rest_route=\/wp\/v2\/types\/post"}],"author":[{"embeddable":true,"href":"https:\/\/agromt.news\/index.php?rest_route=\/wp\/v2\/users\/1"}],"replies":[{"embeddable":true,"href":"https:\/\/agromt.news\/index.php?rest_route=%2Fwp%2Fv2%2Fcomments&post=27600"}],"version-history":[{"count":0,"href":"https:\/\/agromt.news\/index.php?rest_route=\/wp\/v2\/posts\/27600\/revisions"}],"wp:featuredmedia":[{"embeddable":true,"href":"https:\/\/agromt.news\/index.php?rest_route=\/wp\/v2\/media\/27601"}],"wp:attachment":[{"href":"https:\/\/agromt.news\/index.php?rest_route=%2Fwp%2Fv2%2Fmedia&parent=27600"}],"wp:term":[{"taxonomy":"category","embeddable":true,"href":"https:\/\/agromt.news\/index.php?rest_route=%2Fwp%2Fv2%2Fcategories&post=27600"},{"taxonomy":"post_tag","embeddable":true,"href":"https:\/\/agromt.news\/index.php?rest_route=%2Fwp%2Fv2%2Ftags&post=27600"}],"curies":[{"name":"wp","href":"https:\/\/api.w.org\/{rel}","templated":true}]}}