{"id":27596,"date":"2026-03-13T10:29:01","date_gmt":"2026-03-13T14:29:01","guid":{"rendered":"https:\/\/agromt.news\/?p=27596"},"modified":"2026-03-13T10:29:01","modified_gmt":"2026-03-13T14:29:01","slug":"comissao-juridica-da-farsul-promove-seminario-na-expodireto-2026","status":"publish","type":"post","link":"https:\/\/agromt.news\/?p=27596","title":{"rendered":"Comiss\u00e3o Jur\u00eddica da Farsul promove semin\u00e1rio na Expodireto 2026"},"content":{"rendered":"<p> <br \/>\n<\/p>\n<div>\n<div class=\"row\">\n<div class=\"col-lg col-infos mt-0 mt-lg-0\">\n<div class=\"section-sub-title\">\n<p itemprop=\"description\">&#13;<br \/>\n                                Semin\u00e1rio debate impactos da reforma tribut\u00e1ria para o produtor rural na Expodireto&#13;\n                            <\/p>\n<\/p><\/div>\n<div class=\"container\">\n<div class=\"row\">\n<div class=\"col-lg p-0\">\n<div>\n<div class=\"block-news-main-infos mt-3 text-start\">\n<p>                                            <strong class=\"fn\" itemprop=\"author\" style=\"color: rgb(112, 112, 112); \">&#13;<br \/>\n                                                <a href=\"https:\/\/www.farsul.org.br\/farsul\/comissao-juridica-da-farsul-promove-seminario-na-expodireto-2026,465176.jhtml\" class=\"text-uppercase\" target=\"_blank\" style=\"color: rgb(112, 112, 112); \" rel=\"noopener\">FARSUL<\/a>&#13;<br \/>\n&#13;<br \/>\n&#13;<br \/>\n                                            <\/strong><br \/>\n                                        <\/p>\n<p>                                            <abbr><time datetime=\"2026 - 03 - 12T16:48\" itemprop=\"datePublished dateModified\"> Publicado em 12\/03\/2026 \u00e0s 16:48h.<\/time><\/abbr>\n                                    <\/div>\n<\/p><\/div>\n<\/p><\/div>\n<div class=\"col-lg p-0 text-lg-end\">\n<div>\n<div id=\"mdEnviarPagina\" class=\"modal fade\" role=\"dialog\">\n<div class=\"modal-dialog\">\n<div class=\"modal-content\">\n<div class=\"modal-body\">\n<p><strong>Estimado usu\u00e1rio.<\/strong><br \/>Preencha o formul\u00e1rio abaixo para remeter a p\u00e1gina.<\/p>\n<\/p><\/div>\n<\/p><\/div>\n<\/p><\/div>\n<\/div><\/div>\n<\/p><\/div>\n<\/p><\/div>\n<\/p><\/div>\n<\/p><\/div>\n<\/p><\/div>\n<div class=\"row justify-content-md-center mt-3\">\n<div class=\"col-lg-auto col-image block-news-main-image\">\n<p>                                <img decoding=\"async\" src=\"https:\/\/www.agrolink.com.br\/upload\/imagens-resizes\/5185e3b37abf48099170e39578b98857_858x483.jpg\" class=\"lazyload img-fluid\"\/><br \/>\n                                                <span class=\"publicity-photo d-block mt-1\">Foto: Fernando Teixeira <\/span><\/p><\/div>\n<\/p><\/div>\n<div class=\"section-description section-description-noticias mt-3\">\n<p style=\"text-align:justify\">A Comiss\u00e3o de Assuntos Jur\u00eddicos da Farsul realizou, na quarta-feira (11), durante a Expodireto, um semiin\u00e1rio para discutir os impactos e mudan\u00e7as que a reforma tribut\u00e1ria traz para o produtor rural.<\/p>\n<p style=\"text-align:justify\">O Vice-Presidente da Farsul, Elmar Konrad, abriu o evento destacando a import\u00e2ncia de debater o assunto antes que a reforma entre completamente em vigor, a partir de 2032. &#8220;S\u00e3o muitas altera\u00e7\u00f5es, \u00e9 um sistema novo muito complexo e \u00e9 essencial termos um treinamento desde j\u00e1&#8221;.&#13;\n<\/p>\n<p style=\"text-align:justify\">Em seguida, Hugo Monteiro da Cunha Cardoso, contador e autor de livros de gest\u00e3o no setor rural, iniciou a apresenta\u00e7\u00e3o das mudan\u00e7as tribut\u00e1rias que iniciaram a primeira fase em janeiro deste ano.<\/p>\n<p style=\"text-align:justify\">O Governo Federal planeja extinguir uma s\u00e9rie de tributos como o ICMS, PIS, COFINS e ISS e criar dois em seus lugares: O CBS (Contribui\u00e7\u00e3o sobre Bens e Servi\u00e7os) e o IBS (Imposto sobre Bens e Servi\u00e7os).<\/p>\n<p style=\"text-align:justify\">Cardoso destacou que hoje o produtor \u00e9 isento da maioria dos tributos antigos, mas dever\u00e1 contribuir com os novos, e que a rela\u00e7\u00e3o com o contador precisa se tornar mais estreita, visto que as novas declara\u00e7\u00f5es passam a ser feitas mensalmente, ao contr\u00e1rio de hoje, que s\u00e3o feitas anualmente. O palestrante tamb\u00e9m informou que muitas defini\u00e7\u00f5es ainda n\u00e3o est\u00e3o estabelecidas, e que o processo ser\u00e1 feito de maneira gradual a partir de 2027.&#13;\n<\/p>\n<p style=\"text-align:justify\">Ap\u00f3s a palestra, aconteceu uma mesa redonda para discuss\u00e3o onde estiveram presentes o Economista-Chefe da Farsul, Antonio da Luz, e a Gerente Jur\u00eddica da Cotrijal, Gabriela Kirst. O evento foi uma parceria da Farsul com a UBAU (Uni\u00e3o Brasileira dos Agraristas Universit\u00e1rios).&#13;\n<\/p>\n<\/p><\/div>\n<\/p><\/div>\n<p><script data-cfasync=\"false\">\n    !function (f, b, e, v, n, t, s) {\n        if (f.fbq) return; n = f.fbq = function () {\n            n.callMethod ?\n                n.callMethod.apply(n, arguments) : n.queue.push(arguments)\n        };\n        if (!f._fbq) f._fbq = n; n.push = n; n.loaded = !0; n.version = '2.0';\n        n.queue = []; t = b.createElement(e); t.async = !0;\n        t.src = v; s = b.getElementsByTagName(e)[0];\n        s.parentNode.insertBefore(t, s)\n    }(window, document, 'script',\n        'https:\/\/connect.facebook.net\/en_US\/fbevents.js');\n    fbq('init', '522546078623747');\n    fbq('track', 'PageView');\n<\/script><br \/>\n<br \/><br \/>\n<br \/><a href=\"https:\/\/www.agrolink.com.br\/noticias\/comissao-juridica-da-farsul-promove-seminario-na-expodireto-2026_511977.html\">Source link <\/a><\/p>\n","protected":false},"excerpt":{"rendered":"<p>&#13; Semin\u00e1rio debate impactos da reforma tribut\u00e1ria para o produtor rural na Expodireto&#13; &#13; FARSUL&#13; &#13; &#13; Publicado em 12\/03\/2026<\/p>\n","protected":false},"author":1,"featured_media":27597,"comment_status":"open","ping_status":"open","sticky":false,"template":"","format":"standard","meta":{"_monsterinsights_skip_tracking":false,"_monsterinsights_sitenote_active":false,"_monsterinsights_sitenote_note":"","_monsterinsights_sitenote_category":0,"_uf_show_specific_survey":0,"_uf_disable_surveys":false,"footnotes":""},"categories":[8,1,14],"tags":[],"class_list":["post-27596","post","type-post","status-publish","format-standard","has-post-thumbnail","hentry","category-agro","category-news","category-politica-agro"],"_links":{"self":[{"href":"https:\/\/agromt.news\/index.php?rest_route=\/wp\/v2\/posts\/27596"}],"collection":[{"href":"https:\/\/agromt.news\/index.php?rest_route=\/wp\/v2\/posts"}],"about":[{"href":"https:\/\/agromt.news\/index.php?rest_route=\/wp\/v2\/types\/post"}],"author":[{"embeddable":true,"href":"https:\/\/agromt.news\/index.php?rest_route=\/wp\/v2\/users\/1"}],"replies":[{"embeddable":true,"href":"https:\/\/agromt.news\/index.php?rest_route=%2Fwp%2Fv2%2Fcomments&post=27596"}],"version-history":[{"count":0,"href":"https:\/\/agromt.news\/index.php?rest_route=\/wp\/v2\/posts\/27596\/revisions"}],"wp:featuredmedia":[{"embeddable":true,"href":"https:\/\/agromt.news\/index.php?rest_route=\/wp\/v2\/media\/27597"}],"wp:attachment":[{"href":"https:\/\/agromt.news\/index.php?rest_route=%2Fwp%2Fv2%2Fmedia&parent=27596"}],"wp:term":[{"taxonomy":"category","embeddable":true,"href":"https:\/\/agromt.news\/index.php?rest_route=%2Fwp%2Fv2%2Fcategories&post=27596"},{"taxonomy":"post_tag","embeddable":true,"href":"https:\/\/agromt.news\/index.php?rest_route=%2Fwp%2Fv2%2Ftags&post=27596"}],"curies":[{"name":"wp","href":"https:\/\/api.w.org\/{rel}","templated":true}]}}