{"id":27589,"date":"2026-03-13T08:11:58","date_gmt":"2026-03-13T12:11:58","guid":{"rendered":"https:\/\/agromt.news\/?p=27589"},"modified":"2026-03-13T08:11:58","modified_gmt":"2026-03-13T12:11:58","slug":"distribuidoras-pedem-que-petrobras-amplie-importacao-de-diesel-para-garantir-abastecimento","status":"publish","type":"post","link":"https:\/\/agromt.news\/?p=27589","title":{"rendered":"Distribuidoras pedem que Petrobras amplie importa\u00e7\u00e3o de diesel para garantir abastecimento"},"content":{"rendered":"<p> <br \/>\n<\/p>\n<div>\n<figure><img decoding=\"async\" src=\"https:\/\/agromt.news\/wp-content\/uploads\/2025\/12\/Consumo-de-biodiesel-deve-crescer-em-2025-e-2026-aponta.jpg\" alt=\"Foto: Divulga\u00e7\u00e3o.\" \/><figcaption>Foto: Divulga\u00e7\u00e3o.<\/figcaption><\/figure>\n<\/div>\n<p>As distribuidoras de combust\u00edveis sugeriram ao governo federal que a Petrobras amplie a importa\u00e7\u00e3o de diesel para garantir abastecimento e estabilidade de pre\u00e7os no pa\u00eds. A informa\u00e7\u00e3o foi dada nesta quinta-feira (12) pelo vice-presidente da Rep\u00fablica e ministro do Desenvolvimento, Ind\u00fastria, Com\u00e9rcio e Servi\u00e7os, Geraldo Alckmin.<\/p>\n<p>A declara\u00e7\u00e3o foi dada ap\u00f3s reuni\u00e3o entre representantes do governo e das principais distribuidoras privadas na sede do Minist\u00e9rio de Minas e Energia (MME), em Bras\u00edlia.<\/p>\n<p>Segundo Alckmin, o encontro teve como foco principal a garantia do abastecimento e a redu\u00e7\u00e3o do impacto dos pre\u00e7os internacionais sobre o combust\u00edvel no mercado brasileiro.<\/p>\n<h2 class=\"wp-block-heading\" id=\"h-reuniao\"><strong>Reuni\u00e3o<\/strong><\/h2>\n<p>Participaram da reuni\u00e3o o ministro de Minas e Energia, Alexandre Silveira, o secret\u00e1rio-executivo do Minist\u00e9rio da Fazenda, Dario Durigan, representando o ministro Fernando Haddad, e a secret\u00e1ria-executiva da Casa Civil, Miriam Belchior, representando o ministro Rui Costa.<\/p>\n<p>As distribuidoras privadas presentes respondem por cerca de 70% do mercado de combust\u00edveis no Brasil.<\/p>\n<p>De acordo com Alckmin, as empresas manifestaram preocupa\u00e7\u00e3o com a importa\u00e7\u00e3o do diesel e sugeriram que a Petrobras amplie suas compras no exterior. A avalia\u00e7\u00e3o \u00e9 que a estatal tem maior capacidade financeira e log\u00edstica para lidar com a volatilidade dos pre\u00e7os internacionais.<\/p>\n<h2 class=\"wp-block-heading\" id=\"h-medidas\">Medidas<\/h2>\n<p>Mais cedo nesta quinta, o governo anunciou um pacote de medidas para reduzir o pre\u00e7o do diesel ao consumidor e evitar press\u00f5es inflacion\u00e1rias.<\/p>\n<p>Entre as principais a\u00e7\u00f5es est\u00e1 a decis\u00e3o de zerar as al\u00edquotas de PIS\/Cofins sobre o diesel, eliminando dois tributos federais e reduzindo o pre\u00e7o em cerca de R$ 0,32 por litro.<\/p>\n<p>Al\u00e9m disso, uma Medida Provis\u00f3ria prev\u00ea o pagamento de subven\u00e7\u00e3o de R$ 0,32 por litro a produtores e importadores do combust\u00edvel, valor que dever\u00e1 ser repassado ao consumidor.<\/p>\n<p>Somadas, as duas medidas devem gerar redu\u00e7\u00e3o de aproximadamente R$ 0,64 por litro nas bombas.<\/p>\n<h2 class=\"wp-block-heading\" id=\"h-fiscalizacao\">Fiscaliza\u00e7\u00e3o<\/h2>\n<p>O pacote tamb\u00e9m prev\u00ea ampliar os instrumentos de fiscaliza\u00e7\u00e3o da Ag\u00eancia Nacional do Petr\u00f3leo, G\u00e1s Natural e Biocombust\u00edveis (ANP), com o objetivo de garantir que a queda de pre\u00e7os chegue ao consumidor final.<\/p>\n<p>Segundo o governo, a desonera\u00e7\u00e3o tribut\u00e1ria e a subven\u00e7\u00e3o aos importadores devem gerar impacto fiscal de cerca de R$ 30 bilh\u00f5es. O valor ser\u00e1 compensado por aumento do imposto de exporta\u00e7\u00e3o sobre \u00f3leos brutos e sobre o pr\u00f3prio diesel.<\/p>\n<h2 class=\"wp-block-heading\" id=\"h-objetivo\">Objetivo<\/h2>\n<p>De acordo com Alckmin, as medidas buscam reduzir os efeitos da volatilidade do mercado internacional de energia sobre a economia brasileira.<\/p>\n<p>\u201cO primeiro momento foi a preocupa\u00e7\u00e3o de termos garantido o abastecimento. A segunda \u00e9 a quest\u00e3o de pre\u00e7o\u201d, afirmou o vice-presidente, ao destacar que a coopera\u00e7\u00e3o entre governo e empresas \u00e9 essencial para minimizar impactos para a popula\u00e7\u00e3o.<\/p>\n<p>O post <a href=\"https:\/\/www.canalrural.com.br\/nacional\/distribuidoras-pedem-que-petrobras-amplie-importacao-de-diesel-para-garantir-abastecimento\/\">Distribuidoras pedem que Petrobras amplie importa\u00e7\u00e3o de diesel para garantir abastecimento<\/a> apareceu primeiro em <a href=\"https:\/\/www.canalrural.com.br\">Canal Rural<\/a>.<\/p>\n<p><br \/>\n<br \/><a href=\"https:\/\/www.canalrural.com.br\/nacional\/distribuidoras-pedem-que-petrobras-amplie-importacao-de-diesel-para-garantir-abastecimento\/\">Source link <\/a><\/p>\n","protected":false},"excerpt":{"rendered":"<p>Foto: Divulga\u00e7\u00e3o. As distribuidoras de combust\u00edveis sugeriram ao governo federal que a Petrobras amplie a importa\u00e7\u00e3o de diesel para garantir<\/p>\n","protected":false},"author":1,"featured_media":25593,"comment_status":"open","ping_status":"open","sticky":false,"template":"","format":"standard","meta":{"_monsterinsights_skip_tracking":false,"_monsterinsights_sitenote_active":false,"_monsterinsights_sitenote_note":"","_monsterinsights_sitenote_category":0,"_uf_show_specific_survey":0,"_uf_disable_surveys":false,"footnotes":""},"categories":[1],"tags":[],"class_list":["post-27589","post","type-post","status-publish","format-standard","has-post-thumbnail","hentry","category-news"],"_links":{"self":[{"href":"https:\/\/agromt.news\/index.php?rest_route=\/wp\/v2\/posts\/27589"}],"collection":[{"href":"https:\/\/agromt.news\/index.php?rest_route=\/wp\/v2\/posts"}],"about":[{"href":"https:\/\/agromt.news\/index.php?rest_route=\/wp\/v2\/types\/post"}],"author":[{"embeddable":true,"href":"https:\/\/agromt.news\/index.php?rest_route=\/wp\/v2\/users\/1"}],"replies":[{"embeddable":true,"href":"https:\/\/agromt.news\/index.php?rest_route=%2Fwp%2Fv2%2Fcomments&post=27589"}],"version-history":[{"count":0,"href":"https:\/\/agromt.news\/index.php?rest_route=\/wp\/v2\/posts\/27589\/revisions"}],"wp:featuredmedia":[{"embeddable":true,"href":"https:\/\/agromt.news\/index.php?rest_route=\/wp\/v2\/media\/25593"}],"wp:attachment":[{"href":"https:\/\/agromt.news\/index.php?rest_route=%2Fwp%2Fv2%2Fmedia&parent=27589"}],"wp:term":[{"taxonomy":"category","embeddable":true,"href":"https:\/\/agromt.news\/index.php?rest_route=%2Fwp%2Fv2%2Fcategories&post=27589"},{"taxonomy":"post_tag","embeddable":true,"href":"https:\/\/agromt.news\/index.php?rest_route=%2Fwp%2Fv2%2Ftags&post=27589"}],"curies":[{"name":"wp","href":"https:\/\/api.w.org\/{rel}","templated":true}]}}