{"id":27588,"date":"2026-03-13T07:30:00","date_gmt":"2026-03-13T11:30:00","guid":{"rendered":"https:\/\/agromt.news\/?p=27588"},"modified":"2026-03-13T07:30:00","modified_gmt":"2026-03-13T11:30:00","slug":"chuva-forte-e-temporais-no-fim-de-semana-veja-na-previsao-quais-regioes-serao-mais-atingidas","status":"publish","type":"post","link":"https:\/\/agromt.news\/?p=27588","title":{"rendered":"Chuva forte e temporais no fim de semana; veja na previs\u00e3o quais regi\u00f5es ser\u00e3o mais atingidas"},"content":{"rendered":"<p> <br \/>\n<\/p>\n<div>\n<figure><img decoding=\"async\" src=\"https:\/\/agromt.news\/wp-content\/uploads\/2026\/03\/Frente-fria-avanca-e-chuva-pode-passar-de-200-milimetros.jpg\" alt=\"Foto: Pixabay.\" \/><figcaption>Foto: Pixabay.<\/figcaption><\/figure>\n<\/div>\n<p>A previs\u00e3o do tempo indica que a sexta-feira (13) ainda ser\u00e1 marcada por instabilidades em v\u00e1rias regi\u00f5es do Brasil. A atua\u00e7\u00e3o de \u00e1reas de baixa press\u00e3o, somada ao calor e \u00e0 alta umidade, favorece pancadas de chuva moderadas a fortes em parte do Sudeste, Centro-Oeste, Norte e Nordeste.<\/p>\n<ul class=\"wp-block-list\">\n<li><em>Veja em primeira m\u00e3o tudo sobre agricultura, pecu\u00e1ria, economia e previs\u00e3o do tempo:<\/em><a href=\"https:\/\/news.google.com\/publications\/CAAqBwgKMPKZlQswq_mqAw?hl=pt-BR&amp;gl=BR&amp;ceid=BR%3Apt-419\" target=\"_blank\" rel=\"noreferrer noopener\"><em>\u00a0siga o Canal Rural no Google News!<\/em><\/a><\/li>\n<\/ul>\n<p>Ao longo do fim de semana, a tend\u00eancia \u00e9 de diminui\u00e7\u00e3o da chuva em \u00e1reas do Sudeste e do Sul, especialmente no interior. Mesmo assim, pancadas isoladas ainda podem ocorrer, principalmente durante a tarde. J\u00e1 nas regi\u00f5es Norte e Centro-Oeste, o padr\u00e3o t\u00edpico da esta\u00e7\u00e3o chuvosa continua predominando, com risco de temporais em alguns estados.<\/p>\n<h1 class=\"wp-block-heading\" id=\"h-sul\">Sul<\/h1>\n<p><strong>Sexta-feira<\/strong><\/p>\n<p>A influ\u00eancia mar\u00edtima favorece chuva fraca e isolada desde o in\u00edcio do dia no litoral sul do Rio Grande do Sul. No final da manh\u00e3, as pancadas aumentam no litoral, no norte e em \u00e1reas do sul e leste ga\u00facho, al\u00e9m do interior de Santa Catarina e do litoral e norte do Paran\u00e1.<\/p>\n<p>Em parte do litoral entre Paran\u00e1 e Santa Catarina, no sul catarinense e na Serra e litoral norte do Rio Grande do Sul, a chuva pode ocorrer com intensidade moderada a forte. Nas demais \u00e1reas da regi\u00e3o, o tempo permanece mais firme, com sol entre nuvens. Rajadas de vento podem variar entre 40 e 50 km\/h no sul do territ\u00f3rio ga\u00facho.<\/p>\n<p><strong>S\u00e1bado<\/strong><\/p>\n<p>A manh\u00e3 come\u00e7a com chuva fraca no litoral do Rio Grande do Sul e no litoral norte de Santa Catarina. Ao longo do dia, a circula\u00e7\u00e3o mar\u00edtima mant\u00e9m pancadas fracas entre o leste e o litoral de Santa Catarina e do Paran\u00e1, al\u00e9m do litoral norte ga\u00facho.<\/p>\n<p>No interior da regi\u00e3o, o tempo fica mais est\u00e1vel, com sol entre nuvens. As temperaturas sobem durante a tarde e o calor volta a predominar.<\/p>\n<p>Domingo<\/p>\n<p>O domingo come\u00e7a com tempo firme na maior parte da regi\u00e3o. H\u00e1 possibilidade de chuva fraca no litoral de Santa Catarina.<\/p>\n<p>Durante a tarde, a influ\u00eancia mar\u00edtima favorece pancadas fracas no litoral do Paran\u00e1 e no norte catarinense, al\u00e9m da Serra do Rio Grande do Sul. No interior paranaense tamb\u00e9m pode ocorrer chuva fraca isolada.<\/p>\n<h1 class=\"wp-block-heading\" id=\"h-sudeste\">Sudeste<\/h1>\n<p><strong>Sexta-feira<\/strong><\/p>\n<p>Uma \u00e1rea de baixa press\u00e3o pr\u00f3xima \u00e0 costa de S\u00e3o Paulo e do Rio de Janeiro mant\u00e9m o tempo inst\u00e1vel em grande parte da regi\u00e3o. Pancadas de chuva ocorrem desde o in\u00edcio do dia em S\u00e3o Paulo, Rio de Janeiro, Minas Gerais e Esp\u00edrito Santo.<\/p>\n<p>H\u00e1 risco de temporais no litoral norte paulista, Baixada Santista, Vale do Para\u00edba, estado do Rio de Janeiro e em \u00e1reas do Tri\u00e2ngulo Mineiro, oeste e noroeste de Minas Gerais. A regi\u00e3o serrana do Rio de Janeiro permanece em alerta para acumulados elevados de chuva.<\/p>\n<p>Na cidade de S\u00e3o Paulo, a chuva ocorre em diferentes momentos do dia, por\u00e9m com menor intensidade em compara\u00e7\u00e3o aos \u00faltimos dias. A temperatura m\u00e1xima deve chegar a <strong>26\u00b0C<\/strong>.<\/p>\n<p><strong>S\u00e1bado<\/strong><\/p>\n<p>A circula\u00e7\u00e3o mar\u00edtima ainda mant\u00e9m chuva ao longo do dia no Rio de Janeiro e no Esp\u00edrito Santo.<\/p>\n<p>Pela manh\u00e3, podem ocorrer pancadas fracas no norte e litoral de S\u00e3o Paulo, no Tri\u00e2ngulo Mineiro e em \u00e1reas do sul e noroeste de Minas Gerais. Durante a tarde, a chuva se intensifica em Minas Gerais e em partes do interior do Rio de Janeiro e do Esp\u00edrito Santo, com risco de temporais isolados.<\/p>\n<p>Em grande parte de S\u00e3o Paulo, a chuva diminui em rela\u00e7\u00e3o aos dias anteriores e o calor predomina.<\/p>\n<p><strong>Domingo<\/strong><\/p>\n<p>O domingo come\u00e7a com tempo mais firme em boa parte da regi\u00e3o.No norte do Esp\u00edrito Santo e em \u00e1reas do norte e leste de Minas Gerais, h\u00e1 possibilidade de pancadas desde cedo. Durante a tarde, a chuva aumenta nessas \u00e1reas e tamb\u00e9m no Tri\u00e2ngulo Mineiro, com risco de temporais isolados.<\/p>\n<p>No Rio de Janeiro e em parte de S\u00e3o Paulo, as pancadas ocorrem de forma fraca e isolada, enquanto o calor aumenta ao longo do dia.<\/p>\n<h1 class=\"wp-block-heading\" id=\"h-centro-oeste\">Centro-Oeste<\/h1>\n<p><strong>Sexta-feira<\/strong><\/p>\n<p>Uma \u00e1rea de baixa press\u00e3o sobre o Paraguai favorece instabilidades desde o come\u00e7o do dia no norte e leste de Mato Grosso do Sul. Ao longo do dia, a chuva ganha for\u00e7a principalmente na metade norte do estado.<\/p>\n<p>Em Mato Grosso e Goi\u00e1s, pancadas de chuva ocorrem desde as primeiras horas e aumentam ao longo do dia, com intensidade moderada a forte. H\u00e1 alerta de temporais no sul de Goi\u00e1s, no sudeste e norte de Mato Grosso e no extremo norte de Mato Grosso do Sul.<\/p>\n<p><strong>S\u00e1bado<\/strong><\/p>\n<p>As pancadas mais fortes ocorrem desde cedo no oeste de Goi\u00e1s e em grande parte de Mato Grosso, al\u00e9m do extremo norte de Mato Grosso do Sul.<\/p>\n<p>Durante a tarde, o calor e a umidade refor\u00e7am as instabilidades em Mato Grosso e Goi\u00e1s, com risco de temporais isolados. Em Mato Grosso do Sul, a chuva se concentra principalmente no centro-norte e leste do estado.<\/p>\n<p><strong>Domingo<\/strong><\/p>\n<p>As pancadas mais fortes ocorrem desde cedo no leste e interior de Mato Grosso e no noroeste de Goi\u00e1s.<\/p>\n<p>Durante a tarde, as instabilidades aumentam em Mato Grosso e Goi\u00e1s, com possibilidade de temporais isolados. Em Mato Grosso do Sul, a chuva se concentra na metade norte do estado, enquanto o sul tende a ter tempo mais firme.<\/p>\n<h1 class=\"wp-block-heading\" id=\"h-nordeste\">Nordeste<\/h1>\n<p><strong>Sexta-feira<\/strong><\/p>\n<p>A atua\u00e7\u00e3o da Zona de Converg\u00eancia Intertropical (ZCIT) mant\u00e9m instabilidades na faixa litor\u00e2nea norte da regi\u00e3o desde o in\u00edcio do dia.<\/p>\n<p>As pancadas podem ocorrer com mais intensidade no sul e interior do Cear\u00e1, al\u00e9m da faixa central do Maranh\u00e3o e do Piau\u00ed. Ao longo do dia, as chuvas ganham for\u00e7a em grande parte do Maranh\u00e3o, Piau\u00ed e em \u00e1reas do Cear\u00e1, com risco de temporais no extremo noroeste maranhense.<\/p>\n<p><strong>S\u00e1bado<\/strong> <\/p>\n<p>A ZCIT continua influenciando o tempo entre o Maranh\u00e3o e o Cear\u00e1 desde as primeiras horas do dia.<\/p>\n<p>Durante a tarde, as instabilidades aumentam no Maranh\u00e3o, Piau\u00ed, Cear\u00e1, Rio Grande do Norte e no sudoeste da Bahia, com possibilidade de temporais. Nas demais \u00e1reas da regi\u00e3o, o tempo fica mais firme e quente.<\/p>\n<p><strong>Domingo<\/strong><\/p>\n<p>As pancadas mais fortes ocorrem desde cedo no sul do Cear\u00e1 e no sudoeste e sul da Bahia. Ao longo do dia, as instabilidades aumentam em estados como Maranh\u00e3o, Piau\u00ed, Cear\u00e1, Rio Grande do Norte e Para\u00edba, enquanto no restante da regi\u00e3o o tempo segue quente, com per\u00edodos de sol.<\/p>\n<h1 class=\"wp-block-heading\" id=\"h-norte\">Norte<\/h1>\n<p><strong>Sexta-feira<\/strong><\/p>\n<p>A umidade elevada favorece pancadas de chuva desde cedo em \u00e1reas do Amazonas, Par\u00e1, Tocantins e Roraima.<\/p>\n<p>Ao longo do dia, as instabilidades aumentam em grande parte da regi\u00e3o. H\u00e1 alerta para temporais no Amap\u00e1, sul de Roraima, leste do Amazonas e em grande parte do Par\u00e1.<\/p>\n<p><strong>S\u00e1bado<\/strong><\/p>\n<p>A umidade mant\u00e9m pancadas moderadas a fortes no Amazonas, Par\u00e1, Tocantins e Roraima desde o in\u00edcio do dia.<\/p>\n<p>As chuvas podem se intensificar no Amazonas, Rond\u00f4nia, Acre e Par\u00e1 ao longo da tarde, com risco de temporais. O tempo segue abafado em toda a regi\u00e3o.<\/p>\n<p><strong>Domingo<\/strong><\/p>\n<p>As pancadas de chuva continuam frequentes em grande parte do Amazonas, Par\u00e1 e Roraima desde cedo.<\/p>\n<p>Ao longo do dia, as instabilidades ganham for\u00e7a tamb\u00e9m no Acre, Rond\u00f4nia e Amap\u00e1. No Tocantins, a chuva ocorre de forma mais irregular, enquanto o calor e o abafamento aumentam.<\/p>\n<p>O post <a href=\"https:\/\/www.canalrural.com.br\/previsao-do-tempo\/chuva-forte-e-temporais-no-fim-de-semana-veja-na-previsao-quais-regioes-serao-mais-atingidas\/\">Chuva forte e temporais no fim de semana; veja na previs\u00e3o quais regi\u00f5es ser\u00e3o mais atingidas<\/a> apareceu primeiro em <a href=\"https:\/\/www.canalrural.com.br\">Canal Rural<\/a>.<\/p>\n<p><br \/>\n<br \/><a href=\"https:\/\/www.canalrural.com.br\/previsao-do-tempo\/chuva-forte-e-temporais-no-fim-de-semana-veja-na-previsao-quais-regioes-serao-mais-atingidas\/\">Source link <\/a><\/p>\n","protected":false},"excerpt":{"rendered":"<p>Foto: Pixabay. A previs\u00e3o do tempo indica que a sexta-feira (13) ainda ser\u00e1 marcada por instabilidades em v\u00e1rias regi\u00f5es do<\/p>\n","protected":false},"author":1,"featured_media":27275,"comment_status":"open","ping_status":"open","sticky":false,"template":"","format":"standard","meta":{"_monsterinsights_skip_tracking":false,"_monsterinsights_sitenote_active":false,"_monsterinsights_sitenote_note":"","_monsterinsights_sitenote_category":0,"_uf_show_specific_survey":0,"_uf_disable_surveys":false,"footnotes":""},"categories":[1],"tags":[],"class_list":["post-27588","post","type-post","status-publish","format-standard","has-post-thumbnail","hentry","category-news"],"_links":{"self":[{"href":"https:\/\/agromt.news\/index.php?rest_route=\/wp\/v2\/posts\/27588"}],"collection":[{"href":"https:\/\/agromt.news\/index.php?rest_route=\/wp\/v2\/posts"}],"about":[{"href":"https:\/\/agromt.news\/index.php?rest_route=\/wp\/v2\/types\/post"}],"author":[{"embeddable":true,"href":"https:\/\/agromt.news\/index.php?rest_route=\/wp\/v2\/users\/1"}],"replies":[{"embeddable":true,"href":"https:\/\/agromt.news\/index.php?rest_route=%2Fwp%2Fv2%2Fcomments&post=27588"}],"version-history":[{"count":0,"href":"https:\/\/agromt.news\/index.php?rest_route=\/wp\/v2\/posts\/27588\/revisions"}],"wp:featuredmedia":[{"embeddable":true,"href":"https:\/\/agromt.news\/index.php?rest_route=\/wp\/v2\/media\/27275"}],"wp:attachment":[{"href":"https:\/\/agromt.news\/index.php?rest_route=%2Fwp%2Fv2%2Fmedia&parent=27588"}],"wp:term":[{"taxonomy":"category","embeddable":true,"href":"https:\/\/agromt.news\/index.php?rest_route=%2Fwp%2Fv2%2Fcategories&post=27588"},{"taxonomy":"post_tag","embeddable":true,"href":"https:\/\/agromt.news\/index.php?rest_route=%2Fwp%2Fv2%2Ftags&post=27588"}],"curies":[{"name":"wp","href":"https:\/\/api.w.org\/{rel}","templated":true}]}}