{"id":27586,"date":"2026-03-13T06:37:05","date_gmt":"2026-03-13T10:37:05","guid":{"rendered":"https:\/\/agromt.news\/?p=27586"},"modified":"2026-03-13T06:37:05","modified_gmt":"2026-03-13T10:37:05","slug":"plano-de-irrigacao-resiliente-e-apresentado-no-estande-do-sistema-farsul-na-expodireto","status":"publish","type":"post","link":"https:\/\/agromt.news\/?p=27586","title":{"rendered":"Plano de irriga\u00e7\u00e3o resiliente \u00e9 apresentado no estande do Sistema Farsul na Expodireto"},"content":{"rendered":"<p> <br \/>\n<\/p>\n<div>\n<p style=\"text-align:justify\">O estande do Sistema Farsul no Parque da Expodireto Cotrijal foi palco para a apresenta\u00e7\u00e3o do Plano Irriga\u00e7\u00e3o Resiliente no RS, pelo governador Eduardo Leite no dia 10 de mar\u00e7o. A exposi\u00e7\u00e3o tratou da proposta que o governador levou ao governo federal no dia seguinte, em Bras\u00edlia, em reuni\u00f5es com ministros para discutir alternativas de financiamento e apoio \u00e0 expans\u00e3o da irriga\u00e7\u00e3o no Estado.&#13;\n<\/p>\n<p style=\"text-align:justify\">Durante a apresenta\u00e7\u00e3o, realizada ao lado do secret\u00e1rio-chefe da Casa Civil, Artur Lemos, foram detalhadas a\u00e7\u00f5es voltadas \u00e0 amplia\u00e7\u00e3o da \u00e1rea irrigada, \u00e0 constru\u00e7\u00e3o de infraestrutura h\u00eddrica e energ\u00e9tica e ao est\u00edmulo \u00e0 ado\u00e7\u00e3o de tecnologias de irriga\u00e7\u00e3o no campo.<\/p>\n<p style=\"text-align:justify\">No encontro, o governador destacou que compartilhar previamente a proposta com o setor produtivo \u00e9 fundamental para alinhar a estrat\u00e9gia do Estado antes das tratativas com o governo federal. &#8220;Estamos antecipando na Expodireto o tema que levaremos amanh\u00e3 a Bras\u00edlia, porque queremos que essa agenda represente as necessidades reais de quem produz no campo. Investir em irriga\u00e7\u00e3o \u00e9 proteger o produtor, reduzir perdas em per\u00edodos de estiagem e garantir mais previsibilidade para a economia do Estado&#8221;, afirmou Leite.&#13;\n<\/p>\n<p style=\"text-align:justify\">O plano parte do diagn\u00f3stico de que os eventos meteorol\u00f3gicos extremos passaram a representar um desafio estrutural para o desenvolvimento do Estado, com impactos diretos sobre a produ\u00e7\u00e3o agr\u00edcola, a arrecada\u00e7\u00e3o p\u00fablica e o crescimento econ\u00f4mico.<\/p>\n<p style=\"text-align:justify\">A proposta apresentada prev\u00ea diferentes cen\u00e1rios de expans\u00e3o da \u00e1rea irrigada no Rio Grande do Sul. No cen\u00e1rio mais amplo, o plano projeta a cria\u00e7\u00e3o de at\u00e9 2,68 milh\u00f5es de novos hectares irrigados, com investimentos p\u00fablicos que podem chegar a R$ 60 bilh\u00f5es, voltados principalmente para infraestrutura h\u00eddrica, energia e incentivos \u00e0 ado\u00e7\u00e3o de sistemas de irriga\u00e7\u00e3o.<\/p>\n<p style=\"text-align:justify\">Al\u00e9m de reduzir a vulnerabilidade do agro \u00e0s estiagens, a iniciativa tamb\u00e9m busca ampliar a produtividade agr\u00edcola, fortalecer cadeias produtivas e reduzir a volatilidade econ\u00f4mica provocada pelas quebras de safra.<\/p>\n<p style=\"text-align:justify\">O presidente do Sistema farsul, Domingos Velho Lopes, classificou o plano como m\u00fasica para o ouvido dos produtores rurais. &#8220;A proposta est\u00e1 muito bem constru\u00edda e a Federa\u00e7\u00e3o est\u00e1 totalmente alinhada, como as outras entidades. N\u00f3s tamb\u00e9m teremos que fazer nossa parte, como an\u00e1lise do solo, por exemplo. Mas, acredito que estamos no caminho certo e espero que o Governo do Estado tenha sucesso nas tratativas&#8221;, declarou ap\u00f3s a apresenta\u00e7\u00e3o.&#13;\n<\/p>\n<\/p><\/div>\n<p><script data-cfasync=\"false\">\n    !function (f, b, e, v, n, t, s) {\n        if (f.fbq) return; n = f.fbq = function () {\n            n.callMethod ?\n                n.callMethod.apply(n, arguments) : n.queue.push(arguments)\n        };\n        if (!f._fbq) f._fbq = n; n.push = n; n.loaded = !0; n.version = '2.0';\n        n.queue = []; t = b.createElement(e); t.async = !0;\n        t.src = v; s = b.getElementsByTagName(e)[0];\n        s.parentNode.insertBefore(t, s)\n    }(window, document, 'script',\n        'https:\/\/connect.facebook.net\/en_US\/fbevents.js');\n    fbq('init', '522546078623747');\n    fbq('track', 'PageView');\n<\/script><br \/>\n<br \/><br \/>\n<br \/><a href=\"https:\/\/www.agrolink.com.br\/noticias\/plano-de-irrigacao-resiliente-e-apresentado-no-estande-do-sistema-farsul-na-expodireto_511980.html\">Source link <\/a><\/p>\n","protected":false},"excerpt":{"rendered":"<p>O estande do Sistema Farsul no Parque da Expodireto Cotrijal foi palco para a apresenta\u00e7\u00e3o do Plano Irriga\u00e7\u00e3o Resiliente no<\/p>\n","protected":false},"author":1,"featured_media":4091,"comment_status":"open","ping_status":"open","sticky":false,"template":"","format":"standard","meta":{"_monsterinsights_skip_tracking":false,"_monsterinsights_sitenote_active":false,"_monsterinsights_sitenote_note":"","_monsterinsights_sitenote_category":0,"_uf_show_specific_survey":0,"_uf_disable_surveys":false,"footnotes":""},"categories":[8,1,14],"tags":[],"class_list":["post-27586","post","type-post","status-publish","format-standard","has-post-thumbnail","hentry","category-agro","category-news","category-politica-agro"],"_links":{"self":[{"href":"https:\/\/agromt.news\/index.php?rest_route=\/wp\/v2\/posts\/27586"}],"collection":[{"href":"https:\/\/agromt.news\/index.php?rest_route=\/wp\/v2\/posts"}],"about":[{"href":"https:\/\/agromt.news\/index.php?rest_route=\/wp\/v2\/types\/post"}],"author":[{"embeddable":true,"href":"https:\/\/agromt.news\/index.php?rest_route=\/wp\/v2\/users\/1"}],"replies":[{"embeddable":true,"href":"https:\/\/agromt.news\/index.php?rest_route=%2Fwp%2Fv2%2Fcomments&post=27586"}],"version-history":[{"count":0,"href":"https:\/\/agromt.news\/index.php?rest_route=\/wp\/v2\/posts\/27586\/revisions"}],"wp:featuredmedia":[{"embeddable":true,"href":"https:\/\/agromt.news\/index.php?rest_route=\/wp\/v2\/media\/4091"}],"wp:attachment":[{"href":"https:\/\/agromt.news\/index.php?rest_route=%2Fwp%2Fv2%2Fmedia&parent=27586"}],"wp:term":[{"taxonomy":"category","embeddable":true,"href":"https:\/\/agromt.news\/index.php?rest_route=%2Fwp%2Fv2%2Fcategories&post=27586"},{"taxonomy":"post_tag","embeddable":true,"href":"https:\/\/agromt.news\/index.php?rest_route=%2Fwp%2Fv2%2Ftags&post=27586"}],"curies":[{"name":"wp","href":"https:\/\/api.w.org\/{rel}","templated":true}]}}