{"id":27585,"date":"2026-03-13T04:41:01","date_gmt":"2026-03-13T08:41:01","guid":{"rendered":"https:\/\/agromt.news\/?p=27585"},"modified":"2026-03-13T04:41:01","modified_gmt":"2026-03-13T08:41:01","slug":"alerta-vermelho-para-chuvas-volumosas-em-varias-regioes","status":"publish","type":"post","link":"https:\/\/agromt.news\/?p=27585","title":{"rendered":"Alerta vermelho para chuvas volumosas em v\u00e1rias regi\u00f5es"},"content":{"rendered":"<p> <br \/>\n<\/p>\n<div>\n<p style=\"text-align:justify\">De acordo com informa\u00e7\u00f5es do Meteored, os pr\u00f3ximos dias devem apresentar elevado potencial para transtornos associados a chuvas intensas e acumulados significativos em diversas regi\u00f5es do Brasil.<\/p>\n<p style=\"text-align:justify\">O Instituto Nacional de Meteorologia (INMET) emitiu um aviso que coloca grande parte do territ\u00f3rio nacional em alerta para tempestades, chuvas intensas e volumes elevados nesta quinta-feira (12). Segundo o \u00f3rg\u00e3o, o cen\u00e1rio meteorol\u00f3gico indica risco de impactos associados \u00e0s precipita\u00e7\u00f5es.&#13;\n<\/p>\n<p style=\"text-align:justify\">De acordo com o instituto, o alerta vermelho \u00e9 emitido quando \u201ca chuva prevista \u00e9 superior a 60 mm\/h ou acima de 100 mm\/dia, com elevado risco de grandes alagamentos, grandes transbordamentos de rios e grandes deslizamentos de encostas\u201d.<\/p>\n<p style=\"text-align:justify\">A previs\u00e3o tamb\u00e9m \u00e9 refor\u00e7ada pelo \u00edndice de previs\u00e3o extrema de precipita\u00e7\u00e3o do modelo ECMWF, que amplia a \u00e1rea com possibilidade de chuvas intensas. Embora a quinta-feira (12) concentre o maior potencial de impactos, as precipita\u00e7\u00f5es podem continuar pelo menos at\u00e9 s\u00e1bado (14).<\/p>\n<p style=\"text-align:justify\">Segundo o \u00edndice de previs\u00e3o extrema do modelo ECMWF, h\u00e1 risco de chuvas intensas em uma faixa que abrange o Centro-Oeste, o Sudeste e parte da Regi\u00e3o Sul do pa\u00eds.<\/p>\n<p style=\"text-align:justify\">O indicador \u00e9 baseado na climatologia do pr\u00f3prio modelo e destaca regi\u00f5es em que a previs\u00e3o de chuva acumulada di\u00e1ria difere significativamente do padr\u00e3o hist\u00f3rico.<\/p>\n<p style=\"text-align:justify\">De acordo com a metodologia do modelo, o \u00edndice varia de 0,5 a 0,8 para chuvas incomuns e de 0,8 a 1 para eventos extremos, \u201cvalores que s\u00f3 ocorrem em 1 a cada 100 previs\u00f5es\u201d.<\/p>\n<p style=\"text-align:justify\">A \u00e1rea considerada de maior risco est\u00e1 entre os estados de S\u00e3o Paulo, Minas Gerais e Rio de Janeiro. A regi\u00e3o vem registrando chuvas intensas nas \u00faltimas semanas, o que deixou o solo saturado ou pr\u00f3ximo da satura\u00e7\u00e3o, aumentando o risco de deslizamentos.<\/p>\n<p style=\"text-align:justify\">Al\u00e9m desses estados, tamb\u00e9m est\u00e3o em alerta \u00e1reas pr\u00f3ximas \u00e0 divisa entre Mato Grosso e Mato Grosso do Sul, al\u00e9m do litoral norte do Paran\u00e1.<\/p>\n<p style=\"text-align:justify\">As chuvas intensas est\u00e3o associadas a dois fatores principais. A temperatura da superf\u00edcie do mar no Oceano Atl\u00e2ntico, na costa do Sudeste, apresenta anomalias entre 1 \u00b0C e 2 \u00b0C acima da m\u00e9dia, o que contribui para o aquecimento da atmosfera e favorece a ascens\u00e3o do ar.&#13;\n<\/p>\n<p style=\"text-align:justify\">Esse processo reduz a press\u00e3o atmosf\u00e9rica e contribui para a forma\u00e7\u00e3o de um centro de baixa press\u00e3o pr\u00f3ximo \u00e0 costa entre quinta-feira (12) e sexta-feira (13), intensificando a convec\u00e7\u00e3o e a forma\u00e7\u00e3o de nuvens carregadas sobre o continente.<\/p>\n<p style=\"text-align:justify\">Os maiores volumes de chuva s\u00e3o esperados para quinta-feira (12), podendo ultrapassar 100 mil\u00edmetros principalmente em S\u00e3o Paulo. Na sexta-feira (13), as precipita\u00e7\u00f5es intensas devem continuar, sobretudo a partir da tarde, com maior incid\u00eancia em Rio de Janeiro, Minas Gerais, Mato Grosso do Sul e Goi\u00e1s.<\/p>\n<p style=\"text-align:justify\">Na madrugada entre sexta-feira (13) e s\u00e1bado (14), chuvas intensas devem atingir o Esp\u00edrito Santo, Minas Gerais e \u00e1reas da Regi\u00e3o Norte. Ao longo da manh\u00e3 de s\u00e1bado, a intensidade tende a diminuir, mas as precipita\u00e7\u00f5es voltam a ganhar for\u00e7a \u00e0 tarde, principalmente entre o norte de S\u00e3o Paulo, Minas Gerais e \u00e1reas do sul de Mato Grosso e Goi\u00e1s.<\/p>\n<p style=\"text-align:justify\">A atualiza\u00e7\u00e3o mais recente do modelo indica que os maiores acumulados podem alcan\u00e7ar cerca de 130 mil\u00edmetros no estado de S\u00e3o Paulo at\u00e9 o fim de s\u00e1bado (14), em uma faixa que se estende de Adamantina, passando por Ja\u00fa, Jundia\u00ed, Caieiras e Guarulhos.<\/p>\n<p style=\"text-align:justify\">No litoral sul de S\u00e3o Paulo e em pontos isolados de Esp\u00edrito Santo, Minas Gerais, Mato Grosso do Sul e no norte do Par\u00e1, os acumulados tamb\u00e9m podem superar 100 mil\u00edmetros.<\/p>\n<p style=\"text-align:justify\">Segundo a an\u00e1lise, o modelo pode estar subestimando os volumes de chuva, principalmente na faixa litor\u00e2nea entre S\u00e3o Paulo e Rio de Janeiro e no sul de Minas Gerais. Nessas \u00e1reas, a recomenda\u00e7\u00e3o \u00e9 que autoridades e popula\u00e7\u00e3o permane\u00e7am em alerta para alagamentos, enchentes e deslizamentos de terra.&#13;\n<\/p>\n<\/p><\/div>\n<p><script data-cfasync=\"false\">\n    !function (f, b, e, v, n, t, s) {\n        if (f.fbq) return; n = f.fbq = function () {\n            n.callMethod ?\n                n.callMethod.apply(n, arguments) : n.queue.push(arguments)\n        };\n        if (!f._fbq) f._fbq = n; n.push = n; n.loaded = !0; n.version = '2.0';\n        n.queue = []; t = b.createElement(e); t.async = !0;\n        t.src = v; s = b.getElementsByTagName(e)[0];\n        s.parentNode.insertBefore(t, s)\n    }(window, document, 'script',\n        'https:\/\/connect.facebook.net\/en_US\/fbevents.js');\n    fbq('init', '522546078623747');\n    fbq('track', 'PageView');\n<\/script><br \/>\n<br \/><br \/>\n<br \/><a href=\"https:\/\/www.agrolink.com.br\/noticias\/alerta-vermelho-de-chuva-volumosa-pode-se-estender-ate-o-fim-da-semana--confira-os-estados-em-risco_511979.html\">Source link <\/a><\/p>\n","protected":false},"excerpt":{"rendered":"<p>De acordo com informa\u00e7\u00f5es do Meteored, os pr\u00f3ximos dias devem apresentar elevado potencial para transtornos associados a chuvas intensas e<\/p>\n","protected":false},"author":1,"featured_media":1976,"comment_status":"open","ping_status":"open","sticky":false,"template":"","format":"standard","meta":{"_monsterinsights_skip_tracking":false,"_monsterinsights_sitenote_active":false,"_monsterinsights_sitenote_note":"","_monsterinsights_sitenote_category":0,"_uf_show_specific_survey":0,"_uf_disable_surveys":false,"footnotes":""},"categories":[8,1,14],"tags":[],"class_list":["post-27585","post","type-post","status-publish","format-standard","has-post-thumbnail","hentry","category-agro","category-news","category-politica-agro"],"_links":{"self":[{"href":"https:\/\/agromt.news\/index.php?rest_route=\/wp\/v2\/posts\/27585"}],"collection":[{"href":"https:\/\/agromt.news\/index.php?rest_route=\/wp\/v2\/posts"}],"about":[{"href":"https:\/\/agromt.news\/index.php?rest_route=\/wp\/v2\/types\/post"}],"author":[{"embeddable":true,"href":"https:\/\/agromt.news\/index.php?rest_route=\/wp\/v2\/users\/1"}],"replies":[{"embeddable":true,"href":"https:\/\/agromt.news\/index.php?rest_route=%2Fwp%2Fv2%2Fcomments&post=27585"}],"version-history":[{"count":0,"href":"https:\/\/agromt.news\/index.php?rest_route=\/wp\/v2\/posts\/27585\/revisions"}],"wp:featuredmedia":[{"embeddable":true,"href":"https:\/\/agromt.news\/index.php?rest_route=\/wp\/v2\/media\/1976"}],"wp:attachment":[{"href":"https:\/\/agromt.news\/index.php?rest_route=%2Fwp%2Fv2%2Fmedia&parent=27585"}],"wp:term":[{"taxonomy":"category","embeddable":true,"href":"https:\/\/agromt.news\/index.php?rest_route=%2Fwp%2Fv2%2Fcategories&post=27585"},{"taxonomy":"post_tag","embeddable":true,"href":"https:\/\/agromt.news\/index.php?rest_route=%2Fwp%2Fv2%2Ftags&post=27585"}],"curies":[{"name":"wp","href":"https:\/\/api.w.org\/{rel}","templated":true}]}}