{"id":27582,"date":"2026-03-13T00:49:29","date_gmt":"2026-03-13T04:49:29","guid":{"rendered":"https:\/\/agromt.news\/?p=27582"},"modified":"2026-03-13T00:49:29","modified_gmt":"2026-03-13T04:49:29","slug":"potencial-da-indicacao-geografica-na-erva-mate-e-destaque-no-forum-florestal","status":"publish","type":"post","link":"https:\/\/agromt.news\/?p=27582","title":{"rendered":"Potencial da Indica\u00e7\u00e3o Geogr\u00e1fica na erva-mate \u00e9 destaque no F\u00f3rum Florestal"},"content":{"rendered":"<p> <br \/>\n<\/p>\n<div>\n<p style=\"text-align:justify\">A 18\u00aa edi\u00e7\u00e3o do F\u00f3rum Florestal debateu a Indica\u00e7\u00e3o Geogr\u00e1fica na cadeia da erva-mate. Trata-se de um instrumento de propriedade industrial que distingue a origem de um determinado produto ou servi\u00e7o. Esse reconhecimento, concedido pelo Instituto Nacional da Propriedade Industrial (INPI), valoriza a identidade, a tradi\u00e7\u00e3o e as qualidades vinculadas a um local.&#13;\n<\/p>\n<p style=\"text-align:justify\">O extensionista da Emater\/RS-Ascar e palestrante do f\u00f3rum realizado na manh\u00e3 desta quinta-feira (12), na Expodireto Cotrijal, Ilvandro Barreto de Melo, explica que o Rio Grande do Sul tem Indica\u00e7\u00f5es Geogr\u00e1ficas bem conhecidas, como \u00e9 o caso dos vinhos do Vale dos Vinhedos, na Serra Ga\u00facha, os chocolates de Gramado e os doces de Pelotas.<\/p>\n<p style=\"text-align:justify\">&#8220;No aspecto da erva-mate temos cinco polos produtores e um j\u00e1 conseguiu o status de Indica\u00e7\u00e3o Geogr\u00e1fica, que \u00e9 a regi\u00e3o de Machadinho. Isso caracteriza o produto e d\u00e1 ci\u00eancia ao mundo de que naquela regi\u00e3o h\u00e1 uma produ\u00e7\u00e3o not\u00f3ria. Esse \u00e9 o maior reconhecimento que uma regi\u00e3o pode conquistar, pois representa sua identidade e sua origem&#8221;, afirma Melo.<\/p>\n<p style=\"text-align:justify\">O especialista tamb\u00e9m chama aten\u00e7\u00e3o para a quest\u00e3o cultural, j\u00e1 que a erva-mate faz parte da economia ga\u00facha desde a \u00e9poca que o Rio Grande do Sul era uma prov\u00edncia.<\/p>\n<p style=\"text-align:justify\">&#8220;\u00c9 um produto com a identidade do ga\u00facho e que possui todo um potencial para se desenvolver. Al\u00e9m disso, o terer\u00ea est\u00e1 chegando e trazendo boas novidades&#8221;, pontua Melo, relatando ainda que hoje j\u00e1 existem refrigerantes e sucos oriundos da erva-mate.<\/p>\n<p style=\"text-align:justify\">De acordo com o palestrante do f\u00f3rum, coordenador de projetos setoriais no n\u00facleo de Agroneg\u00f3cio do Sebrae no Rio Grande do Sul e gestor estadual dos projetos de Indica\u00e7\u00e3o Geogr\u00e1fica, Andr\u00e9 Bordignon, o cerne da cultura da erva-mate n\u00e3o est\u00e1 no produto em si, mas no que ela representa para os ga\u00fachos.&#13;\n<\/p>\n<p style=\"text-align:justify\">&#8220;A erva-mate conta a hist\u00f3ria de um produto que \u00e9 refer\u00eancia no Rio Grande do Sul, como \u00e9 o caso da nossa carne, vinho e arroz. S\u00e3o produtos com caracter\u00edsticas que est\u00e3o enraizadas na nossa cultura. Isso \u00e9 importante para abrir novos mercados, porque cada vez mais o consumidor quer entender o produto que est\u00e1 levando para dentro de sua casa&#8221;, disse Bordignon.<\/p>\n<p style=\"text-align:justify\">O objetivo do Sebrae RS \u00e9 mapear os cincos polos produtores e posicionar o tema da Indica\u00e7\u00e3o Geogr\u00e1fica. O foco n\u00e3o est\u00e1 apenas no produto, mas no mercado que pode crescer ao seu redor.<\/p>\n<p style=\"text-align:justify\">&#8220;O desenvolvimento territorial da erva-mate e da Indica\u00e7\u00e3o Geogr\u00e1fica abre oportunidades de mercado, e conseguimos fazer conex\u00f5es com outras \u00e1reas, como turismo. \u00c9 o que acontece, por exemplo, com o Vale dos Vinhedos&#8221;, explica Bordignon.<\/p>\n<p style=\"text-align:justify\">A mesa de abertura do f\u00f3rum foi composta por Claudinei Mois\u00e9s Baldissera, presidente da Emater\/RS-Ascar; Fernando Cirolini, difusor t\u00e9cnico de Produ\u00e7\u00e3o Vegetal da Cotrijal; K\u00e1tia Pichelli, representante da Embrapa; \u00c1lvaro Bozzetto Pompermayer, presidente do Sindimate\/RS; Ismael Rossetti, representante do Ibramate; e Th\u00e1les da Rocha Flores, representante do Sebrae RS.<\/p>\n<p style=\"text-align:justify\"><strong>\u00c1rvores Gigantes<\/strong><\/p>\n<p style=\"text-align:justify\">O 18\u00ba F\u00f3rum Florestal foi encerrado com o an\u00fancio de que o angico \u00e9 a planta escolhida para o Concurso \u00c1rvores Gigantes do Rio Grande do Sul &#8211; edi\u00e7\u00e3o 2026. A apresenta\u00e7\u00e3o foi realizada por Jaime Martinez e Gabriela Rodrigues, da Universidade de Passo Fundo (UPF).&#13;\n<\/p>\n<p style=\"text-align:justify\">O objetivo \u00e9 encontrar as dez maiores \u00e1rvores de angico do Estado. As inscri\u00e7\u00f5es est\u00e3o abertas e devem ser realizadas nos escrit\u00f3rios da Emater\/Ascar at\u00e9 o dia 30 de junho. A divulga\u00e7\u00e3o dos resultados ocorrer\u00e1 em 21 de setembro.<\/p>\n<p style=\"text-align:justify\">Nas duas edi\u00e7\u00f5es anteriores do concurso, foram selecionadas as maiores \u00e1rvores de arauc\u00e1ria (2023) e erva-mate (2025).<\/p>\n<\/p><\/div>\n<p><script data-cfasync=\"false\">\n    !function (f, b, e, v, n, t, s) {\n        if (f.fbq) return; n = f.fbq = function () {\n            n.callMethod ?\n                n.callMethod.apply(n, arguments) : n.queue.push(arguments)\n        };\n        if (!f._fbq) f._fbq = n; n.push = n; n.loaded = !0; n.version = '2.0';\n        n.queue = []; t = b.createElement(e); t.async = !0;\n        t.src = v; s = b.getElementsByTagName(e)[0];\n        s.parentNode.insertBefore(t, s)\n    }(window, document, 'script',\n        'https:\/\/connect.facebook.net\/en_US\/fbevents.js');\n    fbq('init', '522546078623747');\n    fbq('track', 'PageView');\n<\/script><br \/>\n<br \/><br \/>\n<br \/><a href=\"https:\/\/www.agrolink.com.br\/noticias\/potencial-da-indicacao-geografica-na-erva-mate-e-destaque-no-forum-florestal_511984.html\">Source link <\/a><\/p>\n","protected":false},"excerpt":{"rendered":"<p>A 18\u00aa edi\u00e7\u00e3o do F\u00f3rum Florestal debateu a Indica\u00e7\u00e3o Geogr\u00e1fica na cadeia da erva-mate. Trata-se de um instrumento de propriedade<\/p>\n","protected":false},"author":1,"featured_media":27583,"comment_status":"open","ping_status":"open","sticky":false,"template":"","format":"standard","meta":{"_monsterinsights_skip_tracking":false,"_monsterinsights_sitenote_active":false,"_monsterinsights_sitenote_note":"","_monsterinsights_sitenote_category":0,"_uf_show_specific_survey":0,"_uf_disable_surveys":false,"footnotes":""},"categories":[8,1,14],"tags":[],"class_list":["post-27582","post","type-post","status-publish","format-standard","has-post-thumbnail","hentry","category-agro","category-news","category-politica-agro"],"_links":{"self":[{"href":"https:\/\/agromt.news\/index.php?rest_route=\/wp\/v2\/posts\/27582"}],"collection":[{"href":"https:\/\/agromt.news\/index.php?rest_route=\/wp\/v2\/posts"}],"about":[{"href":"https:\/\/agromt.news\/index.php?rest_route=\/wp\/v2\/types\/post"}],"author":[{"embeddable":true,"href":"https:\/\/agromt.news\/index.php?rest_route=\/wp\/v2\/users\/1"}],"replies":[{"embeddable":true,"href":"https:\/\/agromt.news\/index.php?rest_route=%2Fwp%2Fv2%2Fcomments&post=27582"}],"version-history":[{"count":0,"href":"https:\/\/agromt.news\/index.php?rest_route=\/wp\/v2\/posts\/27582\/revisions"}],"wp:featuredmedia":[{"embeddable":true,"href":"https:\/\/agromt.news\/index.php?rest_route=\/wp\/v2\/media\/27583"}],"wp:attachment":[{"href":"https:\/\/agromt.news\/index.php?rest_route=%2Fwp%2Fv2%2Fmedia&parent=27582"}],"wp:term":[{"taxonomy":"category","embeddable":true,"href":"https:\/\/agromt.news\/index.php?rest_route=%2Fwp%2Fv2%2Fcategories&post=27582"},{"taxonomy":"post_tag","embeddable":true,"href":"https:\/\/agromt.news\/index.php?rest_route=%2Fwp%2Fv2%2Ftags&post=27582"}],"curies":[{"name":"wp","href":"https:\/\/api.w.org\/{rel}","templated":true}]}}