{"id":27577,"date":"2026-03-12T18:53:02","date_gmt":"2026-03-12T22:53:02","guid":{"rendered":"https:\/\/agromt.news\/?p=27577"},"modified":"2026-03-12T18:53:02","modified_gmt":"2026-03-12T22:53:02","slug":"cotacao-do-boi-gordo-mercado-vai-recuperando-precos-gracas-a-oferta-restrita","status":"publish","type":"post","link":"https:\/\/agromt.news\/?p=27577","title":{"rendered":"Cota\u00e7\u00e3o do boi gordo: mercado vai recuperando pre\u00e7os gra\u00e7as \u00e0 oferta restrita"},"content":{"rendered":"<p> <br \/>\n<\/p>\n<div>\n<figure><img decoding=\"async\" src=\"https:\/\/agromt.news\/wp-content\/uploads\/2025\/12\/veja-como-o-mercado-abriu-a-semana.jpg\" alt=\"pecu\u00e1ria, gado , boi\" \/><figcaption>Foto: Gilson Abreu\/AEN<\/figcaption><\/figure>\n<\/div>\n<p>O mercado f\u00edsico do boi gordo recuperou seus pre\u00e7os no decorrer da semana. O ambiente de neg\u00f3cios ainda sugere pela continuidade deste movimento no curt\u00edssimo prazo, considerando o atual posicionamento das escalas de abate, ainda convivendo com restri\u00e7\u00e3o de oferta. <\/p>\n<p>Segundo o analista da consultoria Safras &amp; Mercado Fernando Henrique Iglesias, a guerra no Oriente M\u00e9dio ainda gera instabilidades. &#8220;Entretanto, o entendimento \u00e9 de uma log\u00edstica mais complicada, com custos mais pesados sobre os exportadores, mas sem a disrup\u00e7\u00e3o total do fluxo de exporta\u00e7\u00e3o&#8221;, sinaliza. <\/p>\n<p>De acordo com ele, mesmo assim, a escalada do conflito e potenciais desdobramentos n\u00e3o podem ser descartadas de forma alguma.<\/p>\n<h2 class=\"wp-block-heading\" id=\"h-precos-medios-do-boi-gordo\">Pre\u00e7os m\u00e9dios do boi gordo<\/h2>\n<ul class=\"wp-block-list\">\n<li><strong>S\u00e3o Paulo:<\/strong> R$ 348,75 <\/li>\n<li><strong>Goi\u00e1s: <\/strong>R$ 334,11<\/li>\n<li><strong>Minas Gerais:<\/strong> R$ 344,41<\/li>\n<li><strong>Mato Grosso do Sul: <\/strong>R$ 336,02<\/li>\n<li><strong>Mato Grosso:<\/strong> R$ 338,65<\/li>\n<\/ul>\n<h2 class=\"wp-block-heading\" id=\"h-mercado-atacadista\">Mercado atacadista<\/h2>\n<p>O mercado atacadista ainda se depara com pre\u00e7os acomodados. Iglesias destaca que nem a entrada dos sal\u00e1rios na economia tem sido insuficiente para justificar novos reajustes dos pre\u00e7os da carne bovina. <\/p>\n<ul class=\"wp-block-list\">\n<li><em>Veja em primeira m\u00e3o tudo sobre agricultura, pecu\u00e1ria, economia e previs\u00e3o do tempo:<\/em><a href=\"https:\/\/news.google.com\/publications\/CAAqBwgKMPKZlQswq_mqAw?hl=pt-BR&amp;gl=BR&amp;ceid=BR%3Apt-419\" target=\"_blank\" rel=\"noreferrer noopener\">\u00a0<em>siga o Canal Rural no Google News!<\/em><\/a><\/li>\n<\/ul>\n<p>&#8220;O fato \u00e9 que a carne bovina j\u00e1 assumiu um patamar de pre\u00e7os que afasta boa parte dos consumidores brasileiros, em especial aquelas fam\u00edlias que t\u00eam como renda entre um e dois sal\u00e1rios-m\u00ednimos. Nesse campo, a prioridade est\u00e1 no consumo de prote\u00ednas mais acess\u00edveis, a exemplo da carne de frango, embutidos e ovos&#8221;, avalia. <\/p>\n<ul class=\"wp-block-list\">\n<li><strong>Quarto dianteiro:<\/strong> ainda \u00e9 precificado a R$ 20,50 por quilo;<\/li>\n<li><strong>Quarto traseiro:<\/strong> segue cotado a R$ 27,00 por quilo;<\/li>\n<li><strong>Ponta de agulha: <\/strong>se mant\u00e9m no patamar de R$ 20,50 por quilo.<\/li>\n<\/ul>\n<h2 class=\"wp-block-heading\" id=\"h-cambio\">C\u00e2mbio<\/h2>\n<p>O d\u00f3lar comercial encerrou a sess\u00e3o em alta de 1,67%, sendo negociado a R$ 5,2457 para venda e a R$ 5,2437 para compra. Durante o dia, a moeda norte-americana oscilou entre a m\u00ednima de R$ 5,1572 e a m\u00e1xima de R$ 5,2502.<\/p>\n<p>O post <a href=\"https:\/\/www.canalrural.com.br\/pecuaria\/cotacao-do-boi-gordo-mercado-vai-recuperando-precos-gracas-a-oferta-restrita\/\">Cota\u00e7\u00e3o do boi gordo: mercado vai recuperando pre\u00e7os gra\u00e7as \u00e0 oferta restrita<\/a> apareceu primeiro em <a href=\"https:\/\/www.canalrural.com.br\">Canal Rural<\/a>.<\/p>\n<p><br \/>\n<br \/><a href=\"https:\/\/www.canalrural.com.br\/pecuaria\/cotacao-do-boi-gordo-mercado-vai-recuperando-precos-gracas-a-oferta-restrita\/\">Source link <\/a><\/p>\n","protected":false},"excerpt":{"rendered":"<p>Foto: Gilson Abreu\/AEN O mercado f\u00edsico do boi gordo recuperou seus pre\u00e7os no decorrer da semana. O ambiente de neg\u00f3cios<\/p>\n","protected":false},"author":1,"featured_media":25402,"comment_status":"open","ping_status":"open","sticky":false,"template":"","format":"standard","meta":{"_monsterinsights_skip_tracking":false,"_monsterinsights_sitenote_active":false,"_monsterinsights_sitenote_note":"","_monsterinsights_sitenote_category":0,"_uf_show_specific_survey":0,"_uf_disable_surveys":false,"footnotes":""},"categories":[1],"tags":[],"class_list":["post-27577","post","type-post","status-publish","format-standard","has-post-thumbnail","hentry","category-news"],"_links":{"self":[{"href":"https:\/\/agromt.news\/index.php?rest_route=\/wp\/v2\/posts\/27577"}],"collection":[{"href":"https:\/\/agromt.news\/index.php?rest_route=\/wp\/v2\/posts"}],"about":[{"href":"https:\/\/agromt.news\/index.php?rest_route=\/wp\/v2\/types\/post"}],"author":[{"embeddable":true,"href":"https:\/\/agromt.news\/index.php?rest_route=\/wp\/v2\/users\/1"}],"replies":[{"embeddable":true,"href":"https:\/\/agromt.news\/index.php?rest_route=%2Fwp%2Fv2%2Fcomments&post=27577"}],"version-history":[{"count":0,"href":"https:\/\/agromt.news\/index.php?rest_route=\/wp\/v2\/posts\/27577\/revisions"}],"wp:featuredmedia":[{"embeddable":true,"href":"https:\/\/agromt.news\/index.php?rest_route=\/wp\/v2\/media\/25402"}],"wp:attachment":[{"href":"https:\/\/agromt.news\/index.php?rest_route=%2Fwp%2Fv2%2Fmedia&parent=27577"}],"wp:term":[{"taxonomy":"category","embeddable":true,"href":"https:\/\/agromt.news\/index.php?rest_route=%2Fwp%2Fv2%2Fcategories&post=27577"},{"taxonomy":"post_tag","embeddable":true,"href":"https:\/\/agromt.news\/index.php?rest_route=%2Fwp%2Fv2%2Ftags&post=27577"}],"curies":[{"name":"wp","href":"https:\/\/api.w.org\/{rel}","templated":true}]}}