{"id":27569,"date":"2026-03-12T17:00:56","date_gmt":"2026-03-12T21:00:56","guid":{"rendered":"https:\/\/agromt.news\/?p=27569"},"modified":"2026-03-12T17:00:56","modified_gmt":"2026-03-12T21:00:56","slug":"denuncia-leva-a-apreensao-de-250-kg-de-mel-comercializado-sem-registro","status":"publish","type":"post","link":"https:\/\/agromt.news\/?p=27569","title":{"rendered":"Den\u00fancia leva \u00e0 apreens\u00e3o de 250 kg de mel comercializado sem registro"},"content":{"rendered":"<p> <br \/>\n<\/p>\n<div>\n<figure><img decoding=\"async\" src=\"https:\/\/agromt.news\/wp-content\/uploads\/2026\/03\/Denuncia-leva-a-apreensao-de-250-kg-de-mel-comercializado.jpeg\" alt=\"Mel\" \/><figcaption>Foto: divulga\u00e7\u00e3o\/Pol\u00edcia Civil Mato Grosso do Sul<\/figcaption><\/figure>\n<\/div>\n<p>Cerca de 250 kg de mel sem proced\u00eancia e em situa\u00e7\u00e3o irregular foram apreendidos na manh\u00e3 desta quarta-feira (11), em a\u00e7\u00e3o da Delegacia Especializada de Repress\u00e3o aos Crimes Contra as Rela\u00e7\u00f5es de Consumo (Decon) em conjunto com fiscais da Ag\u00eancia Estadual de Defesa Sanit\u00e1ria Animal e Vegetal (<a href=\"https:\/\/www.canalrural.com.br\/tag\/iagro\/\">Iagro<\/a>) de Mato Grosso do Sul.<\/p>\n<ul class=\"wp-block-list\">\n<li><em>Veja em primeira m\u00e3o tudo sobre agricultura, pecu\u00e1ria, economia e previs\u00e3o do tempo:<\/em><a href=\"https:\/\/news.google.com\/publications\/CAAqBwgKMPKZlQswq_mqAw?hl=pt-BR&amp;gl=BR&amp;ceid=BR%3Apt-419\"><em> <\/em><strong><em>siga o Canal Rural no Google News!<\/em><\/strong><\/a><\/li>\n<\/ul>\n<p>A a\u00e7\u00e3o se deu na avenida Nossa Senhora do Bonfim, no munic\u00edpio de Campo Grande, em Mato Grosso do Sul, ap\u00f3s uma den\u00fancia an\u00f4nima de que um homem de 42 anos estaria comercializando mel sem o registro no Servi\u00e7o de Inspe\u00e7\u00e3o Municipal (SIM).<\/p>\n<p>A den\u00fancia informava ainda que os produtos estariam acondicionados em uma camionete GM\/S10, cor branca, e que o ve\u00edculo teria sa\u00eddo da cidade de Rio Verde, com destino a Campo Grande.<\/p>\n<p>O ve\u00edculo foi abordado por fiscais da Iagro enquanto trafegava pela Avenida Nossa Senhora do Bonfim. Durante a fiscaliza\u00e7\u00e3o, os agentes solicitaram apoio da Delegacia Especializada de Repress\u00e3o aos Crimes Contra as Rela\u00e7\u00f5es de Consumo (Decon).<\/p>\n<p>Durante a vistoria, foram localizadas 46 garrafas de vidro de 1800g, 36 bisnagas de tamanhos variados e 34 potes de vidro, todos sem rotulagem. Al\u00e9m disso, tamb\u00e9m foram encontrados sete ton\u00e9is pl\u00e1sticos de 50 litros vazios, com res\u00edduos do produto e sinais de sujeira.<\/p>\n<p>O post <a href=\"https:\/\/www.canalrural.com.br\/seguranca\/denuncia-leva-a-apreensao-de-250-kg-de-mel-comercializado-sem-registro\/\">Den\u00fancia leva \u00e0 apreens\u00e3o de 250 kg de mel comercializado sem registro<\/a> apareceu primeiro em <a href=\"https:\/\/www.canalrural.com.br\">Canal Rural<\/a>.<\/p>\n<p><br \/>\n<br \/><a href=\"https:\/\/www.canalrural.com.br\/seguranca\/denuncia-leva-a-apreensao-de-250-kg-de-mel-comercializado-sem-registro\/\">Source link <\/a><\/p>\n","protected":false},"excerpt":{"rendered":"<p>Foto: divulga\u00e7\u00e3o\/Pol\u00edcia Civil Mato Grosso do Sul Cerca de 250 kg de mel sem proced\u00eancia e em situa\u00e7\u00e3o irregular foram<\/p>\n","protected":false},"author":1,"featured_media":27570,"comment_status":"open","ping_status":"open","sticky":false,"template":"","format":"standard","meta":{"_monsterinsights_skip_tracking":false,"_monsterinsights_sitenote_active":false,"_monsterinsights_sitenote_note":"","_monsterinsights_sitenote_category":0,"_uf_show_specific_survey":0,"_uf_disable_surveys":false,"footnotes":""},"categories":[1],"tags":[],"class_list":["post-27569","post","type-post","status-publish","format-standard","has-post-thumbnail","hentry","category-news"],"_links":{"self":[{"href":"https:\/\/agromt.news\/index.php?rest_route=\/wp\/v2\/posts\/27569"}],"collection":[{"href":"https:\/\/agromt.news\/index.php?rest_route=\/wp\/v2\/posts"}],"about":[{"href":"https:\/\/agromt.news\/index.php?rest_route=\/wp\/v2\/types\/post"}],"author":[{"embeddable":true,"href":"https:\/\/agromt.news\/index.php?rest_route=\/wp\/v2\/users\/1"}],"replies":[{"embeddable":true,"href":"https:\/\/agromt.news\/index.php?rest_route=%2Fwp%2Fv2%2Fcomments&post=27569"}],"version-history":[{"count":0,"href":"https:\/\/agromt.news\/index.php?rest_route=\/wp\/v2\/posts\/27569\/revisions"}],"wp:featuredmedia":[{"embeddable":true,"href":"https:\/\/agromt.news\/index.php?rest_route=\/wp\/v2\/media\/27570"}],"wp:attachment":[{"href":"https:\/\/agromt.news\/index.php?rest_route=%2Fwp%2Fv2%2Fmedia&parent=27569"}],"wp:term":[{"taxonomy":"category","embeddable":true,"href":"https:\/\/agromt.news\/index.php?rest_route=%2Fwp%2Fv2%2Fcategories&post=27569"},{"taxonomy":"post_tag","embeddable":true,"href":"https:\/\/agromt.news\/index.php?rest_route=%2Fwp%2Fv2%2Ftags&post=27569"}],"curies":[{"name":"wp","href":"https:\/\/api.w.org\/{rel}","templated":true}]}}