{"id":27567,"date":"2026-03-12T16:33:06","date_gmt":"2026-03-12T20:33:06","guid":{"rendered":"https:\/\/agromt.news\/?p=27567"},"modified":"2026-03-12T16:33:06","modified_gmt":"2026-03-12T20:33:06","slug":"incendio-atinge-silo-de-soja-em-minas-gerais-entenda-por-que-esses-ambientes-sao-vulneraveis","status":"publish","type":"post","link":"https:\/\/agromt.news\/?p=27567","title":{"rendered":"Inc\u00eandio atinge silo de soja em Minas Gerais; entenda por que esses ambientes s\u00e3o vulner\u00e1veis"},"content":{"rendered":"<p> <br \/>\n<\/p>\n<div>\n<figure><img decoding=\"async\" src=\"https:\/\/agromt.news\/wp-content\/uploads\/2026\/03\/Incendio-atinge-silo-de-soja-em-Minas-Gerais-entenda-por.png\" alt=\"\" \/><figcaption>Divulga\u00e7\u00e3o Corpo de Bombeiros <\/figcaption><\/figure>\n<\/div>\n<p>Acidentes em<a href=\"https:\/\/www.canalrural.com.br\/?s=silos+de+soja\"> estruturas de armazenagem de gr\u00e3os <\/a>s\u00e3o considerados de alto risco e exigem protocolos rigorosos de seguran\u00e7a. Um inc\u00eandio registrado na \u00faltima ter\u00e7a-feira (10) em um silo de soja no munic\u00edpio de Arcos, em Minas Gerais, voltou a chamar aten\u00e7\u00e3o para os perigos presentes nesse tipo de instala\u00e7\u00e3o.<\/p>\n<p>O Corpo de Bombeiros Militar foi acionado para atender a ocorr\u00eancia em uma estrutura industrial destinada \u00e0 armazenagem de gr\u00e3os. Ao chegar ao local, as equipes constataram que o foco do inc\u00eandio atingia o chamado silo \u201cpulm\u00e3o\u201d e o conjunto do secador de gr\u00e3os interligado \u00e0 estrutura.<\/p>\n<p>De acordo com informa\u00e7\u00f5es repassadas pelo gerente da empresa, antes da chegada dos bombeiros, o material que estava no interior da secadora j\u00e1 havia sido retirado pela pr\u00f3pria equipe da unidade. Mesmo assim, ainda havia res\u00edduos fumegantes e incandescentes, que geravam calor intenso e apresentavam risco de reigni\u00e7\u00e3o.<\/p>\n<ul class=\"wp-block-list\">\n<li><strong><em>Fique por dentro das principais not\u00edcias sobre a soja: <a href=\"https:\/\/chat.whatsapp.com\/BmMRwA0TZ2DHGyhzoaVEWu\">acesse a comunidade Soja Brasil no WhatsApp! <\/a><\/em><\/strong><\/li>\n<\/ul>\n<p>Durante a avalia\u00e7\u00e3o da estrutura, os militares observaram que as chapas met\u00e1licas do secador estavam sob temperaturas elevadas e apresentavam sinais de empenamento devido \u00e0 a\u00e7\u00e3o do calor.<\/p>\n<p>As equipes realizaram o reconhecimento da \u00e1rea, a avalia\u00e7\u00e3o dos riscos e o isolamento do per\u00edmetro para garantir a seguran\u00e7a da opera\u00e7\u00e3o. Na sequ\u00eancia, iniciaram o combate \u00e0s chamas e o resfriamento da estrutura, utilizando linhas de combate abastecidas pelo sistema de hidrantes da pr\u00f3pria instala\u00e7\u00e3o e pela viatura de inc\u00eandio.<\/p>\n<p>A opera\u00e7\u00e3o contou ainda com o apoio de oito brigadistas da empresa. Ao todo, foram utilizados cerca de 30 mil litros de \u00e1gua do reservat\u00f3rio do sistema de hidrantes da unidade e aproximadamente 4.500 litros da viatura do Corpo de Bombeiros. Ap\u00f3s intenso trabalho de combate e rescaldo para eliminar focos residuais, o inc\u00eandio foi totalmente controlado e n\u00e3o houve registro de v\u00edtimas.<\/p>\n<h2 class=\"wp-block-heading\" id=\"h-ambientes-vulneraveis\">Ambientes vulner\u00e1veis <\/h2>\n<p>Mas, afinal, o que torna ambientes como silos e unidades de secagem t\u00e3o vulner\u00e1veis a inc\u00eandios e explos\u00f5es? Segundo Leandro Ducioni, especialista em \u00c1reas Classificadas da Schmersal, epis\u00f3dios como esse seguem um padr\u00e3o t\u00e9cnico conhecido.<\/p>\n<p>\u201cMuitas vezes existe a combina\u00e7\u00e3o de tr\u00eas fatores: poeira org\u00e2nica fina, ar e uma fonte de igni\u00e7\u00e3o. A poeira gerada na manipula\u00e7\u00e3o de gr\u00e3os como soja, trigo ou arroz funciona como combust\u00edvel. Quando ela fica suspensa no ar, formando uma nuvem dentro de um ambiente confinado, basta uma superf\u00edcie quente, fa\u00edsca ou choque el\u00e9trico para provocar uma explos\u00e3o\u201d, explica.<\/p>\n<p>Em sistemas de transporte de gr\u00e3os, como correias transportadoras, o risco pode ser ainda maior. O atrito lateral, motores operando al\u00e9m do limite e mancais superaquecidos por falta de manuten\u00e7\u00e3o podem gerar calor suficiente para iniciar a combust\u00e3o. \u201cO calor emanado desses equipamentos pode funcionar como ignitor\u201d, afirma.<\/p>\n<h2 class=\"wp-block-heading\" id=\"h-prevencao\">Preven\u00e7\u00e3o <\/h2>\n<p>A preven\u00e7\u00e3o passa por tecnologia e monitoramento constante. Sensores capazes de medir a temperatura de mancais, detectar desalinhamento de correias e sistemas de vis\u00e3o t\u00e9rmica ajudam a identificar problemas antes que se tornem cr\u00edticos.<\/p>\n<p>Outro ponto essencial \u00e9 o controle da poeira. Camadas de res\u00edduos acumuladas em equipamentos ou estruturas podem ser facilmente dispersas e formar nuvens explosivas.<\/p>\n<p>Durante o per\u00edodo de safra, o risco tende a aumentar. Jornadas prolongadas de opera\u00e7\u00e3o, m\u00e1quinas trabalhando no limite, superaquecimento de motores e maior volume de gr\u00e3os elevam significativamente a gera\u00e7\u00e3o de poeira e o desgaste dos equipamentos.<\/p>\n<p>No Brasil, ambientes com risco de explos\u00e3o devem seguir normas espec\u00edficas para atmosferas explosivas, como a s\u00e9rie ABNT NBR IEC 60079, incluindo a norma 60079-10-2, que trata da classifica\u00e7\u00e3o de \u00e1reas. Equipamentos el\u00e9tricos, eletr\u00f4nicos e eletromec\u00e2nicos instalados nesses locais precisam possuir certifica\u00e7\u00e3o conforme exig\u00eancias do Inmetro.<\/p>\n<p>Al\u00e9m das solu\u00e7\u00f5es de engenharia, a seguran\u00e7a tamb\u00e9m depende da capacita\u00e7\u00e3o dos trabalhadores.<\/p>\n<p>Segundo Alex Sandro da Silva, supervisor de Seguran\u00e7a do Trabalho do Servi\u00e7o Nacional de Aprendizagem Rural (Senar), o uso correto de equipamentos de prote\u00e7\u00e3o individual \u00e9 indispens\u00e1vel.<\/p>\n<p>\u201cPara atividades em silos s\u00e3o recomendados capacete com jugular, \u00f3culos de prote\u00e7\u00e3o, protetores auriculares, luvas, botas antiderrapantes e respiradores PFF2 ou PFF3. J\u00e1 em espa\u00e7os confinados, \u00e9 obrigat\u00f3rio o uso de cinto tipo paraquedista com talabarte, dispositivos de ancoragem, detectores de gases e at\u00e9 respiradores aut\u00f4nomos\u201d, explica.<\/p>\n<p>Entre os principais riscos nesses ambientes est\u00e3o o engolfamento \u2014 quando o trabalhador \u00e9 soterrado por gr\u00e3os , atmosferas t\u00f3xicas ou com baixo n\u00edvel de oxig\u00eanio, explos\u00f5es de poeira e quedas de altura.<\/p>\n<p>Por isso, protocolos como sistema de permiss\u00e3o de trabalho, plano de resgate, uso de trip\u00e9s com guincho, ilumina\u00e7\u00e3o anti-explos\u00e3o e linhas de vida s\u00e3o considerados essenciais.<\/p>\n<p>Mesmo com equipamentos dispon\u00edveis, especialistas apontam que o maior desafio ainda \u00e9 cultural. Muitos trabalhadores resistem ao uso de EPIs por desconforto ou por subestimarem os riscos.<\/p>\n<p>Para mudar essa realidade, entidades como o Senar t\u00eam investido em treinamentos pr\u00e1ticos, simula\u00e7\u00f5es e apresenta\u00e7\u00e3o de casos reais para fortalecer a cultura de preven\u00e7\u00e3o no campo e nas unidades de armazenagem.<\/p>\n<p>O post <a href=\"https:\/\/www.canalrural.com.br\/agricultura\/projeto-soja-brasil\/incendio-atinge-silo-de-soja-em-minas-gerais-entenda-por-que-esses-ambientes-sao-vulneraveis\/\">Inc\u00eandio atinge silo de soja em Minas Gerais; entenda por que esses ambientes s\u00e3o vulner\u00e1veis<\/a> apareceu primeiro em <a href=\"https:\/\/www.canalrural.com.br\">Canal Rural<\/a>.<\/p>\n<p><br \/>\n<br \/><a href=\"https:\/\/www.canalrural.com.br\/agricultura\/projeto-soja-brasil\/incendio-atinge-silo-de-soja-em-minas-gerais-entenda-por-que-esses-ambientes-sao-vulneraveis\/\">Source link <\/a><\/p>\n","protected":false},"excerpt":{"rendered":"<p>Divulga\u00e7\u00e3o Corpo de Bombeiros Acidentes em estruturas de armazenagem de gr\u00e3os s\u00e3o considerados de alto risco e exigem protocolos rigorosos<\/p>\n","protected":false},"author":1,"featured_media":27568,"comment_status":"open","ping_status":"open","sticky":false,"template":"","format":"standard","meta":{"_monsterinsights_skip_tracking":false,"_monsterinsights_sitenote_active":false,"_monsterinsights_sitenote_note":"","_monsterinsights_sitenote_category":0,"_uf_show_specific_survey":0,"_uf_disable_surveys":false,"footnotes":""},"categories":[1],"tags":[],"class_list":["post-27567","post","type-post","status-publish","format-standard","has-post-thumbnail","hentry","category-news"],"_links":{"self":[{"href":"https:\/\/agromt.news\/index.php?rest_route=\/wp\/v2\/posts\/27567"}],"collection":[{"href":"https:\/\/agromt.news\/index.php?rest_route=\/wp\/v2\/posts"}],"about":[{"href":"https:\/\/agromt.news\/index.php?rest_route=\/wp\/v2\/types\/post"}],"author":[{"embeddable":true,"href":"https:\/\/agromt.news\/index.php?rest_route=\/wp\/v2\/users\/1"}],"replies":[{"embeddable":true,"href":"https:\/\/agromt.news\/index.php?rest_route=%2Fwp%2Fv2%2Fcomments&post=27567"}],"version-history":[{"count":0,"href":"https:\/\/agromt.news\/index.php?rest_route=\/wp\/v2\/posts\/27567\/revisions"}],"wp:featuredmedia":[{"embeddable":true,"href":"https:\/\/agromt.news\/index.php?rest_route=\/wp\/v2\/media\/27568"}],"wp:attachment":[{"href":"https:\/\/agromt.news\/index.php?rest_route=%2Fwp%2Fv2%2Fmedia&parent=27567"}],"wp:term":[{"taxonomy":"category","embeddable":true,"href":"https:\/\/agromt.news\/index.php?rest_route=%2Fwp%2Fv2%2Fcategories&post=27567"},{"taxonomy":"post_tag","embeddable":true,"href":"https:\/\/agromt.news\/index.php?rest_route=%2Fwp%2Fv2%2Ftags&post=27567"}],"curies":[{"name":"wp","href":"https:\/\/api.w.org\/{rel}","templated":true}]}}