{"id":27565,"date":"2026-03-12T16:19:13","date_gmt":"2026-03-12T20:19:13","guid":{"rendered":"https:\/\/agromt.news\/?p=27565"},"modified":"2026-03-12T16:19:13","modified_gmt":"2026-03-12T20:19:13","slug":"planejamento-forrageiro-momento-de-organizar-o-pasto-e-agora-diz-especialista","status":"publish","type":"post","link":"https:\/\/agromt.news\/?p=27565","title":{"rendered":"Planejamento forrageiro: momento de organizar o pasto \u00e9 agora, diz especialista"},"content":{"rendered":"<p> <br \/>\n<\/p>\n<div>\n<figure><img decoding=\"async\" src=\"https:\/\/agromt.news\/wp-content\/uploads\/2026\/03\/Planejamento-forrageiro-momento-de-organizar-o-pasto-e-agora-diz.jpg\" alt=\"Foto: Reprodu\u00e7\u00e3o\/Giro do Boi.\" \/><figcaption>Foto: Reprodu\u00e7\u00e3o\/Giro do Boi.<\/figcaption><\/figure>\n<\/div>\n<p>As proje\u00e7\u00f5es para o mercado da pecu\u00e1ria em 2026 indicam um cen\u00e1rio de oportunidades raras. No <em>Giro do Boi<\/em> desta quinta-feira (12), o engenheiro agr\u00f4nomo Wagner Pires trouxe um alerta decisivo: o planejamento forrageiro n\u00e3o \u00e9 apenas uma melhoria, mas uma necessidade de sobreviv\u00eancia.<\/p>\n<p>Com a janela das chuvas ainda aberta em diversas regi\u00f5es e margens favor\u00e1veis no ciclo pecu\u00e1rio, o momento de organizar a \u201clavoura de capim\u201d \u00e9 imediato. A recupera\u00e7\u00e3o de uma pastagem degradada leva anos e exige aproveitar os tempos de bonan\u00e7a financeira para financiar as melhorias.<\/p>\n<p>Confira:<\/p>\n<h2 class=\"wp-block-heading\" id=\"h-investimentos-estrategicos\">Investimentos estrat\u00e9gicos<\/h2>\n<p>O pecuarista moderno deve abandonar o amadorismo e tratar o pasto com o mesmo rigor t\u00e9cnico de um agricultor de soja. Wagner Pires sugere come\u00e7ar o investimento pelas \u00e1reas que est\u00e3o em melhor estado, e n\u00e3o pelas piores. Isso garante um retorno sobre o investimento mais r\u00e1pido.<\/p>\n<p>\u201cAntes de pensar em reformas car\u00edssimas que exigem revolvimento de solo, foque na recupera\u00e7\u00e3o e manuten\u00e7\u00e3o\u201d, afirmou o agr\u00f4nomo. Aplicar fertilizantes no momento certo economiza recursos e mant\u00e9m a produtividade.<\/p>\n<ul class=\"wp-block-list\">\n<li><em>Veja em primeira m\u00e3o tudo sobre agricultura, pecu\u00e1ria, economia e previs\u00e3o do tempo:<\/em><a href=\"https:\/\/news.google.com\/publications\/CAAqBwgKMPKZlQswq_mqAw?hl=pt-BR&amp;gl=BR&amp;ceid=BR%3Apt-419\"> <em>siga o Canal Rural no Google News!<\/em><\/a><\/li>\n<\/ul>\n<h2 class=\"wp-block-heading\" id=\"h-a-importancia-do-monitoramento\">A import\u00e2ncia do monitoramento<\/h2>\n<p>Vale lembrar que o planejamento deve estar atrelado ao desempenho animal. Sem o uso de balan\u00e7as para medir o Ganho M\u00e9dio Di\u00e1rio (GMD), o produtor trabalha no \u201cachismo\u201d e perde a chance de ajustar o manejo.<\/p>\n<p>O planejamento forrageiro eficiente para o per\u00edodo seco come\u00e7a agora, enquanto ainda h\u00e1 umidade no solo. Em 2026, a pecu\u00e1ria competitiva est\u00e1 intrinsecamente ligada \u00e0 integra\u00e7\u00e3o e \u00e0 sa\u00fade do solo.<\/p>\n<h2 class=\"wp-block-heading\" id=\"h-o-gado-e-a-terminacao-no-pasto\">O gado e a termina\u00e7\u00e3o no pasto<\/h2>\n<p>Com cercas el\u00e9tricas e balan\u00e7as eletr\u00f4nicas acess\u00edveis, a efici\u00eancia no pasto \u00e9 obrigat\u00f3ria. Uma pastagem bem cuidada reduz a depend\u00eancia de gr\u00e3os caros e garante que o boi se pague no pasto. Como resume o agr\u00f4nomo: \u201cO gado faz a termina\u00e7\u00e3o no pasto. Se faltar fibra de qualidade, sua margem vai embora\u201d.<\/p>\n<p>Com informa\u00e7\u00f5es de: <a href=\"https:\/\/girodoboi.canalrural.com.br\/pecuaria\/planejamento-forrageiro-por-que-a-hora-de-investir-no-pasto-e-agora\/\" rel=\"nofollow\">girodoboi.canalrural.com.br<\/a>.<\/p>\n<p>Publicado com aux\u00edlio de intelig\u00eancia artificial e revis\u00e3o da Reda\u00e7\u00e3o Canal Rural.<\/p>\n<p>O post <a href=\"https:\/\/www.canalrural.com.br\/pecuaria\/planejamento-forrageiro-momento-de-organizar-o-pasto-e-agora-diz-especialista\/\">Planejamento forrageiro: momento de organizar o pasto \u00e9 agora, diz especialista<\/a> apareceu primeiro em <a href=\"https:\/\/www.canalrural.com.br\">Canal Rural<\/a>.<\/p>\n<p><br \/>\n<br \/><a href=\"https:\/\/www.canalrural.com.br\/pecuaria\/planejamento-forrageiro-momento-de-organizar-o-pasto-e-agora-diz-especialista\/\">Source link <\/a><\/p>\n","protected":false},"excerpt":{"rendered":"<p>Foto: Reprodu\u00e7\u00e3o\/Giro do Boi. As proje\u00e7\u00f5es para o mercado da pecu\u00e1ria em 2026 indicam um cen\u00e1rio de oportunidades raras. No<\/p>\n","protected":false},"author":1,"featured_media":27566,"comment_status":"open","ping_status":"open","sticky":false,"template":"","format":"standard","meta":{"_monsterinsights_skip_tracking":false,"_monsterinsights_sitenote_active":false,"_monsterinsights_sitenote_note":"","_monsterinsights_sitenote_category":0,"_uf_show_specific_survey":0,"_uf_disable_surveys":false,"footnotes":""},"categories":[1],"tags":[],"class_list":["post-27565","post","type-post","status-publish","format-standard","has-post-thumbnail","hentry","category-news"],"_links":{"self":[{"href":"https:\/\/agromt.news\/index.php?rest_route=\/wp\/v2\/posts\/27565"}],"collection":[{"href":"https:\/\/agromt.news\/index.php?rest_route=\/wp\/v2\/posts"}],"about":[{"href":"https:\/\/agromt.news\/index.php?rest_route=\/wp\/v2\/types\/post"}],"author":[{"embeddable":true,"href":"https:\/\/agromt.news\/index.php?rest_route=\/wp\/v2\/users\/1"}],"replies":[{"embeddable":true,"href":"https:\/\/agromt.news\/index.php?rest_route=%2Fwp%2Fv2%2Fcomments&post=27565"}],"version-history":[{"count":0,"href":"https:\/\/agromt.news\/index.php?rest_route=\/wp\/v2\/posts\/27565\/revisions"}],"wp:featuredmedia":[{"embeddable":true,"href":"https:\/\/agromt.news\/index.php?rest_route=\/wp\/v2\/media\/27566"}],"wp:attachment":[{"href":"https:\/\/agromt.news\/index.php?rest_route=%2Fwp%2Fv2%2Fmedia&parent=27565"}],"wp:term":[{"taxonomy":"category","embeddable":true,"href":"https:\/\/agromt.news\/index.php?rest_route=%2Fwp%2Fv2%2Fcategories&post=27565"},{"taxonomy":"post_tag","embeddable":true,"href":"https:\/\/agromt.news\/index.php?rest_route=%2Fwp%2Fv2%2Ftags&post=27565"}],"curies":[{"name":"wp","href":"https:\/\/api.w.org\/{rel}","templated":true}]}}