{"id":27564,"date":"2026-03-12T15:51:04","date_gmt":"2026-03-12T19:51:04","guid":{"rendered":"https:\/\/agromt.news\/?p=27564"},"modified":"2026-03-12T15:51:04","modified_gmt":"2026-03-12T19:51:04","slug":"favaro-faz-duras-criticas-a-cargill-apos-suspensao-de-envio-de-soja-a-china","status":"publish","type":"post","link":"https:\/\/agromt.news\/?p=27564","title":{"rendered":"F\u00e1varo faz duras cr\u00edticas \u00e0 Cargill ap\u00f3s suspens\u00e3o de envio de soja \u00e0 China"},"content":{"rendered":"<p> <br \/>\n<\/p>\n<div>\n<figure><img decoding=\"async\" src=\"https:\/\/agromt.news\/wp-content\/uploads\/2025\/12\/Plano-Clima-foi-elaborado-em-alinhamento-com-o-agro-diz.png\" alt=\"Ministro F\u00e1varo\" \/><figcaption>Foto: divulga\u00e7\u00e3o\/ Ag\u00eancia Gov<\/figcaption><\/figure>\n<\/div>\n<p>Em entrevista exclusiva \u00e0 <strong><a href=\"https:\/\/www.cnnbrasil.com.br\/agro\/exclusivo-favaro-critica-cargill-por-suspensao-de-soja-a-china\/\">CNN Agro<\/a><\/strong>, o ministro da Agricultura e Pecu\u00e1ria <strong><a href=\"https:\/\/www.canalrural.com.br\/tag\/mapa\/\">(Mapa)<\/a><\/strong>, Carlos F\u00e1varo, criticou a postura da Cargill ap\u00f3s a empresa suspender temporariamente exporta\u00e7\u00f5es de soja brasileira para a China.<\/p>\n<p>A empresa alega que tomou a decis\u00e3o ap\u00f3s mudan\u00e7as na inspe\u00e7\u00e3o fitossanit\u00e1ria adotadas pela pasta. De acordo com o presidente da companhia no Brasil e do Neg\u00f3cio Agr\u00edcola na Am\u00e9rica Latina, Paulo Sousa, o Mapa passou a adotar uma fiscaliza\u00e7\u00e3o mais rigorosa para cargas destinadas ao mercado do gigante asi\u00e1tico ap\u00f3s solicita\u00e7\u00e3o do pr\u00f3prio governo chin\u00eas.<\/p>\n<p>Segundo o executivo, a nova metodologia tem dificultado o cumprimento das normas pelos comerciantes e a obten\u00e7\u00e3o da autoriza\u00e7\u00e3o necess\u00e1ria para o embarque da soja. <\/p>\n<p>Contudo, na entrevista, F\u00e1varo afirmou que a Cargill n\u00e3o foi correta ao atribuir a situa\u00e7\u00e3o a mudan\u00e7as de procedimento do Minist\u00e9rio da Agricultura. O ministro afirmou que \u201cn\u00e3o ir\u00e1 precarizar o sistema sanit\u00e1rio brasileiro\u201d por uma postura empresarial, que classificou como \u201cirrespons\u00e1vel\u201d.<\/p>\n<p>De acordo com ele, a soja \u00e9 o segundo maior produto da balan\u00e7a comercial brasileira e, al\u00e9m de estar no padr\u00e3o, precisa cumprir os protocolos fitossanit\u00e1rios estabelecidos no com\u00e9rcio global. <\/p>\n<h2 class=\"wp-block-heading\" id=\"h-empresa-mentiu\">&#8216;Empresa mentiu&#8217;<\/h2>\n<p>\u00c0 CNN Agro, F\u00e1varo ressalta que n\u00e3o gostou da postura da Cargill quando diz que o Minist\u00e9rio da Agricultura muda os procedimentos. &#8220;Isso \u00e9 mentira. [A Cargill] sabe muito bem que h\u00e1 algum tempo o governo chin\u00eas reclama de que h\u00e1 algumas cargas de soja brasileira chegando sem o cumprimento do protocolo&#8221;, ressalta.<\/p>\n<p>Para o ministro, o cumprimento do protocolo sanit\u00e1rio \u00e9 imprescind\u00edvel, especialmente em rela\u00e7\u00e3o \u00e0 presen\u00e7a de sementes de ervas daninhas proibidas pelo pa\u00eds importador. \u201cExiste um protocolo sanit\u00e1rio que restringe sementes de ervas daninhas que n\u00e3o existem do lado comprador. O Brasil se tornou refer\u00eancia mundial no com\u00e9rcio agro pela excel\u00eancia do seu sistema sanit\u00e1rio\u201d, afirmou.<\/p>\n<ul class=\"wp-block-list\">\n<li><em>Veja em primeira m\u00e3o tudo sobre agricultura, pecu\u00e1ria, economia e previs\u00e3o do tempo:<\/em><a href=\"https:\/\/news.google.com\/publications\/CAAqBwgKMPKZlQswq_mqAw?hl=pt-BR&amp;gl=BR&amp;ceid=BR%3Apt-419\" target=\"_blank\" rel=\"noreferrer noopener\">\u00a0<em>siga o Canal Rural no Google News!<\/em><\/a><\/li>\n<\/ul>\n<p>Segundo F\u00e1varo, o padr\u00e3o da soja brasileira tem sido cumprido com excel\u00eancia, mas recentemente identificou-se 19 navios carregados com soja com sementes com ervas daninhas, o que n\u00e3o prejudica o padr\u00e3o de qualidade, mas descumpre o protocolo fitossanit\u00e1rio acordado com a China.<\/p>\n<h2 class=\"wp-block-heading\" id=\"h-faltou-responsabilidade\">&#8216;Faltou responsabilidade&#8217;<\/h2>\n<p>O ministro afirmou que a solu\u00e7\u00e3o para o impasse de novo padr\u00e3o sanit\u00e1rio passa por negocia\u00e7\u00f5es entre exportadores e compradores, al\u00e9m de di\u00e1logo entre os governos dos dois pa\u00edses sobre eventuais ajustes no protocolo. <\/p>\n<p>&#8220;Compradores e vendedores brasileiros e chineses precisam intensificar as negocia\u00e7\u00f5es, e os dois governos podem discutir eventuais ajustes no protocolo, como alguma toler\u00e2ncia. Isso faz parte do jogo\u201d, detalhou \u00e0 CNN Agro.<\/p>\n<p>\u201cA Cargill deveria ser mais respons\u00e1vel. A postura da empresa n\u00e3o foi leg\u00edtima. O que precisa ser feito \u00e9 ajustar a limpeza da soja brasileira\u201d, refor\u00e7ou o ministro.<\/p>\n<p>O titular do Mapa tamb\u00e9m fez quest\u00e3o de ressaltar que n\u00e3o h\u00e1 questionamentos sobre a qualidade comercial da soja brasileira. Ele lembrou que o produto atende aos padr\u00f5es internacionais de classifica\u00e7\u00e3o, como limites de impurezas, gr\u00e3os avariados e umidade.<\/p>\n<p>\u201cN\u00e3o existe problema com a qualidade da soja brasileira no padr\u00e3o comercial. O padr\u00e3o \u00e9 1, 8, 14 \u2014 com toler\u00e2ncia de 1% de impurezas, 8% de avariados e at\u00e9 cerca de 13% de umidade, dependendo do pa\u00eds \u2014 e isso est\u00e1 sendo cumprido\u201d, destacou.<\/p>\n<h2 class=\"wp-block-heading\" id=\"h-repercussao\">Repercuss\u00e3o<\/h2>\n<p>A Cargill destacou que, diante das dificuldades para enviar o produto ao principal comprador mundial da oleaginosa, tamb\u00e9m suspendeu temporariamente a compra de soja no mercado brasileiro.<\/p>\n<p>Em nota conjunta, a Associa\u00e7\u00e3o Brasileira das Ind\u00fastrias de \u00d3leos Vegetais (Abiove) e a Associa\u00e7\u00e3o Nacional dos Exportadores de Cereais (Anec) ressaltaram que acompanham o assunto de forma atenta e com preocupa\u00e7\u00e3o. <\/p>\n<p>Diante do cen\u00e1rio, ambas reafirmam que seguem atuando de forma colaborativa e mantendo di\u00e1logo constante com as autoridades competentes e com as demais entidades da cadeia produtiva para buscar solu\u00e7\u00f5es que garantam a fluidez do com\u00e9rcio, a previsibilidade das opera\u00e7\u00f5es, prezando pela seguran\u00e7a jur\u00eddica e fortalecimento das rela\u00e7\u00f5es comerciais internacionais e pela garantia dos requisitos de fitossanidade.<\/p>\n<p>&#8220;A suspens\u00e3o de compras por parte de uma trading desse porte reduz a demanda por soja no interior e nos portos, o que pode pressionar os pr\u00eamios de exporta\u00e7\u00e3o e os pre\u00e7os pagos ao produtor, justamente em um per\u00edodo em que a colheita avan\u00e7a no pa\u00eds e a oferta interna aumenta rapidamente&#8221;, dizem as entidades em nota conjunta.<\/p>\n<p>Para o consultor de agroneg\u00f3cio Carlos Cogo, na pr\u00e1tica, quando uma grande exportadora interrompe as compras, h\u00e1 menos compradores disputando a soja no mercado, o que diminui a demanda imediata pelo gr\u00e3o. Com mais oferta chegando da colheita e menos empresas comprando, os pre\u00e7os tendem a ficar pressionados.<\/p>\n<p>Apesar disso, o especialista avalia que o impasse deve ser tempor\u00e1rio. \u201cHistoricamente, esse tipo de quest\u00e3o t\u00e9cnica costuma ser resolvido por meio de ajustes operacionais e negocia\u00e7\u00f5es entre autoridades sanit\u00e1rias, governo brasileiro e tradings exportadoras. Por isso, a tend\u00eancia mais prov\u00e1vel \u00e9 que a suspens\u00e3o tenha car\u00e1ter pontual, limitada a dias ou poucas semanas, at\u00e9 que os protocolos de inspe\u00e7\u00e3o sejam alinhados\u201d, avalia.<\/p>\n<\/p>\n<p>O post <a href=\"https:\/\/www.canalrural.com.br\/agricultura\/favaro-faz-duras-criticas-a-cargill-apos-suspensao-de-envio-de-soja-a-china\/\">F\u00e1varo faz duras cr\u00edticas \u00e0 Cargill ap\u00f3s suspens\u00e3o de envio de soja \u00e0 China<\/a> apareceu primeiro em <a href=\"https:\/\/www.canalrural.com.br\">Canal Rural<\/a>.<\/p>\n<p><br \/>\n<br \/><a href=\"https:\/\/www.canalrural.com.br\/agricultura\/favaro-faz-duras-criticas-a-cargill-apos-suspensao-de-envio-de-soja-a-china\/\">Source link <\/a><\/p>\n","protected":false},"excerpt":{"rendered":"<p>Foto: divulga\u00e7\u00e3o\/ Ag\u00eancia Gov Em entrevista exclusiva \u00e0 CNN Agro, o ministro da Agricultura e Pecu\u00e1ria (Mapa), Carlos F\u00e1varo, criticou<\/p>\n","protected":false},"author":1,"featured_media":25712,"comment_status":"open","ping_status":"open","sticky":false,"template":"","format":"standard","meta":{"_monsterinsights_skip_tracking":false,"_monsterinsights_sitenote_active":false,"_monsterinsights_sitenote_note":"","_monsterinsights_sitenote_category":0,"_uf_show_specific_survey":0,"_uf_disable_surveys":false,"footnotes":""},"categories":[1],"tags":[],"class_list":["post-27564","post","type-post","status-publish","format-standard","has-post-thumbnail","hentry","category-news"],"_links":{"self":[{"href":"https:\/\/agromt.news\/index.php?rest_route=\/wp\/v2\/posts\/27564"}],"collection":[{"href":"https:\/\/agromt.news\/index.php?rest_route=\/wp\/v2\/posts"}],"about":[{"href":"https:\/\/agromt.news\/index.php?rest_route=\/wp\/v2\/types\/post"}],"author":[{"embeddable":true,"href":"https:\/\/agromt.news\/index.php?rest_route=\/wp\/v2\/users\/1"}],"replies":[{"embeddable":true,"href":"https:\/\/agromt.news\/index.php?rest_route=%2Fwp%2Fv2%2Fcomments&post=27564"}],"version-history":[{"count":0,"href":"https:\/\/agromt.news\/index.php?rest_route=\/wp\/v2\/posts\/27564\/revisions"}],"wp:featuredmedia":[{"embeddable":true,"href":"https:\/\/agromt.news\/index.php?rest_route=\/wp\/v2\/media\/25712"}],"wp:attachment":[{"href":"https:\/\/agromt.news\/index.php?rest_route=%2Fwp%2Fv2%2Fmedia&parent=27564"}],"wp:term":[{"taxonomy":"category","embeddable":true,"href":"https:\/\/agromt.news\/index.php?rest_route=%2Fwp%2Fv2%2Fcategories&post=27564"},{"taxonomy":"post_tag","embeddable":true,"href":"https:\/\/agromt.news\/index.php?rest_route=%2Fwp%2Fv2%2Ftags&post=27564"}],"curies":[{"name":"wp","href":"https:\/\/api.w.org\/{rel}","templated":true}]}}