{"id":27553,"date":"2026-03-12T14:26:03","date_gmt":"2026-03-12T18:26:03","guid":{"rendered":"https:\/\/agromt.news\/?p=27553"},"modified":"2026-03-12T14:26:03","modified_gmt":"2026-03-12T18:26:03","slug":"nao-tem-botao-na-plantacao-norma-sobre-padrao-do-morango-gera-duvidas-entre-produtores","status":"publish","type":"post","link":"https:\/\/agromt.news\/?p=27553","title":{"rendered":"\u2018N\u00e3o tem bot\u00e3o na planta\u00e7\u00e3o\u2019: norma sobre padr\u00e3o do morango gera d\u00favidas entre produtores"},"content":{"rendered":"<p> <br \/>\n<\/p>\n<div>\n<figure><img decoding=\"async\" src=\"https:\/\/agromt.news\/wp-content\/uploads\/2025\/08\/morangos-colheita-piracaia.jpeg\" alt=\"morangos em cestos\" \/><figcaption>Foto: arquivo pessoal | Diego Amaral<\/figcaption><\/figure>\n<\/div>\n<p>Produtores de morango est\u00e3o preocupados com mudan\u00e7as recentes sobre padr\u00f5es de identidade e qualidade da fruta in natura. Os temores decorrem de uma nova norma que estabelece crit\u00e9rios para produ\u00e7\u00e3o, classifica\u00e7\u00e3o, embalagem e rotulagem do morango comercializado no pa\u00eds.<\/p>\n<p>A <a href=\"https:\/\/in.gov.br\/en\/web\/dou\/-\/portaria-mapa-n-886-de-20-de-fevereiro-de-2026-688408488\">Portaria n\u00ba 886<\/a> do Minist\u00e9rio da Agricultura e Pecu\u00e1ria <a href=\"https:\/\/www.canalrural.com.br\/tag\/mapa\/\">(Mapa)<\/a> foi publicada no fim de fevereiro e internaliza um regulamento t\u00e9cnico estabelecido pelo Mercosul. A defini\u00e7\u00e3o ocorre em meio ao acordo do bloco com a Uni\u00e3o Europeia, que deve ser oficializado em breve.<\/p>\n<ul class=\"wp-block-list\">\n<li><em>Veja em primeira m\u00e3o tudo sobre agricultura, pecu\u00e1ria, economia e previs\u00e3o do tempo: <\/em><a href=\"https:\/\/news.google.com\/publications\/CAAqBwgKMPKZlQswq_mqAw?hl=pt-BR&amp;gl=BR&amp;ceid=BR%3Apt-419\"><em>siga o Canal Rural no Google News!<\/em><\/a><\/li>\n<\/ul>\n<p>Segundo a pasta, o objetivo do regulamento \u00e9 padronizar a classifica\u00e7\u00e3o do morango, facilitar a comercializa\u00e7\u00e3o no Mercosul e garantir mais transpar\u00eancia na identifica\u00e7\u00e3o do produto ao consumidor.<\/p>\n<p>Nas redes sociais, uma agricultora do munic\u00edpio de Curitibanos (SC) questionou a aplica\u00e7\u00e3o pr\u00e1tica das novas regras. Segundo Karine Duarte Rosa Fran\u00e7a, a planta\u00e7\u00e3o &#8220;n\u00e3o tem bot\u00e3o&#8221; para definir o tamanho e apar\u00eancia ideais dos morangos. Ela tamb\u00e9m fez um alerta sobre o futuro da atividade diante da portaria.<\/p>\n<p>\u201cSe continuar desse jeito, muitos produtores v\u00e3o ter que parar de plantar morango. N\u00e3o tem como cumprir e continuar no mercado\u201d, diz. O v\u00eddeo do desabafo soma mais de 137 mil visualiza\u00e7\u00f5es no Instagram.<\/p>\n<figure class=\"wp-block-embed is-type-rich is-provider-instagram wp-block-embed-instagram\">\n<div class=\"wp-block-embed__wrapper\"><\/div>\n<\/figure>\n<h3 class=\"wp-block-heading\" id=\"h-o-que-diz-a-portaria\">O que diz a portaria<\/h3>\n<p>Pela norma, o morango passa a ter crit\u00e9rios espec\u00edficos de classifica\u00e7\u00e3o por tamanho e qualidade. Os frutos devem ser separados em tr\u00eas calibres, de acordo com o di\u00e2metro: menor que 20 mil\u00edmetros, entre 20 e 30 mil\u00edmetros e acima de 30 mil\u00edmetros.<\/p>\n<p>Al\u00e9m disso, a regulamenta\u00e7\u00e3o estabelece limites de toler\u00e2ncia para defeitos nas frutas. Entre os considerados graves est\u00e3o podrid\u00e3o, fruta passada ou imatura. J\u00e1 defeitos leves incluem aus\u00eancia do c\u00e1lice, falta do ped\u00fanculo ou deforma\u00e7\u00f5es no formato.<\/p>\n<p>A regra tamb\u00e9m determina padr\u00f5es para embalagem, acondicionamento e rotulagem, com identifica\u00e7\u00e3o do lote, categoria, calibre e origem do produto.<\/p>\n<h3 class=\"wp-block-heading\" id=\"h-parlamentares-pleiteiam-suspensao-das-normas\">Parlamentares pleiteiam suspens\u00e3o das normas<\/h3>\n<p>O deputado federal Pezenti (MDB-SC) apresentou um Projeto de Decreto Legislativo (PDL) para suspender os efeitos da portaria do Mapa. Na avalia\u00e7\u00e3o do parlamentar, a medida pode inviabilizar a atividade para pequenos produtores, principalmente da <a href=\"https:\/\/www.canalrural.com.br\/tag\/agricultura-familiar\/\">agricultura familiar<\/a>.<\/p>\n<p>Na mesma linha, a deputada federal Daniela Reinehr (PL-SC) tamb\u00e9m protocolou um PDL na C\u00e2mara dos Deputados. <\/p>\n<p>Santa Catarina \u00e9 o sexto maior produtor de morangos do pa\u00eds e se destaca pelo uso de tecnologia, uma vez que a maior parte do cultivo \u00e9 semi-hidrop\u00f4nico. Al\u00e9m de reduzir pragas, o sistema facilita o manejo e garante frutos de qualidade.<\/p>\n<p>O post <a href=\"https:\/\/www.canalrural.com.br\/agricultura\/nao-tem-botao-na-plantacao-norma-sobre-padrao-do-morango-gera-duvidas-entre-produtores\/\">&#8216;N\u00e3o tem bot\u00e3o na planta\u00e7\u00e3o&#8217;: norma sobre padr\u00e3o do morango gera d\u00favidas entre produtores<\/a> apareceu primeiro em <a href=\"https:\/\/www.canalrural.com.br\">Canal Rural<\/a>.<\/p>\n<p><br \/>\n<br \/><a href=\"https:\/\/www.canalrural.com.br\/agricultura\/nao-tem-botao-na-plantacao-norma-sobre-padrao-do-morango-gera-duvidas-entre-produtores\/\">Source link <\/a><\/p>\n","protected":false},"excerpt":{"rendered":"<p>Foto: arquivo pessoal | Diego Amaral Produtores de morango est\u00e3o preocupados com mudan\u00e7as recentes sobre padr\u00f5es de identidade e qualidade<\/p>\n","protected":false},"author":1,"featured_media":27554,"comment_status":"open","ping_status":"open","sticky":false,"template":"","format":"standard","meta":{"_monsterinsights_skip_tracking":false,"_monsterinsights_sitenote_active":false,"_monsterinsights_sitenote_note":"","_monsterinsights_sitenote_category":0,"_uf_show_specific_survey":0,"_uf_disable_surveys":false,"footnotes":""},"categories":[1],"tags":[],"class_list":["post-27553","post","type-post","status-publish","format-standard","has-post-thumbnail","hentry","category-news"],"_links":{"self":[{"href":"https:\/\/agromt.news\/index.php?rest_route=\/wp\/v2\/posts\/27553"}],"collection":[{"href":"https:\/\/agromt.news\/index.php?rest_route=\/wp\/v2\/posts"}],"about":[{"href":"https:\/\/agromt.news\/index.php?rest_route=\/wp\/v2\/types\/post"}],"author":[{"embeddable":true,"href":"https:\/\/agromt.news\/index.php?rest_route=\/wp\/v2\/users\/1"}],"replies":[{"embeddable":true,"href":"https:\/\/agromt.news\/index.php?rest_route=%2Fwp%2Fv2%2Fcomments&post=27553"}],"version-history":[{"count":0,"href":"https:\/\/agromt.news\/index.php?rest_route=\/wp\/v2\/posts\/27553\/revisions"}],"wp:featuredmedia":[{"embeddable":true,"href":"https:\/\/agromt.news\/index.php?rest_route=\/wp\/v2\/media\/27554"}],"wp:attachment":[{"href":"https:\/\/agromt.news\/index.php?rest_route=%2Fwp%2Fv2%2Fmedia&parent=27553"}],"wp:term":[{"taxonomy":"category","embeddable":true,"href":"https:\/\/agromt.news\/index.php?rest_route=%2Fwp%2Fv2%2Fcategories&post=27553"},{"taxonomy":"post_tag","embeddable":true,"href":"https:\/\/agromt.news\/index.php?rest_route=%2Fwp%2Fv2%2Ftags&post=27553"}],"curies":[{"name":"wp","href":"https:\/\/api.w.org\/{rel}","templated":true}]}}