{"id":27547,"date":"2026-03-12T13:11:56","date_gmt":"2026-03-12T17:11:56","guid":{"rendered":"https:\/\/agromt.news\/?p=27547"},"modified":"2026-03-12T13:11:56","modified_gmt":"2026-03-12T17:11:56","slug":"safra-26-27-de-algodao-comeca-com-atraso-no-mato-grosso","status":"publish","type":"post","link":"https:\/\/agromt.news\/?p=27547","title":{"rendered":"Safra 26\/27 de algod\u00e3o come\u00e7a com atraso no Mato Grosso"},"content":{"rendered":"<p> <br \/>\n<\/p>\n<div>\n<div class=\"row\">\n<div class=\"col-lg col-infos mt-0 mt-lg-0\">\n<div class=\"section-sub-title\">\n<p itemprop=\"description\">&#13;<br \/>\n                                A comercializa\u00e7\u00e3o do algod\u00e3o em Mato Grosso apresentou avan\u00e7o nos \u00faltimos meses, segu&#13;\n                            <\/p>\n<\/p><\/div>\n<div class=\"container\">\n<div class=\"row\">\n<div class=\"col-lg p-0\">\n<div>\n<div class=\"block-news-main-infos mt-3 text-start\">\n<p>                                            <strong class=\"fn\" itemprop=\"author\" style=\"color: rgb(112, 112, 112); \">&#13;<br \/>\n                                                <a href=\"https:\/\/www.agrolink.com.br\/noticias\/javascript:;\" class=\"text-uppercase\" target=\"_blank\" style=\"color: rgb(112, 112, 112); \" rel=\"noopener\">Agrolink<\/a>&#13;<br \/>\n&#13;<br \/>\n                                                    &#8211; Seane Lennon&#13;<br \/>\n&#13;<br \/>\n                                            <\/strong><br \/>\n                                        <\/p>\n<p>                                            <abbr><time datetime=\"2026 - 03 - 11T12:28\" itemprop=\"datePublished dateModified\"> Publicado em 11\/03\/2026 \u00e0s 12:28h.<\/time><\/abbr>\n                                    <\/div>\n<\/p><\/div>\n<\/p><\/div>\n<div class=\"col-lg p-0 text-lg-end\">\n<div>\n<div id=\"mdEnviarPagina\" class=\"modal fade\" role=\"dialog\">\n<div class=\"modal-dialog\">\n<div class=\"modal-content\">\n<div class=\"modal-body\">\n<p><strong>Estimado usu\u00e1rio.<\/strong><br \/>Preencha o formul\u00e1rio abaixo para remeter a p\u00e1gina.<\/p>\n<\/p><\/div>\n<\/p><\/div>\n<\/p><\/div>\n<\/div><\/div>\n<\/p><\/div>\n<\/p><\/div>\n<\/p><\/div>\n<\/p><\/div>\n<\/p><\/div>\n<div class=\"row justify-content-md-center mt-3\">\n<div class=\"col-lg-auto col-image block-news-main-image\">\n<p>                                <img decoding=\"async\" src=\"https:\/\/www.agrolink.com.br\/upload\/imagens-resizes\/2b2fd26a2d36455794b010281163e706_858x483.jpg\" class=\"lazyload img-fluid\"\/><br \/>\n                                                <span class=\"publicity-photo d-block mt-1\">Foto: Canva<\/span><\/p><\/div>\n<\/p><\/div>\n<div class=\"section-description section-description-noticias mt-3\">\n<p style=\"text-align:justify\">A comercializa\u00e7\u00e3o do algod\u00e3o em Mato Grosso apresentou avan\u00e7o nos \u00faltimos meses, segundo an\u00e1lise divulgada na segunda-feira (9) pelo Instituto Mato-Grossense de Economia Agropecu\u00e1ria (Imea). O instituto informou que publicou novo relat\u00f3rio sobre o andamento das vendas da fibra no estado.&#13;\n<\/p>\n<p style=\"text-align:justify\">De acordo com o levantamento do Instituto Mato-Grossense de Economia Agropecu\u00e1ria, a intensifica\u00e7\u00e3o das vendas aproximou o ritmo de comercializa\u00e7\u00e3o das m\u00e9dias hist\u00f3ricas. Segundo a an\u00e1lise, \u201cas negocia\u00e7\u00f5es da safra 25\/26 avan\u00e7aram 3,74 pontos percentuais em rela\u00e7\u00e3o a jan\/26, atingindo 58,55% at\u00e9 fev\/26\u201d, \u00edndice que permanece 0,50 ponto percentual abaixo da m\u00e9dia das \u00faltimas cinco safras. O relat\u00f3rio destaca que \u201cessa diferen\u00e7a chegou a ser de 13,56 pontos percentuais em nov\/25\u201d.<\/p>\n<p style=\"text-align:justify\">O instituto explica que o movimento est\u00e1 relacionado \u00e0 maior defini\u00e7\u00e3o sobre a \u00e1rea cultivada, ap\u00f3s a conclus\u00e3o da semeadura. Conforme o relat\u00f3rio, \u201co cen\u00e1rio est\u00e1 ligado \u00e0 maior seguran\u00e7a em rela\u00e7\u00e3o ao que de fato ser\u00e1 cultivado no ciclo\u201d. A an\u00e1lise acrescenta que os produtores t\u00eam aproveitado momentos espec\u00edficos do mercado para fechar contratos, buscando cota\u00e7\u00f5es consideradas mais atrativas.&#13;\n<\/p>\n<p style=\"text-align:justify\">Para a safra 2026\/27, o relat\u00f3rio aponta avan\u00e7o mensal de 2,08 pontos percentuais, com a comercializa\u00e7\u00e3o atingindo 7,43%. Segundo o Instituto Mato-Grossense de Economia Agropecu\u00e1ria, o volume ainda representa atraso de 2,66 pontos percentuais em rela\u00e7\u00e3o \u00e0 m\u00e9dia dos \u00faltimos cinco anos, \u201cmesmo com a comercializa\u00e7\u00e3o iniciando cinco meses ap\u00f3s o per\u00edodo de in\u00edcio da safra 22\/23, que foi a mais adiantada no comparativo\u201d.<\/p>\n<p style=\"text-align:justify\">O levantamento conclui que os cotonicultores devem continuar avan\u00e7ando nas vendas de forma gradual, acompanhando as condi\u00e7\u00f5es do mercado. Conforme a an\u00e1lise do Instituto Mato-Grossense de Economia Agropecu\u00e1ria, \u201cos produtores tendem a avan\u00e7ar de forma pontual, conforme as condi\u00e7\u00f5es de mercado\u201d.&#13;\n<\/p>\n<\/p><\/div>\n<\/p><\/div>\n<p><script data-cfasync=\"false\">\n    !function (f, b, e, v, n, t, s) {\n        if (f.fbq) return; n = f.fbq = function () {\n            n.callMethod ?\n                n.callMethod.apply(n, arguments) : n.queue.push(arguments)\n        };\n        if (!f._fbq) f._fbq = n; n.push = n; n.loaded = !0; n.version = '2.0';\n        n.queue = []; t = b.createElement(e); t.async = !0;\n        t.src = v; s = b.getElementsByTagName(e)[0];\n        s.parentNode.insertBefore(t, s)\n    }(window, document, 'script',\n        'https:\/\/connect.facebook.net\/en_US\/fbevents.js');\n    fbq('init', '522546078623747');\n    fbq('track', 'PageView');\n<\/script><br \/>\n<br \/><br \/>\n<br \/><a href=\"https:\/\/www.agrolink.com.br\/noticias\/safra-26-27-de-algodao-comeca-com-atraso-no-mato-grosso_511905.html\">Source link <\/a><\/p>\n","protected":false},"excerpt":{"rendered":"<p>&#13; A comercializa\u00e7\u00e3o do algod\u00e3o em Mato Grosso apresentou avan\u00e7o nos \u00faltimos meses, segu&#13; &#13; Agrolink&#13; &#13; &#8211; Seane Lennon&#13;<\/p>\n","protected":false},"author":1,"featured_media":4784,"comment_status":"open","ping_status":"open","sticky":false,"template":"","format":"standard","meta":{"_monsterinsights_skip_tracking":false,"_monsterinsights_sitenote_active":false,"_monsterinsights_sitenote_note":"","_monsterinsights_sitenote_category":0,"_uf_show_specific_survey":0,"_uf_disable_surveys":false,"footnotes":""},"categories":[8,1,14],"tags":[],"class_list":["post-27547","post","type-post","status-publish","format-standard","has-post-thumbnail","hentry","category-agro","category-news","category-politica-agro"],"_links":{"self":[{"href":"https:\/\/agromt.news\/index.php?rest_route=\/wp\/v2\/posts\/27547"}],"collection":[{"href":"https:\/\/agromt.news\/index.php?rest_route=\/wp\/v2\/posts"}],"about":[{"href":"https:\/\/agromt.news\/index.php?rest_route=\/wp\/v2\/types\/post"}],"author":[{"embeddable":true,"href":"https:\/\/agromt.news\/index.php?rest_route=\/wp\/v2\/users\/1"}],"replies":[{"embeddable":true,"href":"https:\/\/agromt.news\/index.php?rest_route=%2Fwp%2Fv2%2Fcomments&post=27547"}],"version-history":[{"count":0,"href":"https:\/\/agromt.news\/index.php?rest_route=\/wp\/v2\/posts\/27547\/revisions"}],"wp:featuredmedia":[{"embeddable":true,"href":"https:\/\/agromt.news\/index.php?rest_route=\/wp\/v2\/media\/4784"}],"wp:attachment":[{"href":"https:\/\/agromt.news\/index.php?rest_route=%2Fwp%2Fv2%2Fmedia&parent=27547"}],"wp:term":[{"taxonomy":"category","embeddable":true,"href":"https:\/\/agromt.news\/index.php?rest_route=%2Fwp%2Fv2%2Fcategories&post=27547"},{"taxonomy":"post_tag","embeddable":true,"href":"https:\/\/agromt.news\/index.php?rest_route=%2Fwp%2Fv2%2Ftags&post=27547"}],"curies":[{"name":"wp","href":"https:\/\/api.w.org\/{rel}","templated":true}]}}