{"id":27541,"date":"2026-03-12T11:16:03","date_gmt":"2026-03-12T15:16:03","guid":{"rendered":"https:\/\/agromt.news\/?p=27541"},"modified":"2026-03-12T11:16:03","modified_gmt":"2026-03-12T15:16:03","slug":"uba-tem-1a-morte-por-leptospirose-apos-enchentes","status":"publish","type":"post","link":"https:\/\/agromt.news\/?p=27541","title":{"rendered":"Ub\u00e1 tem 1\u00aa morte por leptospirose ap\u00f3s enchentes"},"content":{"rendered":"<p> <br \/>\n<\/p>\n<div>\n<div class=\"row\">\n<div class=\"col-lg col-infos mt-0 mt-lg-0\">\n<div class=\"section-sub-title\">\n<p itemprop=\"description\">&#13;<br \/>\n                                Ub\u00e1 registra primeira morte por leptospirose ap\u00f3s enchentes em Minas&#13;\n                            <\/p>\n<\/p><\/div>\n<div class=\"container\">\n<div class=\"row\">\n<div class=\"col-lg p-0 text-lg-end\">\n<div>\n<div id=\"mdEnviarPagina\" class=\"modal fade\" role=\"dialog\">\n<div class=\"modal-dialog\">\n<div class=\"modal-content\">\n<div class=\"modal-body\">\n<p><strong>Estimado usu\u00e1rio.<\/strong><br \/>Preencha o formul\u00e1rio abaixo para remeter a p\u00e1gina.<\/p>\n<\/p><\/div>\n<\/p><\/div>\n<\/p><\/div>\n<\/div><\/div>\n<\/p><\/div>\n<\/p><\/div>\n<\/p><\/div>\n<\/p><\/div>\n<\/p><\/div>\n<div class=\"row justify-content-md-center mt-3\">\n<div class=\"col-lg-auto col-image block-news-main-image\">\n<p>                                <img decoding=\"async\" src=\"https:\/\/www.agrolink.com.br\/upload\/imagens-resizes\/c0d3aea84ba24e64b1ae9e86086c112f_858x483.jpg\" class=\"lazyload img-fluid\"\/><br \/>\n                                                <span class=\"publicity-photo d-block mt-1\">Foto: Pixabay<\/span><\/p><\/div>\n<\/p><\/div>\n<div class=\"section-description section-description-noticias mt-3\">\n<p style=\"text-align:justify\">A Secretaria de Sa\u00fade de Ub\u00e1, munic\u00edpio mineiro fortemente atingido por chuvas e enchentes no fim de fevereiro, confirmou nesta quarta-feira (11) a primeira morte por leptospirose. A v\u00edtima era uma mulher com idade entre 30 e 35 anos.<\/p>\n<p style=\"text-align:justify\">De acordo com a secretaria, 41 casos suspeitos da doen\u00e7a foram notificados no munic\u00edpio e seguem em investiga\u00e7\u00e3o epidemiol\u00f3gica. As amostras foram enviadas para an\u00e1lise na Funda\u00e7\u00e3o Ezequiel Dias, em Belo Horizonte.<\/p>\n<p style=\"text-align:justify\">Nas redes sociais, a secretaria refor\u00e7ou que a leptospirose pode ser transmitida pelo contato com \u00e1gua ou lama contaminada pela urina de ratos, situa\u00e7\u00e3o comum ap\u00f3s enchentes. A orienta\u00e7\u00e3o \u00e9 que a popula\u00e7\u00e3o fique atenta aos seguintes sintomas:<\/p>\n<p style=\"text-align:justify\">Nesses casos, a recomenda\u00e7\u00e3o \u00e9 procurar uma unidade de sa\u00fade. \u201cSe houver agravamento, busque atendimento hospitalar imediato. As equipes de sa\u00fade seguem monitorando a situa\u00e7\u00e3o e intensificando as a\u00e7\u00f5es de preven\u00e7\u00e3o no munic\u00edpio\u201d.<\/p>\n<p style=\"text-align:justify\">As fortes chuvas que atingiram a Zona da Mata Mineira no final de fevereiro deixaram 72 mortos, ap\u00f3s v\u00e1rios deslizamentos de terra, desabamentos de pr\u00e9dios e transbordamento de rios. Foram\u00a065 mortes registradas em Juiz de Fora e sete de\u00a0Ub\u00e1,\u00a0al\u00e9m de milhares de moradores desalojados ou desabrigados.&#13;\n<\/p>\n<\/p><\/div>\n<\/p><\/div>\n<p><script data-cfasync=\"false\">\n    !function (f, b, e, v, n, t, s) {\n        if (f.fbq) return; n = f.fbq = function () {\n            n.callMethod ?\n                n.callMethod.apply(n, arguments) : n.queue.push(arguments)\n        };\n        if (!f._fbq) f._fbq = n; n.push = n; n.loaded = !0; n.version = '2.0';\n        n.queue = []; t = b.createElement(e); t.async = !0;\n        t.src = v; s = b.getElementsByTagName(e)[0];\n        s.parentNode.insertBefore(t, s)\n    }(window, document, 'script',\n        'https:\/\/connect.facebook.net\/en_US\/fbevents.js');\n    fbq('init', '522546078623747');\n    fbq('track', 'PageView');\n<\/script><br \/>\n<br \/><br \/>\n<br \/><a href=\"https:\/\/www.agrolink.com.br\/noticias\/apos-enchentes--uba-confirma-primeira-morte-por-leptospirose_511906.html\">Source link <\/a><\/p>\n","protected":false},"excerpt":{"rendered":"<p>&#13; Ub\u00e1 registra primeira morte por leptospirose ap\u00f3s enchentes em Minas&#13; Estimado usu\u00e1rio.Preencha o formul\u00e1rio abaixo para remeter a p\u00e1gina.<\/p>\n","protected":false},"author":1,"featured_media":5483,"comment_status":"open","ping_status":"open","sticky":false,"template":"","format":"standard","meta":{"_monsterinsights_skip_tracking":false,"_monsterinsights_sitenote_active":false,"_monsterinsights_sitenote_note":"","_monsterinsights_sitenote_category":0,"_uf_show_specific_survey":0,"_uf_disable_surveys":false,"footnotes":""},"categories":[8,1,14],"tags":[],"class_list":["post-27541","post","type-post","status-publish","format-standard","has-post-thumbnail","hentry","category-agro","category-news","category-politica-agro"],"_links":{"self":[{"href":"https:\/\/agromt.news\/index.php?rest_route=\/wp\/v2\/posts\/27541"}],"collection":[{"href":"https:\/\/agromt.news\/index.php?rest_route=\/wp\/v2\/posts"}],"about":[{"href":"https:\/\/agromt.news\/index.php?rest_route=\/wp\/v2\/types\/post"}],"author":[{"embeddable":true,"href":"https:\/\/agromt.news\/index.php?rest_route=\/wp\/v2\/users\/1"}],"replies":[{"embeddable":true,"href":"https:\/\/agromt.news\/index.php?rest_route=%2Fwp%2Fv2%2Fcomments&post=27541"}],"version-history":[{"count":0,"href":"https:\/\/agromt.news\/index.php?rest_route=\/wp\/v2\/posts\/27541\/revisions"}],"wp:featuredmedia":[{"embeddable":true,"href":"https:\/\/agromt.news\/index.php?rest_route=\/wp\/v2\/media\/5483"}],"wp:attachment":[{"href":"https:\/\/agromt.news\/index.php?rest_route=%2Fwp%2Fv2%2Fmedia&parent=27541"}],"wp:term":[{"taxonomy":"category","embeddable":true,"href":"https:\/\/agromt.news\/index.php?rest_route=%2Fwp%2Fv2%2Fcategories&post=27541"},{"taxonomy":"post_tag","embeddable":true,"href":"https:\/\/agromt.news\/index.php?rest_route=%2Fwp%2Fv2%2Ftags&post=27541"}],"curies":[{"name":"wp","href":"https:\/\/api.w.org\/{rel}","templated":true}]}}