{"id":27525,"date":"2026-03-12T07:26:03","date_gmt":"2026-03-12T11:26:03","guid":{"rendered":"https:\/\/agromt.news\/?p=27525"},"modified":"2026-03-12T07:26:03","modified_gmt":"2026-03-12T11:26:03","slug":"chuva-forte-e-temporais-colocam-algumas-regioes-em-alerta-nesta-quinta-feira","status":"publish","type":"post","link":"https:\/\/agromt.news\/?p=27525","title":{"rendered":"Chuva forte e temporais colocam algumas regi\u00f5es em alerta nesta quinta-feira"},"content":{"rendered":"<p> <br \/>\n<\/p>\n<div>\n<figure><img decoding=\"async\" src=\"https:\/\/agromt.news\/wp-content\/uploads\/2026\/03\/Chuva-forte-e-temporais-colocam-algumas-regioes-em-alerta-nesta.jpg\" alt=\"\" \/><\/figure>\n<\/div>\n<p>A circula\u00e7\u00e3o mar\u00edtima e sistemas atmosf\u00e9ricos provocam chuva desde as primeiras horas desta quinta-feira (12)  em diversas \u00e1reas do Brasil, com epis\u00f3dios de moderada a forte intensidade e risco de temporais isolados.<\/p>\n<h2 class=\"wp-block-heading\" id=\"h-sul\">Sul <\/h2>\n<p>No litoral do Rio Grande do Sul, a circula\u00e7\u00e3o mar\u00edtima traz chuva moderada a forte desde a madrugada, estendendo-se pela manh\u00e3; instabilidades tamb\u00e9m ocorrem na Serra e no nordeste ga\u00facho. No litoral do Paran\u00e1 e em pontos do litoral de Santa Catarina, os ventos mar\u00edtimos favorecem precipita\u00e7\u00f5es que ganham for\u00e7a ao longo do dia. No nordeste paranaense, um cavado em n\u00edveis m\u00e9dios e uma baixa press\u00e3o no interior mant\u00eam a instabilidade desde cedo. <\/p>\n<p>\u00c0 tarde, pancadas aumentam em PR, SC e na metade norte e litoral do RS, com chance de temporais no litoral paranaense, litoral norte e interior catarinense. A Campanha Ga\u00facha tem chuva fraca; nas demais \u00e1reas do RS o tempo fica mais firme, com sol entre nuvens. Temperaturas sobem na maior parte do RS e na faixa oeste de SC e PR. O mar segue agitado no litoral ga\u00facho e rajadas de 40\u201350 km\/h ocorrem no sul, sudeste e litoral do estado.<\/p>\n<h2 class=\"wp-block-heading\" id=\"h-sudeste\">Sudeste <\/h2>\n<p>Influ\u00eancia mar\u00edtima, cavados em n\u00edveis m\u00e9dios, conflu\u00eancia de ventos e aporte de umidade favorecem pancadas de chuva ao longo do dia. Forma\u00e7\u00e3o de nova baixa press\u00e3o entre os litorais de SP e RJ eleva a chance de chuva. Instabilidades moderadas a fortes ocorrem desde cedo em S\u00e3o Paulo, grande parte do Rio de Janeiro, sul\/oeste\/Tri\u00e2ngulo\/noroeste\/nordeste de Minas e parte do Esp\u00edrito Santo, com temporais pontuais. <\/p>\n<p>Alerta para acumulados elevados e situa\u00e7\u00e3o de perigo extremo na Serra Fluminense; risco de temporais em praticamente todo o estado paulista, no RJ, em grande parte do centro-sul e oeste mineiro, e no sul e litoral sul do ES. Nas \u00e1reas mais ao norte de MG o tempo fica mais firme. Temperaturas sobem no oeste\/noroeste de SP, Tri\u00e2ngulo Mineiro, leste e metade norte de MG e do ES. Mar agitado e rajadas at\u00e9 50 km\/h na Regi\u00e3o dos Lagos (RJ).<\/p>\n<p>Centro-Oeste Baixa press\u00e3o sobre o Paraguai mant\u00e9m instabilidades desde cedo no sudeste, leste, nordeste e noroeste do MS. Calor e umidade favorecem pancadas no norte e leste de GO e no norte, interior e sul do MT. \u00c0 tarde, as chuvas ganham for\u00e7a e ocorrem de forma moderada a forte em MT, GO e MS, com risco de temporais em grande parte do sul-mato-grossense, sul\/sudoeste e extremo norte de MT, e sul\/sudeste\/leste de GO. Tempo abafado na regi\u00e3o.<\/p>\n<h2 class=\"wp-block-heading\" id=\"h-nordeste\">Nordeste <\/h2>\n<p>A ZCIT contribui para instabilidades desde cedo na faixa litor\u00e2nea norte. Maranh\u00e3o, oeste do Piau\u00ed e sul da Bahia t\u00eam chance de chuva mais forte; no litoral leste as precipita\u00e7\u00f5es tendem a ser mais fracas por influ\u00eancia mar\u00edtima. Ao longo do dia, as pancadas aumentam no MA e permanecem no litoral norte da regi\u00e3o. Chuva mais intensa prevista para grande parte do Cear\u00e1, oeste e metade norte do Piau\u00ed, litoral do RN e da PB, e sul\/extremo sudoeste da BA. Faixa litor\u00e2nea de PE, SE e AL ter\u00e1 chuva moderada. Temperaturas sobem e a sensa\u00e7\u00e3o fica abafada; rajadas de 40\u201350 km\/h em pontos do litoral do MA, CE e RN.<\/p>\n<h2 class=\"wp-block-heading\" id=\"h-norte\">Norte <\/h2>\n<p>Instabilidades fortes desde o in\u00edcio do dia em grande parte de Roraima, interior\/oeste\/leste do Amazonas, grande parte do Tocantins e Par\u00e1, e pontos isolados de Rond\u00f4nia. A ZCIT mant\u00e9m o Amap\u00e1 e o litoral do Par\u00e1 inst\u00e1veis desde cedo. Durante o dia chove moderada a forte em AM, RO, AC, AP, TO, RR e PA, com destaque para temporais no Amap\u00e1, boa parte do Par\u00e1, leste do Amazonas e norte do Tocantins. Sensa\u00e7\u00e3o de abafamento na regi\u00e3o.<\/p>\n<p>O post <a href=\"https:\/\/www.canalrural.com.br\/previsao-do-tempo\/chuva-forte-e-temporais-colocam-algumas-regioes-em-alerta-nesta-quinta-feira\/\">Chuva forte e temporais colocam algumas regi\u00f5es em alerta nesta quinta-feira<\/a> apareceu primeiro em <a href=\"https:\/\/www.canalrural.com.br\">Canal Rural<\/a>.<\/p>\n<p><br \/>\n<br \/><a href=\"https:\/\/www.canalrural.com.br\/previsao-do-tempo\/chuva-forte-e-temporais-colocam-algumas-regioes-em-alerta-nesta-quinta-feira\/\">Source link <\/a><\/p>\n","protected":false},"excerpt":{"rendered":"<p>A circula\u00e7\u00e3o mar\u00edtima e sistemas atmosf\u00e9ricos provocam chuva desde as primeiras horas desta quinta-feira (12) em diversas \u00e1reas do Brasil,<\/p>\n","protected":false},"author":1,"featured_media":27526,"comment_status":"open","ping_status":"open","sticky":false,"template":"","format":"standard","meta":{"_monsterinsights_skip_tracking":false,"_monsterinsights_sitenote_active":false,"_monsterinsights_sitenote_note":"","_monsterinsights_sitenote_category":0,"_uf_show_specific_survey":0,"_uf_disable_surveys":false,"footnotes":""},"categories":[1],"tags":[],"class_list":["post-27525","post","type-post","status-publish","format-standard","has-post-thumbnail","hentry","category-news"],"_links":{"self":[{"href":"https:\/\/agromt.news\/index.php?rest_route=\/wp\/v2\/posts\/27525"}],"collection":[{"href":"https:\/\/agromt.news\/index.php?rest_route=\/wp\/v2\/posts"}],"about":[{"href":"https:\/\/agromt.news\/index.php?rest_route=\/wp\/v2\/types\/post"}],"author":[{"embeddable":true,"href":"https:\/\/agromt.news\/index.php?rest_route=\/wp\/v2\/users\/1"}],"replies":[{"embeddable":true,"href":"https:\/\/agromt.news\/index.php?rest_route=%2Fwp%2Fv2%2Fcomments&post=27525"}],"version-history":[{"count":0,"href":"https:\/\/agromt.news\/index.php?rest_route=\/wp\/v2\/posts\/27525\/revisions"}],"wp:featuredmedia":[{"embeddable":true,"href":"https:\/\/agromt.news\/index.php?rest_route=\/wp\/v2\/media\/27526"}],"wp:attachment":[{"href":"https:\/\/agromt.news\/index.php?rest_route=%2Fwp%2Fv2%2Fmedia&parent=27525"}],"wp:term":[{"taxonomy":"category","embeddable":true,"href":"https:\/\/agromt.news\/index.php?rest_route=%2Fwp%2Fv2%2Fcategories&post=27525"},{"taxonomy":"post_tag","embeddable":true,"href":"https:\/\/agromt.news\/index.php?rest_route=%2Fwp%2Fv2%2Ftags&post=27525"}],"curies":[{"name":"wp","href":"https:\/\/api.w.org\/{rel}","templated":true}]}}