{"id":27523,"date":"2026-03-12T07:22:59","date_gmt":"2026-03-12T11:22:59","guid":{"rendered":"https:\/\/agromt.news\/?p=27523"},"modified":"2026-03-12T07:22:59","modified_gmt":"2026-03-12T11:22:59","slug":"farsul-ve-avanco-em-negociacao-sobre-dividas-rurais","status":"publish","type":"post","link":"https:\/\/agromt.news\/?p=27523","title":{"rendered":"Farsul v\u00ea avan\u00e7o em negocia\u00e7\u00e3o sobre d\u00edvidas rurais"},"content":{"rendered":"<p> <br \/>\n<\/p>\n<div>\n<p style=\"text-align:justify\">O presidente da Federa\u00e7\u00e3o da Agricultura do Estado do Rio Grande do Sul (Farsul), Domingos Velho Lopes, afirmou que representantes do setor produtivo sa\u00edram otimistas de reuni\u00e3o realizada na resid\u00eancia oficial do presidente do Senado Federal, Davi Alcolumbre. A declara\u00e7\u00e3o foi feita em v\u00eddeo divulgado nas redes sociais, no qual o dirigente relatou o resultado do encontro com parlamentares e representantes do setor agropecu\u00e1rio.&#13;\n<\/p>\n<p style=\"text-align:justify\">Segundo Lopes, o presidente do Senado demonstrou conhecimento sobre o conte\u00fado do Projeto de Lei 5122\/2023, que trata da renegocia\u00e7\u00e3o de d\u00edvidas do setor rural. \u201cPela primeira vez, nossos produtores, nossos sindicatos, nossos presidentes e diretores do sistema Farsul sa\u00edmos extremamente otimistas. Primeiro, porque o presidente do Senado conhecia na \u00edntegra o 5122, toda a linha do tempo de como ele foi constru\u00eddo, a abrang\u00eancia, a quest\u00e3o do sistema financeiro e as demais d\u00edvidas, prazo, car\u00eancia e fundo social\u201d, afirmou.<\/p>\n<p style=\"text-align:justify\">O dirigente tamb\u00e9m disse que houve compromisso de buscar uma solu\u00e7\u00e3o para o endividamento no setor. De acordo com ele, \u201co presidente do Senado assumiu o compromisso conosco de, em dez dias, reunir os l\u00edderes das bancadas, o col\u00e9gio de l\u00edderes, junto com o governo, para ter uma solu\u00e7\u00e3o definitiva abrangendo todas as pontas do endividamento da agricultura familiar, dos m\u00e9dios e dos demais\u201d.<\/p>\n<p style=\"text-align:justify\">Ainda conforme o presidente da Federa\u00e7\u00e3o da Agricultura do Estado do Rio Grande do Sul, caso n\u00e3o haja acordo amplo com base no projeto, a proposta poder\u00e1 avan\u00e7ar no Congresso. \u201cCaso n\u00e3o saia essa solu\u00e7\u00e3o efetiva com toda essa abrang\u00eancia baseada no 5122, ele assumiu o compromisso de que vai pautar o projeto ainda no m\u00eas de mar\u00e7o\u201d, declarou.&#13;\n<\/p>\n<p style=\"text-align:justify\">Lopes afirmou que o encontro ocorreu no momento em que avan\u00e7am as atividades agr\u00edcolas no estado. \u201cQueria transmitir essa mensagem no in\u00edcio da colheita de arroz, no in\u00edcio da colheita de soja, j\u00e1 quase terminando a colheita de milho, para nossos produtores. Estamos extremamente otimistas e n\u00e3o vamos afrouxar\u201d, disse.<\/p>\n<p style=\"text-align:justify\">O presidente da entidade tamb\u00e9m destacou a participa\u00e7\u00e3o de representantes do governo estadual, do parlamento e de entidades do setor. Segundo ele, \u201cest\u00e1vamos com o secret\u00e1rio da agricultura, com a Federa\u00e7\u00e3o dos Trabalhadores na Agricultura do Rio Grande do Sul (Fetag), com o nosso parlamento, a nossa bancada e tamb\u00e9m com o nosso governador. Foi uma maturidade de entidades e da a\u00e7\u00e3o coletiva do Executivo e Legislativo na constru\u00e7\u00e3o dessa solu\u00e7\u00e3o\u201d.<\/p>\n<p style=\"text-align:justify\">Ao final da declara\u00e7\u00e3o, Lopes afirmou que a expectativa \u00e9 de avan\u00e7o nas discuss\u00f5es ainda em mar\u00e7o. \u201cSa\u00ed esperan\u00e7oso daqui para termos uma solu\u00e7\u00e3o definitiva ainda neste m\u00eas e fiz quest\u00e3o de fazer esse v\u00eddeo para passar aos nossos produtores, aos nossos sindicatos e aos nossos diretores, para que a mensagem seja transmitida a todo o setor produtivo ga\u00facho\u201d, concluiu.&#13;\n<\/p>\n<p style=\"text-align:justify\">O Projeto de Lei 5122\/2023 prev\u00ea medidas como liquida\u00e7\u00e3o, anistia, renegocia\u00e7\u00e3o e concess\u00e3o de descontos em d\u00edvidas de cr\u00e9dito rural para agricultores, pecuaristas, piscicultores, pescadores e carcinicultores, al\u00e9m de altera\u00e7\u00f5es em legisla\u00e7\u00f5es relacionadas ao refinanciamento de d\u00e9bitos do setor.<\/p>\n<p style=\"text-align:justify\"><a href=\"https:\/\/www.instagram.com\/p\/DVwE2jYgiGg\/\" target=\"_blank\" rel=\"noopener\">Clique e confira o v\u00eddeo completo<\/a><\/p>\n<p style=\"text-align:justify\">\u00a0<\/p>\n<\/p><\/div>\n<p><script data-cfasync=\"false\">\n    !function (f, b, e, v, n, t, s) {\n        if (f.fbq) return; n = f.fbq = function () {\n            n.callMethod ?\n                n.callMethod.apply(n, arguments) : n.queue.push(arguments)\n        };\n        if (!f._fbq) f._fbq = n; n.push = n; n.loaded = !0; n.version = '2.0';\n        n.queue = []; t = b.createElement(e); t.async = !0;\n        t.src = v; s = b.getElementsByTagName(e)[0];\n        s.parentNode.insertBefore(t, s)\n    }(window, document, 'script',\n        'https:\/\/connect.facebook.net\/en_US\/fbevents.js');\n    fbq('init', '522546078623747');\n    fbq('track', 'PageView');\n<\/script><script async src=\"\/\/www.instagram.com\/embed.js\"><\/script><br \/>\n<br \/><br \/>\n<br \/><a href=\"https:\/\/www.agrolink.com.br\/noticias\/farsul-ve-avanco-em-negociacao-sobre-dividas-rurais_511909.html\">Source link <\/a><\/p>\n","protected":false},"excerpt":{"rendered":"<p>O presidente da Federa\u00e7\u00e3o da Agricultura do Estado do Rio Grande do Sul (Farsul), Domingos Velho Lopes, afirmou que representantes<\/p>\n","protected":false},"author":1,"featured_media":27524,"comment_status":"open","ping_status":"open","sticky":false,"template":"","format":"standard","meta":{"_monsterinsights_skip_tracking":false,"_monsterinsights_sitenote_active":false,"_monsterinsights_sitenote_note":"","_monsterinsights_sitenote_category":0,"_uf_show_specific_survey":0,"_uf_disable_surveys":false,"footnotes":""},"categories":[8,1,14],"tags":[],"class_list":["post-27523","post","type-post","status-publish","format-standard","has-post-thumbnail","hentry","category-agro","category-news","category-politica-agro"],"_links":{"self":[{"href":"https:\/\/agromt.news\/index.php?rest_route=\/wp\/v2\/posts\/27523"}],"collection":[{"href":"https:\/\/agromt.news\/index.php?rest_route=\/wp\/v2\/posts"}],"about":[{"href":"https:\/\/agromt.news\/index.php?rest_route=\/wp\/v2\/types\/post"}],"author":[{"embeddable":true,"href":"https:\/\/agromt.news\/index.php?rest_route=\/wp\/v2\/users\/1"}],"replies":[{"embeddable":true,"href":"https:\/\/agromt.news\/index.php?rest_route=%2Fwp%2Fv2%2Fcomments&post=27523"}],"version-history":[{"count":0,"href":"https:\/\/agromt.news\/index.php?rest_route=\/wp\/v2\/posts\/27523\/revisions"}],"wp:featuredmedia":[{"embeddable":true,"href":"https:\/\/agromt.news\/index.php?rest_route=\/wp\/v2\/media\/27524"}],"wp:attachment":[{"href":"https:\/\/agromt.news\/index.php?rest_route=%2Fwp%2Fv2%2Fmedia&parent=27523"}],"wp:term":[{"taxonomy":"category","embeddable":true,"href":"https:\/\/agromt.news\/index.php?rest_route=%2Fwp%2Fv2%2Fcategories&post=27523"},{"taxonomy":"post_tag","embeddable":true,"href":"https:\/\/agromt.news\/index.php?rest_route=%2Fwp%2Fv2%2Ftags&post=27523"}],"curies":[{"name":"wp","href":"https:\/\/api.w.org\/{rel}","templated":true}]}}