{"id":27521,"date":"2026-03-12T05:27:05","date_gmt":"2026-03-12T09:27:05","guid":{"rendered":"https:\/\/agromt.news\/?p=27521"},"modified":"2026-03-12T05:27:05","modified_gmt":"2026-03-12T09:27:05","slug":"cafe-pode-ter-safra-acima-das-expectativas","status":"publish","type":"post","link":"https:\/\/agromt.news\/?p=27521","title":{"rendered":"Caf\u00e9 pode ter safra acima das expectativas"},"content":{"rendered":"<p> <br \/>\n<\/p>\n<div>\n<div class=\"row\">\n<div class=\"col-lg col-infos mt-0 mt-lg-0\">\n<div class=\"section-sub-title\">\n<p itemprop=\"description\">&#13;<br \/>\n                                O estudo analisou 81 talh\u00f5es de caf\u00e9 ar\u00e1bica &#13;\n                            <\/p>\n<\/p><\/div>\n<div class=\"container\">\n<div class=\"row\">\n<div class=\"col-lg p-0\">\n<div>\n<div class=\"block-news-main-infos mt-3 text-start\">\n<p>                                            <strong class=\"fn\" itemprop=\"author\" style=\"color: rgb(112, 112, 112); \">&#13;<br \/>\n                                                <a href=\"https:\/\/www.agrolink.com.br\/noticias\/javascript:;\" class=\"text-uppercase\" target=\"_blank\" style=\"color: rgb(112, 112, 112); \" rel=\"noopener\">Agrolink<\/a>&#13;<br \/>\n&#13;<br \/>\n                                                    &#8211; Leonardo Gottems&#13;<br \/>\n&#13;<br \/>\n                                            <\/strong><br \/>\n                                        <\/p>\n<p>                                            <abbr><time datetime=\"2026 - 03 - 11T15:12\" itemprop=\"datePublished dateModified\"> Publicado em 11\/03\/2026 \u00e0s 15:12h.<\/time><\/abbr>\n                                    <\/div>\n<\/p><\/div>\n<\/p><\/div>\n<div class=\"col-lg p-0 text-lg-end\">\n<div>\n<div id=\"mdEnviarPagina\" class=\"modal fade\" role=\"dialog\">\n<div class=\"modal-dialog\">\n<div class=\"modal-content\">\n<div class=\"modal-body\">\n<p><strong>Estimado usu\u00e1rio.<\/strong><br \/>Preencha o formul\u00e1rio abaixo para remeter a p\u00e1gina.<\/p>\n<\/p><\/div>\n<\/p><\/div>\n<\/p><\/div>\n<\/div><\/div>\n<\/p><\/div>\n<\/p><\/div>\n<\/p><\/div>\n<\/p><\/div>\n<\/p><\/div>\n<div class=\"row justify-content-md-center mt-3\">\n<div class=\"col-lg-auto col-image block-news-main-image\">\n<p>                                <img decoding=\"async\" src=\"https:\/\/www.agrolink.com.br\/upload\/imagens-resizes\/ab89f0b07d494165a3680a30c35f53ab_858x483.jpg\" class=\"lazyload img-fluid\" alt=\"O estudo analisou 81 talh\u00f5es de caf\u00e9 ar\u00e1bica \"\/><br \/>\n                                                <span class=\"d-block mt-1\">O estudo analisou 81 talh\u00f5es de caf\u00e9 ar\u00e1bica  &#8211; Foto: Divulga\u00e7\u00e3o <\/span><\/p><\/div>\n<\/p><\/div>\n<div class=\"section-description section-description-noticias mt-3\">\n<p>O monitoramento t\u00e9cnico das lavouras de caf\u00e9 aponta um cen\u00e1rio majoritariamente favor\u00e1vel para a pr\u00f3xima safra em uma importante regi\u00e3o produtora do pa\u00eds. Avalia\u00e7\u00f5es realizadas em fase decisiva do desenvolvimento das plantas indicam predomin\u00e2ncia de \u00e1reas com bom vigor vegetativo e perspectivas positivas de produtividade para o ciclo de 2026.&#13;\n<\/p>\n<p>Relat\u00f3rio de intelig\u00eancia da consultoria Safra do Caf\u00e9 indica que a safra 2026 de caf\u00e9 ar\u00e1bica no Planalto da Conquista apresenta predomin\u00e2ncia de lavouras classificadas entre alto e moderado potencial produtivo. A an\u00e1lise aponta que cerca de dois ter\u00e7os dos talh\u00f5es avaliados apresentam alto potencial produtivo, enquanto aproximadamente um ter\u00e7o foi classificado como potencial moderado, com poucos registros de baixo desempenho.<\/p>\n<p>O estudo analisou 81 talh\u00f5es de caf\u00e9 ar\u00e1bica distribu\u00eddos em sete munic\u00edpios do sudoeste da Bahia: Vit\u00f3ria da Conquista, Barra do Cho\u00e7a, Encruzilhada, Planalto, Po\u00e7\u00f5es, Nova Cana\u00e3 e Ribeir\u00e3o do Largo. Ao todo, a \u00e1rea monitorada soma 872 hectares.<\/p>\n<p>A avalia\u00e7\u00e3o foi realizada durante a fase de expans\u00e3o r\u00e1pida e grana\u00e7\u00e3o dos frutos, etapa considerada determinante para a defini\u00e7\u00e3o da produtividade da safra. Entre os munic\u00edpios monitorados, Barra do Cho\u00e7a e Po\u00e7\u00f5es concentram a maior propor\u00e7\u00e3o de talh\u00f5es classificados com alto potencial produtivo.&#13;\n<\/p>\n<p>Em Planalto, mais da metade das \u00e1reas avaliadas tamb\u00e9m aparece nessa categoria, favorecida por condi\u00e7\u00f5es t\u00e9rmicas consideradas adequadas ao cafeeiro ar\u00e1bica. Em Vit\u00f3ria da Conquista predominam \u00e1reas com potencial moderado, embora as lavouras apresentem bom vigor vegetativo e estrutura de dossel consolidada.<\/p>\n<p>O per\u00edodo analisado registrou chuvas intensas e alta umidade. Apesar de favorecer o desenvolvimento vegetativo, esse cen\u00e1rio aumenta o risco de doen\u00e7as nas lavouras, exigindo maior aten\u00e7\u00e3o ao manejo fitossanit\u00e1rio.<\/p>\n<p>&#13;<br \/>\n\u00a0<\/p>\n<\/p><\/div>\n<\/p><\/div>\n<p><script data-cfasync=\"false\">\n    !function (f, b, e, v, n, t, s) {\n        if (f.fbq) return; n = f.fbq = function () {\n            n.callMethod ?\n                n.callMethod.apply(n, arguments) : n.queue.push(arguments)\n        };\n        if (!f._fbq) f._fbq = n; n.push = n; n.loaded = !0; n.version = '2.0';\n        n.queue = []; t = b.createElement(e); t.async = !0;\n        t.src = v; s = b.getElementsByTagName(e)[0];\n        s.parentNode.insertBefore(t, s)\n    }(window, document, 'script',\n        'https:\/\/connect.facebook.net\/en_US\/fbevents.js');\n    fbq('init', '522546078623747');\n    fbq('track', 'PageView');\n<\/script><br \/>\n<br \/><br \/>\n<br \/><a href=\"https:\/\/www.agrolink.com.br\/noticias\/cafe-pode-ter-safra-acima-das-expectativas_511910.html\">Source link <\/a><\/p>\n","protected":false},"excerpt":{"rendered":"<p>&#13; O estudo analisou 81 talh\u00f5es de caf\u00e9 ar\u00e1bica &#13; &#13; Agrolink&#13; &#13; &#8211; Leonardo Gottems&#13; &#13; Publicado em 11\/03\/2026<\/p>\n","protected":false},"author":1,"featured_media":21308,"comment_status":"open","ping_status":"open","sticky":false,"template":"","format":"standard","meta":{"_monsterinsights_skip_tracking":false,"_monsterinsights_sitenote_active":false,"_monsterinsights_sitenote_note":"","_monsterinsights_sitenote_category":0,"_uf_show_specific_survey":0,"_uf_disable_surveys":false,"footnotes":""},"categories":[8,1,14],"tags":[],"class_list":["post-27521","post","type-post","status-publish","format-standard","has-post-thumbnail","hentry","category-agro","category-news","category-politica-agro"],"_links":{"self":[{"href":"https:\/\/agromt.news\/index.php?rest_route=\/wp\/v2\/posts\/27521"}],"collection":[{"href":"https:\/\/agromt.news\/index.php?rest_route=\/wp\/v2\/posts"}],"about":[{"href":"https:\/\/agromt.news\/index.php?rest_route=\/wp\/v2\/types\/post"}],"author":[{"embeddable":true,"href":"https:\/\/agromt.news\/index.php?rest_route=\/wp\/v2\/users\/1"}],"replies":[{"embeddable":true,"href":"https:\/\/agromt.news\/index.php?rest_route=%2Fwp%2Fv2%2Fcomments&post=27521"}],"version-history":[{"count":0,"href":"https:\/\/agromt.news\/index.php?rest_route=\/wp\/v2\/posts\/27521\/revisions"}],"wp:featuredmedia":[{"embeddable":true,"href":"https:\/\/agromt.news\/index.php?rest_route=\/wp\/v2\/media\/21308"}],"wp:attachment":[{"href":"https:\/\/agromt.news\/index.php?rest_route=%2Fwp%2Fv2%2Fmedia&parent=27521"}],"wp:term":[{"taxonomy":"category","embeddable":true,"href":"https:\/\/agromt.news\/index.php?rest_route=%2Fwp%2Fv2%2Fcategories&post=27521"},{"taxonomy":"post_tag","embeddable":true,"href":"https:\/\/agromt.news\/index.php?rest_route=%2Fwp%2Fv2%2Ftags&post=27521"}],"curies":[{"name":"wp","href":"https:\/\/api.w.org\/{rel}","templated":true}]}}