{"id":27519,"date":"2026-03-12T01:34:57","date_gmt":"2026-03-12T05:34:57","guid":{"rendered":"https:\/\/agromt.news\/?p=27519"},"modified":"2026-03-12T01:34:57","modified_gmt":"2026-03-12T05:34:57","slug":"conab-orienta-associacoes-do-piaui-sobre-o-paa","status":"publish","type":"post","link":"https:\/\/agromt.news\/?p=27519","title":{"rendered":"Conab orienta associa\u00e7\u00f5es do Piau\u00ed sobre o PAA"},"content":{"rendered":"<p> <br \/>\n<\/p>\n<div>\n<div class=\"row\">\n<div class=\"col-lg col-infos mt-0 mt-lg-0\">\n<div class=\"section-sub-title\">\n<p itemprop=\"description\">&#13;<br \/>\n                                Conab orienta associa\u00e7\u00f5es de Altos (PI) sobre o PAA para agricultores familiares&#13;\n                            <\/p>\n<\/p><\/div>\n<div class=\"container\">\n<div class=\"row\">\n<div class=\"col-lg p-0\">\n<div>\n<div class=\"block-news-main-infos mt-3 text-start\">\n<p>                                            <strong class=\"fn\" itemprop=\"author\" style=\"color: rgb(112, 112, 112); \">&#13;<br \/>\n                                                <a href=\"https:\/\/www.gov.br\/conab\/pt-br\/assuntos\/noticias\/piaui-associacoes-recebem-orientacoes-sobre-o-paa-no-municipio-de-altos\" class=\"text-uppercase\" target=\"_blank\" style=\"color: rgb(112, 112, 112); \" rel=\"noopener\">CONAB<\/a>&#13;<br \/>\n&#13;<br \/>\n&#13;<br \/>\n                                            <\/strong><br \/>\n                                        <\/p>\n<p>                                            <abbr><time datetime=\"2026 - 03 - 11T16:01\" itemprop=\"datePublished dateModified\"> Publicado em 11\/03\/2026 \u00e0s 16:01h.<\/time><\/abbr>\n                                    <\/div>\n<\/p><\/div>\n<\/p><\/div>\n<div class=\"col-lg p-0 text-lg-end\">\n<div>\n<div id=\"mdEnviarPagina\" class=\"modal fade\" role=\"dialog\">\n<div class=\"modal-dialog\">\n<div class=\"modal-content\">\n<div class=\"modal-body\">\n<p><strong>Estimado usu\u00e1rio.<\/strong><br \/>Preencha o formul\u00e1rio abaixo para remeter a p\u00e1gina.<\/p>\n<\/p><\/div>\n<\/p><\/div>\n<\/p><\/div>\n<\/div><\/div>\n<\/p><\/div>\n<\/p><\/div>\n<\/p><\/div>\n<\/p><\/div>\n<\/p><\/div>\n<div class=\"row justify-content-md-center mt-3\">\n<div class=\"col-lg-auto col-image block-news-main-image\">\n<p>                                <img decoding=\"async\" src=\"https:\/\/www.agrolink.com.br\/upload\/imagens-resizes\/113bc263736a463281e95d84ad1a5c67_858x483.jpg\" class=\"lazyload img-fluid\"\/><br \/>\n                                                <span class=\"publicity-photo d-block mt-1\">Foto: Pixabay<\/span><\/p><\/div>\n<\/p><\/div>\n<div class=\"section-description section-description-noticias mt-3\">\n<p style=\"text-align:justify\">A Companhia Nacional de Abastecimento (Conab) realizou, nesta segunda-feira (9), uma Visita T\u00e9cnico Orientativa (VTO) \u00e0s associa\u00e7\u00f5es do munic\u00edpio de Altos, no Piau\u00ed, no \u00e2mbito do Programa de Aquisi\u00e7\u00e3o de Alimentos (PAA), da agricultura familiar. Quem fez a visita foi o superintendente regional no estado, Danilo Viana, acompanhado da equipe da Conab. O objetivo da visita foi fortalecer e ampliar a participa\u00e7\u00e3o das associa\u00e7\u00f5es locais no programa.&#13;\n<\/p>\n<p style=\"text-align:justify\">A iniciativa teve como objetivo fortalecer a execu\u00e7\u00e3o do PAA em Altos e ampliar a participa\u00e7\u00e3o das associa\u00e7\u00f5es locais no programa, contribuindo para a gera\u00e7\u00e3o de renda para agricultores familiares e para o atendimento de fam\u00edlias em situa\u00e7\u00e3o de vulnerabilidade social.<\/p>\n<p style=\"text-align:justify\">Durante a agenda, foi feita a orienta\u00e7\u00e3o \u00e0s associa\u00e7\u00f5es sobre o funcionamento do PAA. Os participantes tamb\u00e9m discutiram as responsabilidades das entidades executoras e dos agricultores familiares participantes no Programa.<\/p>\n<p style=\"text-align:justify\">Na ocasi\u00e3o, tamb\u00e9m houve a verifica\u00e7\u00e3o do andamento das propostas cadastradas no munic\u00edpio, com destaque para a proposta da Associa\u00e7\u00e3o das Mulheres Produtoras Rurais da Comunidade Lembrada e Adjac\u00eancias. A entidade re\u00fane 20 agricultoras familiares fornecedoras e possui potencial para atendimento a cerca de 3.850 pessoas, o que corresponde a aproximadamente 960 fam\u00edlias.&#13;\n<\/p>\n<p style=\"text-align:justify\">Durante a visita tamb\u00e9m ocorreu o di\u00e1logo com representantes das cozinhas solid\u00e1rias do munic\u00edpio. Altos conta com cinco cozinhas solid\u00e1rias contempladas com alimentos da agricultura familiar. Juntas, elas possuem uma capacidade para atender 5.040 pessoas, alcan\u00e7ando aproximadamente 1.260 fam\u00edlias.<\/p>\n<\/p><\/div>\n<\/p><\/div>\n<p><script data-cfasync=\"false\">\n    !function (f, b, e, v, n, t, s) {\n        if (f.fbq) return; n = f.fbq = function () {\n            n.callMethod ?\n                n.callMethod.apply(n, arguments) : n.queue.push(arguments)\n        };\n        if (!f._fbq) f._fbq = n; n.push = n; n.loaded = !0; n.version = '2.0';\n        n.queue = []; t = b.createElement(e); t.async = !0;\n        t.src = v; s = b.getElementsByTagName(e)[0];\n        s.parentNode.insertBefore(t, s)\n    }(window, document, 'script',\n        'https:\/\/connect.facebook.net\/en_US\/fbevents.js');\n    fbq('init', '522546078623747');\n    fbq('track', 'PageView');\n<\/script><br \/>\n<br \/><br \/>\n<br \/><a href=\"https:\/\/www.agrolink.com.br\/noticias\/piaui---associacoes-recebem-orientacoes-sobre-o-paa--no-municipio-de-altos_511919.html\">Source link <\/a><\/p>\n","protected":false},"excerpt":{"rendered":"<p>&#13; Conab orienta associa\u00e7\u00f5es de Altos (PI) sobre o PAA para agricultores familiares&#13; &#13; CONAB&#13; &#13; &#13; Publicado em 11\/03\/2026<\/p>\n","protected":false},"author":1,"featured_media":4758,"comment_status":"open","ping_status":"open","sticky":false,"template":"","format":"standard","meta":{"_monsterinsights_skip_tracking":false,"_monsterinsights_sitenote_active":false,"_monsterinsights_sitenote_note":"","_monsterinsights_sitenote_category":0,"_uf_show_specific_survey":0,"_uf_disable_surveys":false,"footnotes":""},"categories":[8,1,14],"tags":[],"class_list":["post-27519","post","type-post","status-publish","format-standard","has-post-thumbnail","hentry","category-agro","category-news","category-politica-agro"],"_links":{"self":[{"href":"https:\/\/agromt.news\/index.php?rest_route=\/wp\/v2\/posts\/27519"}],"collection":[{"href":"https:\/\/agromt.news\/index.php?rest_route=\/wp\/v2\/posts"}],"about":[{"href":"https:\/\/agromt.news\/index.php?rest_route=\/wp\/v2\/types\/post"}],"author":[{"embeddable":true,"href":"https:\/\/agromt.news\/index.php?rest_route=\/wp\/v2\/users\/1"}],"replies":[{"embeddable":true,"href":"https:\/\/agromt.news\/index.php?rest_route=%2Fwp%2Fv2%2Fcomments&post=27519"}],"version-history":[{"count":0,"href":"https:\/\/agromt.news\/index.php?rest_route=\/wp\/v2\/posts\/27519\/revisions"}],"wp:featuredmedia":[{"embeddable":true,"href":"https:\/\/agromt.news\/index.php?rest_route=\/wp\/v2\/media\/4758"}],"wp:attachment":[{"href":"https:\/\/agromt.news\/index.php?rest_route=%2Fwp%2Fv2%2Fmedia&parent=27519"}],"wp:term":[{"taxonomy":"category","embeddable":true,"href":"https:\/\/agromt.news\/index.php?rest_route=%2Fwp%2Fv2%2Fcategories&post=27519"},{"taxonomy":"post_tag","embeddable":true,"href":"https:\/\/agromt.news\/index.php?rest_route=%2Fwp%2Fv2%2Ftags&post=27519"}],"curies":[{"name":"wp","href":"https:\/\/api.w.org\/{rel}","templated":true}]}}