{"id":27518,"date":"2026-03-11T23:39:01","date_gmt":"2026-03-12T03:39:01","guid":{"rendered":"https:\/\/agromt.news\/?p=27518"},"modified":"2026-03-11T23:39:01","modified_gmt":"2026-03-12T03:39:01","slug":"novo-programa-amplia-investimentos-e-atendimento-aos-produtores-rurais","status":"publish","type":"post","link":"https:\/\/agromt.news\/?p=27518","title":{"rendered":"novo programa amplia investimentos e atendimento aos produtores rurais"},"content":{"rendered":"<p> <br \/>\n<\/p>\n<div>\n<p>A Copel anunciou nesta quarta-feira (11), em Medianeira, no Oeste, a\u00a0cria\u00e7\u00e3o do Copel Agro, programa\u00a0dedicado\u00a0a produtores rurais da cadeia de prote\u00edna animal e setores com alto grau de\u00a0eletrodepend\u00eancia,\u00a0al\u00e9m de uma\u00a0nova\u00a0linha direta e exclusiva de atendimento por teleatendentes: 0800 6434 222.\u00a0&#13;\n<\/p>\n<p>O Copel Agro contar\u00e1\u00a0com equipes de teleatendentes operando 24 horas por dia, sete dias por semana, e tamb\u00e9m com o refor\u00e7o de equipes t\u00e9cnicas e de campo dedicadas ao atendimento a demandas emergenciais, \u00e0 realiza\u00e7\u00e3o de obras e o desenvolvimento de projetos e a\u00e7\u00f5es de aten\u00e7\u00e3o aos produtores rurais de todas as regi\u00f5es do Estado. Cerca de\u00a060 mil produtores que se dedicam a estas culturas eletrointensivas no Paran\u00e1\u00a0est\u00e3o cadastrados junto \u00e0 Copel. Destes, aproximadamente 50% t\u00eam propriedades nas regi\u00f5es Oeste e Sudoeste.\u00a0<\/p>\n<p>Daniel Slaviero, presidente da Copel, destacou que s\u00e3o prioridades do programa refor\u00e7ar\u00a0o primeiro atendimento, maior agilidade no restabelecimento de energia, redu\u00e7\u00e3o de interrup\u00e7\u00f5es\u00a0tempor\u00e1rias e ocorr\u00eancias de\u00a0desligamentos\u00a0pelo efeito de carga ou gera\u00e7\u00e3o distribu\u00edda \u00e0 revelia\u00a0e cria\u00e7\u00e3o de op\u00e7\u00f5es de redund\u00e2ncia em instala\u00e7\u00f5es cr\u00edticas com\u00a0financiamento de\u00a0um plano de instala\u00e7\u00e3o de baterias.\u00a0<\/p>\n<p>\u201cTemos plena consci\u00eancia da nossa responsabilidade diante dos desafios do setor el\u00e9trico e das demandas crescentes do campo e da produ\u00e7\u00e3o paranaense. Por isso, a Copel vem lan\u00e7ando uma s\u00e9rie de medidas estruturantes para enfrentar esse cen\u00e1rio e garantir energia de qualidade para o desenvolvimento do nosso Estado\u201d, destacou.\u00a0O an\u00fancio foi feito a lideran\u00e7as do setor cooperativista da regi\u00e3o\u00a0durante reuni\u00e3o regional do Sistema\u00a0Ocepar\u00a0na sede da Cooperativa Lar.\u00a0<\/p>\n<p>&#8220;Quando investimos em energia, estamos investindo em crescimento, competitividade e, principalmente, na melhoria da qualidade de vida das pessoas\u201d, afirmou o presidente.\u00a0<\/p>\n<p>O presidente da Lar Cooperativa Agroindustrial,\u00a0Irineo\u00a0da Costa Rodrigues, destacou que o forte crescimento econ\u00f4mico da regi\u00e3o tem aumentado a demanda por energia el\u00e9trica. Segundo ele, esse cen\u00e1rio j\u00e1 foi levado \u00e0 dire\u00e7\u00e3o da Copel, especialmente \u00e0 \u00e1rea de distribui\u00e7\u00e3o, que tem se mostrado aberta ao di\u00e1logo com cooperativas e lideran\u00e7as do setor produtivo. \u201cA Copel veio ouvir os produtores, est\u00e1 mais pr\u00f3xima e abriu um canal chamado Copel Agro, que vai estabelecer uma conex\u00e3o para ouvir, para agir mais r\u00e1pido\u201d, afirmou.\u00a0&#13;\n<\/p>\n<p>&#8220;A energia el\u00e9trica \u00e9 um fator essencial para o desenvolvimento do agroneg\u00f3cio e para a competitividade das cooperativas paranaenses. O di\u00e1logo permanente entre a Copel e o cooperativismo \u00e9 fundamental para alinhar demandas e buscar solu\u00e7\u00f5es conjuntas. Essa parceria contribui diretamente para o crescimento do agroneg\u00f3cio, para o fortalecimento das cooperativas e para o desenvolvimento sustent\u00e1vel do Paran\u00e1\u201d,\u00a0completou\u00a0o presidente do Sistema\u00a0Ocepar, Jos\u00e9 Roberto\u00a0Ricken.<\/p>\n<p>COPEL AGRO\u00a0\u2013\u00a0Pelo n\u00famero 0800 6434 222, com in\u00edcio de opera\u00e7\u00e3o previsto para o m\u00eas de abril, uma equipe de teleatendentes\u00a0ir\u00e1 receber as demandas dos produtores rurais e direcionar o atendimento com agilidade. Por esta estrutura,\u00a0em casos de\u00a0interrup\u00e7\u00f5es de energia,\u00a0o cliente rural\u00a0receber\u00e1 informa\u00e7\u00f5es\u00a0da\u00a0previs\u00e3o do tempo de religamento.\u00a0\u00a0<\/p>\n<p>Para o fortalecimento do primeiro atendimento haver\u00e1 o refor\u00e7o do efetivo de eletricistas, com 50 equipes pr\u00f3prias atuando em sete bases estrat\u00e9gicas.\u00a0O programa ainda contar\u00e1 com uma c\u00e9lula de monitoramento junto ao Centro de Controle da Copel\u00a0com vistas a garantir agilidade no restabelecimento da energia\u00a0em casos de interrup\u00e7\u00f5es.\u00a0<\/p>\n<p>Como parte do\u00a0Copel Agro,\u00a0ser\u00e1 colocado em opera\u00e7\u00e3o um\u00a0Plano de Manuten\u00e7\u00e3o\u00a0de estruturas\u00a0com prioriza\u00e7\u00e3o de obras de melhorias\u00a0de curto prazo\u00a0integrado a\u00a0mutir\u00f5es\u00a0de poda e preven\u00e7\u00e3o do contato\u00a0da vegeta\u00e7\u00e3o com a rede el\u00e9trica, que hoje responde por 40% dos casos de desligamentos.\u00a0&#13;\n<\/p>\n<p>Para reduzir os efeitos de desligamentos tempor\u00e1rios\u00a0decorrentes de instala\u00e7\u00f5es de carga e gera\u00e7\u00e3o distribu\u00edda irregulares,\u00a0equipes da Copel far\u00e3o um censo e levantamento de campo\u00a0em \u00e1reas de\u00a0consumo. As a\u00e7\u00f5es preveem\u00a0visitas orientativas para a adequa\u00e7\u00e3o de carga e\u00a0gera\u00e7\u00e3o distribu\u00edda (GD);\u00a0e\u00a0parcerias\u00a0com cooperativas e sindicatos para o repasse de informa\u00e7\u00f5es t\u00e9cnicas e treinamentos.\u00a0\u00a0<\/p>\n<p>O Copel Agro prev\u00ea ainda o refor\u00e7o no incentivo \u00e0 conex\u00e3o \u00e0 nova rede trif\u00e1sica, por interm\u00e9dio do projeto Se Liga A\u00ed, Paran\u00e1! e a defini\u00e7\u00e3o de iniciativas de suporte\u00a0ao produtor com subs\u00eddios \u00e0\u00a0substitui\u00e7\u00e3o de motores e \u00e0 aquisi\u00e7\u00e3o de baterias com recursos do Programa de Efici\u00eancia Energ\u00e9tica da Copel.\u00a0\u00a0\u00a0<\/p>\n<\/p><\/div>\n<p><script data-cfasync=\"false\">\n    !function (f, b, e, v, n, t, s) {\n        if (f.fbq) return; n = f.fbq = function () {\n            n.callMethod ?\n                n.callMethod.apply(n, arguments) : n.queue.push(arguments)\n        };\n        if (!f._fbq) f._fbq = n; n.push = n; n.loaded = !0; n.version = '2.0';\n        n.queue = []; t = b.createElement(e); t.async = !0;\n        t.src = v; s = b.getElementsByTagName(e)[0];\n        s.parentNode.insertBefore(t, s)\n    }(window, document, 'script',\n        'https:\/\/connect.facebook.net\/en_US\/fbevents.js');\n    fbq('init', '522546078623747');\n    fbq('track', 'PageView');\n<\/script><br \/>\n<br \/><br \/>\n<br \/><a href=\"https:\/\/www.agrolink.com.br\/noticias\/copel-agro--novo-programa-amplia-investimentos-e-atendimento-aos-produtores-rurais_511918.html\">Source link <\/a><\/p>\n","protected":false},"excerpt":{"rendered":"<p>A Copel anunciou nesta quarta-feira (11), em Medianeira, no Oeste, a\u00a0cria\u00e7\u00e3o do Copel Agro, programa\u00a0dedicado\u00a0a produtores rurais da cadeia de<\/p>\n","protected":false},"author":1,"featured_media":7795,"comment_status":"open","ping_status":"open","sticky":false,"template":"","format":"standard","meta":{"_monsterinsights_skip_tracking":false,"_monsterinsights_sitenote_active":false,"_monsterinsights_sitenote_note":"","_monsterinsights_sitenote_category":0,"_uf_show_specific_survey":0,"_uf_disable_surveys":false,"footnotes":""},"categories":[8,1,14],"tags":[],"class_list":["post-27518","post","type-post","status-publish","format-standard","has-post-thumbnail","hentry","category-agro","category-news","category-politica-agro"],"_links":{"self":[{"href":"https:\/\/agromt.news\/index.php?rest_route=\/wp\/v2\/posts\/27518"}],"collection":[{"href":"https:\/\/agromt.news\/index.php?rest_route=\/wp\/v2\/posts"}],"about":[{"href":"https:\/\/agromt.news\/index.php?rest_route=\/wp\/v2\/types\/post"}],"author":[{"embeddable":true,"href":"https:\/\/agromt.news\/index.php?rest_route=\/wp\/v2\/users\/1"}],"replies":[{"embeddable":true,"href":"https:\/\/agromt.news\/index.php?rest_route=%2Fwp%2Fv2%2Fcomments&post=27518"}],"version-history":[{"count":0,"href":"https:\/\/agromt.news\/index.php?rest_route=\/wp\/v2\/posts\/27518\/revisions"}],"wp:featuredmedia":[{"embeddable":true,"href":"https:\/\/agromt.news\/index.php?rest_route=\/wp\/v2\/media\/7795"}],"wp:attachment":[{"href":"https:\/\/agromt.news\/index.php?rest_route=%2Fwp%2Fv2%2Fmedia&parent=27518"}],"wp:term":[{"taxonomy":"category","embeddable":true,"href":"https:\/\/agromt.news\/index.php?rest_route=%2Fwp%2Fv2%2Fcategories&post=27518"},{"taxonomy":"post_tag","embeddable":true,"href":"https:\/\/agromt.news\/index.php?rest_route=%2Fwp%2Fv2%2Ftags&post=27518"}],"curies":[{"name":"wp","href":"https:\/\/api.w.org\/{rel}","templated":true}]}}