{"id":27517,"date":"2026-03-11T21:43:20","date_gmt":"2026-03-12T01:43:20","guid":{"rendered":"https:\/\/agromt.news\/?p=27517"},"modified":"2026-03-11T21:43:20","modified_gmt":"2026-03-12T01:43:20","slug":"abate-de-bovinos-recua-em-fevereiro-no-mato-grosso","status":"publish","type":"post","link":"https:\/\/agromt.news\/?p=27517","title":{"rendered":"Abate de bovinos recua em fevereiro no Mato Grosso"},"content":{"rendered":"<p> <br \/>\n<\/p>\n<div>\n<div class=\"row\">\n<div class=\"col-lg col-infos mt-0 mt-lg-0\">\n<div class=\"section-sub-title\">\n<p itemprop=\"description\">&#13;<br \/>\n                                Mato Grosso abate 566 mil bovinos em fevereiro&#13;\n                            <\/p>\n<\/p><\/div>\n<div class=\"container\">\n<div class=\"row\">\n<div class=\"col-lg p-0\">\n<div>\n<div class=\"block-news-main-infos mt-3 text-start\">\n<p>                                            <strong class=\"fn\" itemprop=\"author\" style=\"color: rgb(112, 112, 112); \">&#13;<br \/>\n                                                <a href=\"https:\/\/www.agrolink.com.br\/noticias\/javascript:;\" class=\"text-uppercase\" target=\"_blank\" style=\"color: rgb(112, 112, 112); \" rel=\"noopener\">Agrolink<\/a>&#13;<br \/>\n&#13;<br \/>\n                                                    &#8211; Seane Lennon&#13;<br \/>\n&#13;<br \/>\n                                            <\/strong><br \/>\n                                        <\/p>\n<p>                                            <abbr><time datetime=\"2026 - 03 - 11T16:14\" itemprop=\"datePublished dateModified\"> Publicado em 11\/03\/2026 \u00e0s 16:14h.<\/time><\/abbr>\n                                    <\/div>\n<\/p><\/div>\n<\/p><\/div>\n<div class=\"col-lg p-0 text-lg-end\">\n<div>\n<div id=\"mdEnviarPagina\" class=\"modal fade\" role=\"dialog\">\n<div class=\"modal-dialog\">\n<div class=\"modal-content\">\n<div class=\"modal-body\">\n<p><strong>Estimado usu\u00e1rio.<\/strong><br \/>Preencha o formul\u00e1rio abaixo para remeter a p\u00e1gina.<\/p>\n<\/p><\/div>\n<\/p><\/div>\n<\/p><\/div>\n<\/div><\/div>\n<\/p><\/div>\n<\/p><\/div>\n<\/p><\/div>\n<\/p><\/div>\n<\/p><\/div>\n<div class=\"row justify-content-md-center mt-3\">\n<div class=\"col-lg-auto col-image block-news-main-image\">\n<p>                                <img decoding=\"async\" src=\"https:\/\/www.agrolink.com.br\/upload\/imagens-resizes\/04b61f9a782d4e75a310a892cc7c6a43_858x483.jpg\" class=\"lazyload img-fluid\"\/><br \/>\n                                                <span class=\"publicity-photo d-block mt-1\">Foto: Divulga\u00e7\u00e3o<\/span><\/p><\/div>\n<\/p><\/div>\n<div class=\"section-description section-description-noticias mt-3\">\n<p style=\"text-align:justify\">O abate de bovinos em Mato Grosso registrou recuo em fevereiro de 2026, segundo an\u00e1lise divulgada na segunda-feira (9) pelo Instituto Mato-Grossense de Economia Agropecu\u00e1ria (Imea). De acordo com o instituto, \u201cem fev\/26, foram abatidas 566,58 mil cabe\u00e7as de bovinos em Mato Grosso\u201d, volume 11,61% inferior ao registrado em janeiro, conforme dados do Instituto de Defesa Agropecu\u00e1ria de Mato Grosso (Indea).&#13;\n<\/p>\n<p style=\"text-align:justify\">Apesar da queda mensal, o levantamento indica que o resultado foi o segundo maior da s\u00e9rie hist\u00f3rica para o m\u00eas de fevereiro, ficando atr\u00e1s apenas do registrado em 2024. Segundo a an\u00e1lise do Instituto Mato-Grossense de Economia Agropecu\u00e1ria, \u201cdo total abatido, os machos somaram 266,92 mil cabe\u00e7as, correspondendo a 47,11% do volume\u201d, o que representa recuo de 19,23% em rela\u00e7\u00e3o ao m\u00eas anterior.&#13;\n<\/p>\n<p style=\"text-align:justify\">O relat\u00f3rio aponta que o abate de f\u00eameas totalizou 299,66 mil cabe\u00e7as, com queda de 3,51% no mesmo comparativo mensal. Conforme o instituto, \u201cas f\u00eameas representaram 52,89% dos abates\u201d, indicando participa\u00e7\u00e3o maior no total abatido no estado.<\/p>\n<p style=\"text-align:justify\">Mesmo com a redu\u00e7\u00e3o nas duas categorias, a an\u00e1lise destaca que a disponibilidade de machos caiu de forma mais intensa, o que ampliou a participa\u00e7\u00e3o das f\u00eameas no volume total. De acordo com o Instituto Mato-Grossense de Economia Agropecu\u00e1ria, \u201cesse cen\u00e1rio de menor oferta no m\u00eas, aliado \u00e0 demanda externa firme, influenciou no fortalecimento dos pre\u00e7os da arroba do boi gordo no mercado interno no per\u00edodo\u201d.&#13;\n<\/p>\n<\/p><\/div>\n<\/p><\/div>\n<p><script data-cfasync=\"false\">\n    !function (f, b, e, v, n, t, s) {\n        if (f.fbq) return; n = f.fbq = function () {\n            n.callMethod ?\n                n.callMethod.apply(n, arguments) : n.queue.push(arguments)\n        };\n        if (!f._fbq) f._fbq = n; n.push = n; n.loaded = !0; n.version = '2.0';\n        n.queue = []; t = b.createElement(e); t.async = !0;\n        t.src = v; s = b.getElementsByTagName(e)[0];\n        s.parentNode.insertBefore(t, s)\n    }(window, document, 'script',\n        'https:\/\/connect.facebook.net\/en_US\/fbevents.js');\n    fbq('init', '522546078623747');\n    fbq('track', 'PageView');\n<\/script><br \/>\n<br \/><br \/>\n<br \/><a href=\"https:\/\/www.agrolink.com.br\/noticias\/abate-de-bovinos-recua-em-fevereiro-no-mato-grosso_511920.html\">Source link <\/a><\/p>\n","protected":false},"excerpt":{"rendered":"<p>&#13; Mato Grosso abate 566 mil bovinos em fevereiro&#13; &#13; Agrolink&#13; &#13; &#8211; Seane Lennon&#13; &#13; Publicado em 11\/03\/2026 \u00e0s<\/p>\n","protected":false},"author":1,"featured_media":639,"comment_status":"open","ping_status":"open","sticky":false,"template":"","format":"standard","meta":{"_monsterinsights_skip_tracking":false,"_monsterinsights_sitenote_active":false,"_monsterinsights_sitenote_note":"","_monsterinsights_sitenote_category":0,"_uf_show_specific_survey":0,"_uf_disable_surveys":false,"footnotes":""},"categories":[8,1,14],"tags":[],"class_list":["post-27517","post","type-post","status-publish","format-standard","has-post-thumbnail","hentry","category-agro","category-news","category-politica-agro"],"_links":{"self":[{"href":"https:\/\/agromt.news\/index.php?rest_route=\/wp\/v2\/posts\/27517"}],"collection":[{"href":"https:\/\/agromt.news\/index.php?rest_route=\/wp\/v2\/posts"}],"about":[{"href":"https:\/\/agromt.news\/index.php?rest_route=\/wp\/v2\/types\/post"}],"author":[{"embeddable":true,"href":"https:\/\/agromt.news\/index.php?rest_route=\/wp\/v2\/users\/1"}],"replies":[{"embeddable":true,"href":"https:\/\/agromt.news\/index.php?rest_route=%2Fwp%2Fv2%2Fcomments&post=27517"}],"version-history":[{"count":0,"href":"https:\/\/agromt.news\/index.php?rest_route=\/wp\/v2\/posts\/27517\/revisions"}],"wp:featuredmedia":[{"embeddable":true,"href":"https:\/\/agromt.news\/index.php?rest_route=\/wp\/v2\/media\/639"}],"wp:attachment":[{"href":"https:\/\/agromt.news\/index.php?rest_route=%2Fwp%2Fv2%2Fmedia&parent=27517"}],"wp:term":[{"taxonomy":"category","embeddable":true,"href":"https:\/\/agromt.news\/index.php?rest_route=%2Fwp%2Fv2%2Fcategories&post=27517"},{"taxonomy":"post_tag","embeddable":true,"href":"https:\/\/agromt.news\/index.php?rest_route=%2Fwp%2Fv2%2Ftags&post=27517"}],"curies":[{"name":"wp","href":"https:\/\/api.w.org\/{rel}","templated":true}]}}