{"id":27514,"date":"2026-03-11T19:46:09","date_gmt":"2026-03-11T23:46:09","guid":{"rendered":"https:\/\/agromt.news\/?p=27514"},"modified":"2026-03-11T19:46:09","modified_gmt":"2026-03-11T23:46:09","slug":"brasil-exporta-155-milhao-de-tonelada-de-milho-em-fevereiro","status":"publish","type":"post","link":"https:\/\/agromt.news\/?p=27514","title":{"rendered":"Brasil exporta 1,55 milh\u00e3o de tonelada de milho em fevereiro"},"content":{"rendered":"<p> <br \/>\n<\/p>\n<div>\n<div class=\"row\">\n<div class=\"col-lg col-infos mt-0 mt-lg-0\">\n<div class=\"section-sub-title\">\n<p itemprop=\"description\">&#13;<br \/>\n                                Ir\u00e3, Egito e Vietn\u00e3 lideram compras de milho&#13;\n                            <\/p>\n<\/p><\/div>\n<div class=\"container\">\n<div class=\"row\">\n<div class=\"col-lg p-0\">\n<div>\n<div class=\"block-news-main-infos mt-3 text-start\">\n<p>                                            <strong class=\"fn\" itemprop=\"author\" style=\"color: rgb(112, 112, 112); \">&#13;<br \/>\n                                                <a href=\"https:\/\/www.agrolink.com.br\/noticias\/javascript:;\" class=\"text-uppercase\" target=\"_blank\" style=\"color: rgb(112, 112, 112); \" rel=\"noopener\">Agrolink<\/a>&#13;<br \/>\n&#13;<br \/>\n                                                    &#8211; Seane Lennon&#13;<br \/>\n&#13;<br \/>\n                                            <\/strong><br \/>\n                                        <\/p>\n<p>                                            <abbr><time datetime=\"2026 - 03 - 11T17:05\" itemprop=\"datePublished dateModified\"> Publicado em 11\/03\/2026 \u00e0s 17:05h.<\/time><\/abbr>\n                                    <\/div>\n<\/p><\/div>\n<\/p><\/div>\n<div class=\"col-lg p-0 text-lg-end\">\n<div>\n<div id=\"mdEnviarPagina\" class=\"modal fade\" role=\"dialog\">\n<div class=\"modal-dialog\">\n<div class=\"modal-content\">\n<div class=\"modal-body\">\n<p><strong>Estimado usu\u00e1rio.<\/strong><br \/>Preencha o formul\u00e1rio abaixo para remeter a p\u00e1gina.<\/p>\n<\/p><\/div>\n<\/p><\/div>\n<\/p><\/div>\n<\/div><\/div>\n<\/p><\/div>\n<\/p><\/div>\n<\/p><\/div>\n<\/p><\/div>\n<\/p><\/div>\n<div class=\"row justify-content-md-center mt-3\">\n<div class=\"col-lg-auto col-image block-news-main-image\">\n<p>                                <img decoding=\"async\" src=\"https:\/\/www.agrolink.com.br\/upload\/imagens-resizes\/fe336544b8134c1583b17846c87053a8_858x483.jpg\" class=\"lazyload img-fluid\"\/><br \/>\n                                                <span class=\"publicity-photo d-block mt-1\">Foto: Pixabay<\/span><\/p><\/div>\n<\/p><\/div>\n<div class=\"section-description section-description-noticias mt-3\">\n<p style=\"text-align:justify\">A exporta\u00e7\u00e3o de milho do Brasil apresentou recuo em fevereiro de 2026, segundo an\u00e1lise divulgada na segunda-feira (9) pelo Instituto Mato-Grossense de Economia Agropecu\u00e1ria (Imea), com base em dados da Secretaria de Com\u00e9rcio Exterior (Secex). As informa\u00e7\u00f5es foram publicadas pela secretaria na quinta-feira (5).&#13;\n<\/p>\n<p style=\"text-align:justify\">De acordo com o levantamento, o pa\u00eds embarcou 1,55 milh\u00e3o de toneladas do cereal no per\u00edodo, volume 63,47% menor em compara\u00e7\u00e3o ao registrado no m\u00eas anterior. No estado de Mato Grosso, o total exportado tamb\u00e9m apresentou retra\u00e7\u00e3o, somando 504,34 mil toneladas. Segundo o Instituto Mato-Grossense de Economia Agropecu\u00e1ria, \u201co volume representa uma queda de 81,07% em rela\u00e7\u00e3o a jan\/26\u201d.<\/p>\n<p style=\"text-align:justify\">O instituto destaca que o movimento \u00e9 comum neste per\u00edodo do ano. Conforme a an\u00e1lise, \u201centre fevereiro e junho \u00e9 esperado um menor volume exportado de milho, em raz\u00e3o da entressafra do gr\u00e3o e do redirecionamento da log\u00edstica para o escoamento da soja\u201d.&#13;\n<\/p>\n<p style=\"text-align:justify\">Ainda segundo o relat\u00f3rio, o avan\u00e7o da colheita de soja tende a concentrar a estrutura log\u00edstica na exporta\u00e7\u00e3o da oleaginosa, que ganha ritmo de comercializa\u00e7\u00e3o neste per\u00edodo. \u201cO redirecionamento da log\u00edstica ocorre com o aumento do escoamento da soja\u201d, aponta o levantamento.<\/p>\n<p style=\"text-align:justify\">Entre julho de 2025 e fevereiro de 2026, alguns mercados se destacaram como principais destinos do milho brasileiro. De acordo com o Instituto Mato-Grossense de Economia Agropecu\u00e1ria, Ir\u00e3, Egito e Vietn\u00e3 concentraram as compras do cereal exportado pelo Brasil e por Mato Grosso.&#13;\n<\/p>\n<p style=\"text-align:justify\">O instituto avalia que a demanda desses pa\u00edses est\u00e1 relacionada ao uso do milho na produ\u00e7\u00e3o de ra\u00e7\u00e3o animal e \u00e0 menor disponibilidade de produ\u00e7\u00e3o local para atender ao consumo interno.<\/p>\n<\/p><\/div>\n<\/p><\/div>\n<p><script data-cfasync=\"false\">\n    !function (f, b, e, v, n, t, s) {\n        if (f.fbq) return; n = f.fbq = function () {\n            n.callMethod ?\n                n.callMethod.apply(n, arguments) : n.queue.push(arguments)\n        };\n        if (!f._fbq) f._fbq = n; n.push = n; n.loaded = !0; n.version = '2.0';\n        n.queue = []; t = b.createElement(e); t.async = !0;\n        t.src = v; s = b.getElementsByTagName(e)[0];\n        s.parentNode.insertBefore(t, s)\n    }(window, document, 'script',\n        'https:\/\/connect.facebook.net\/en_US\/fbevents.js');\n    fbq('init', '522546078623747');\n    fbq('track', 'PageView');\n<\/script><br \/>\n<br \/><br \/>\n<br \/><a href=\"https:\/\/www.agrolink.com.br\/noticias\/brasil-exporta-1-55-milhao-de-tonelada-de-milho-em-fevereiro_511924.html\">Source link <\/a><\/p>\n","protected":false},"excerpt":{"rendered":"<p>&#13; Ir\u00e3, Egito e Vietn\u00e3 lideram compras de milho&#13; &#13; Agrolink&#13; &#13; &#8211; Seane Lennon&#13; &#13; Publicado em 11\/03\/2026 \u00e0s<\/p>\n","protected":false},"author":1,"featured_media":5644,"comment_status":"open","ping_status":"open","sticky":false,"template":"","format":"standard","meta":{"_monsterinsights_skip_tracking":false,"_monsterinsights_sitenote_active":false,"_monsterinsights_sitenote_note":"","_monsterinsights_sitenote_category":0,"_uf_show_specific_survey":0,"_uf_disable_surveys":false,"footnotes":""},"categories":[8,1,14],"tags":[],"class_list":["post-27514","post","type-post","status-publish","format-standard","has-post-thumbnail","hentry","category-agro","category-news","category-politica-agro"],"_links":{"self":[{"href":"https:\/\/agromt.news\/index.php?rest_route=\/wp\/v2\/posts\/27514"}],"collection":[{"href":"https:\/\/agromt.news\/index.php?rest_route=\/wp\/v2\/posts"}],"about":[{"href":"https:\/\/agromt.news\/index.php?rest_route=\/wp\/v2\/types\/post"}],"author":[{"embeddable":true,"href":"https:\/\/agromt.news\/index.php?rest_route=\/wp\/v2\/users\/1"}],"replies":[{"embeddable":true,"href":"https:\/\/agromt.news\/index.php?rest_route=%2Fwp%2Fv2%2Fcomments&post=27514"}],"version-history":[{"count":0,"href":"https:\/\/agromt.news\/index.php?rest_route=\/wp\/v2\/posts\/27514\/revisions"}],"wp:featuredmedia":[{"embeddable":true,"href":"https:\/\/agromt.news\/index.php?rest_route=\/wp\/v2\/media\/5644"}],"wp:attachment":[{"href":"https:\/\/agromt.news\/index.php?rest_route=%2Fwp%2Fv2%2Fmedia&parent=27514"}],"wp:term":[{"taxonomy":"category","embeddable":true,"href":"https:\/\/agromt.news\/index.php?rest_route=%2Fwp%2Fv2%2Fcategories&post=27514"},{"taxonomy":"post_tag","embeddable":true,"href":"https:\/\/agromt.news\/index.php?rest_route=%2Fwp%2Fv2%2Ftags&post=27514"}],"curies":[{"name":"wp","href":"https:\/\/api.w.org\/{rel}","templated":true}]}}